{"id":195476,"date":"2025-06-22T08:56:11","date_gmt":"2025-06-22T08:56:11","guid":{"rendered":"https:\/\/www.europesays.com\/fr\/195476\/"},"modified":"2025-06-22T08:56:11","modified_gmt":"2025-06-22T08:56:11","slug":"lexposition-cliches-2025-une-invitation-au-voyage-et-au-reve-a-issoudun","status":"publish","type":"post","link":"https:\/\/www.europesays.com\/fr\/195476\/","title":{"rendered":"L\u2019exposition \u00ab\u00a0Clich\u00e9s 2025\u00a0\u00bb, une invitation au voyage et au r\u00eave, \u00e0 Issoudun"},"content":{"rendered":"<p>Vendredi 13\u00a0juin 2025, l\u2019\u00e9quipe de la Meli et les membres du Club photo (1) ont proc\u00e9d\u00e9 au vernissage de leur exposition, en pr\u00e9sence d\u2019Andr\u00e9 Laignel, maire d\u2019Issoudun, et de nombreux invit\u00e9s. Une nouvelle fois, l\u2019ensemble des clich\u00e9s pr\u00e9sent\u00e9s\u00a0invitent \u00e0 l\u2019\u00e9vasion, au voyage, et l\u2019invit\u00e9e, Patricia Mercier, plonge le public dans l\u2019imaginaire, le r\u00eave&#8230;. <\/p>\n<p>    Cet article a \u00e9t\u00e9 tronqu\u00e9. Abonnez-vous pour lire l&rsquo;article complet sur notre site.<\/p>\n<p style=\"margin: 0 !important; padding: 0 !important; font-size: 12px !important;\">Cet article a \u00e9t\u00e9 tronqu\u00e9. Abonnez-vous pour lire l&rsquo;article complet.<\/p>\n<p>    <a href=\"https:\/\/www.lanouvellerepublique.fr\/abonnements\" style=\"display: inline-block; margin-top: 5px !important; padding: 6px 12px !important; background: #cb1c27; color: white; text-decoration: none; border-radius: 4px; font-size: 12px !important;\" rel=\"nofollow noopener\" target=\"_blank\"><br \/>\n      S&rsquo;abonner<br \/>\n    <\/a><\/p>\n","protected":false},"excerpt":{"rendered":"Vendredi 13\u00a0juin 2025, l\u2019\u00e9quipe de la Meli et les membres du Club photo (1) ont proc\u00e9d\u00e9 au vernissage&hellip;\n","protected":false},"author":2,"featured_media":195477,"comment_status":"","ping_status":"","sticky":false,"template":"","format":"standard","meta":{"footnotes":""},"categories":[1358],"tags":[1392,1348,1384,1385,1674,1386,58,59,1349,1011,27,10802,1393],"class_list":{"0":"post-195476","1":"post","2":"type-post","3":"status-publish","4":"format-standard","5":"has-post-thumbnail","7":"category-arts-et-design","8":"tag-a-la-une-local","9":"tag-arts","10":"tag-arts-and-design","11":"tag-arts-et-design","12":"tag-communes","13":"tag-design","14":"tag-divertissement","15":"tag-entertainment","16":"tag-expositions","17":"tag-fr","18":"tag-france","19":"tag-issoudun","20":"tag-loisirs"},"share_on_mastodon":{"url":"https:\/\/pubeurope.com\/@fr\/114726186813659339","error":""},"_links":{"self":[{"href":"https:\/\/www.europesays.com\/fr\/wp-json\/wp\/v2\/posts\/195476","targetHints":{"allow":["GET"]}}],"collection":[{"href":"https:\/\/www.europesays.com\/fr\/wp-json\/wp\/v2\/posts"}],"about":[{"href":"https:\/\/www.europesays.com\/fr\/wp-json\/wp\/v2\/types\/post"}],"author":[{"embeddable":true,"href":"https:\/\/www.europesays.com\/fr\/wp-json\/wp\/v2\/users\/2"}],"replies":[{"embeddable":true,"href":"https:\/\/www.europesays.com\/fr\/wp-json\/wp\/v2\/comments?post=195476"}],"version-history":[{"count":0,"href":"https:\/\/www.europesays.com\/fr\/wp-json\/wp\/v2\/posts\/195476\/revisions"}],"wp:featuredmedia":[{"embeddable":true,"href":"https:\/\/www.europesays.com\/fr\/wp-json\/wp\/v2\/media\/195477"}],"wp:attachment":[{"href":"https:\/\/www.europesays.com\/fr\/wp-json\/wp\/v2\/media?parent=195476"}],"wp:term":[{"taxonomy":"category","embeddable":true,"href":"https:\/\/www.europesays.com\/fr\/wp-json\/wp\/v2\/categories?post=195476"},{"taxonomy":"post_tag","embeddable":true,"href":"https:\/\/www.europesays.com\/fr\/wp-json\/wp\/v2\/tags?post=195476"}],"curies":[{"name":"wp","href":"https:\/\/api.w.org\/{rel}","templated":true}]}}