{"id":195480,"date":"2025-06-22T08:58:11","date_gmt":"2025-06-22T08:58:11","guid":{"rendered":"https:\/\/www.europesays.com\/fr\/195480\/"},"modified":"2025-06-22T08:58:11","modified_gmt":"2025-06-22T08:58:11","slug":"avant-premiere-familles-nombreuses-la-vie-en-xxl-du-24-juin-2025-episode-103-familles-nombreuses-la-vie-en-xxl","status":"publish","type":"post","link":"https:\/\/www.europesays.com\/fr\/195480\/","title":{"rendered":"Avant-premi\u00e8re &#8211; Familles nombreuses : la vie en XXL du 24 juin 2025 &#8211; Episode 103 &#8211; Familles nombreuses : la vie en XXL"},"content":{"rendered":"<p id=\"descriptionPanel\" aria-labelledby=\"descriptionArrow\" aria-expanded=\"false\" class=\"mr-2 line-clamp-2 pr-2.5 text-secondary overflow-visible\">C&rsquo;est le grand jour chez les Provench\u00e8re ! Il est temps de se diriger vers le chemin de l&rsquo;\u00e9cole pour les tripl\u00e9es et Nolann. Aujourd&rsquo;hui, les Romero vont \u00e0 la feria d&rsquo;Arles tous ensemble. Tout le monde s&rsquo;appr\u00eate pour profiter du soleil et des animations. Au programme chez la famille Perside, c&rsquo;est pr\u00e9paration du K\u00e9fir, une boisson ferment\u00e9e l\u00e9g\u00e8rement gazeuse qu&rsquo;ils consomment pendant les repas. Du c\u00f4t\u00e9 des Fanich, le soleil est de retour pour la deuxi\u00e8me journ\u00e9e \u00e0 la montagne. Les enfants sont tr\u00e8s contents de pouvoir se baigner dans le lac. Familles nombreuses : la vie en XXL. Saison 09 \u00c9pisode 103<\/p>\n<p><a class=\"shrink-0\" href=\"https:\/\/www.tf1.fr\/tf1\/les-familles-nombreuses-la-vie-en-xxl\" target=\"_blank\" rel=\"noopener\"><img decoding=\"async\" src=\"https:\/\/www.europesays.com\/fr\/wp-content\/uploads\/2025\/05\/1747760056_399_program-card-portrait-1-famille-ballot-3ae008-57ead5-0@1x.jpg\" width=\"138\" height=\"184\" alt=\"\" loading=\"eager\" fetchpriority=\"auto\" class=\"aspect-[3\/4] h-24 w-auto rounded-3px\" aria-hidden=\"true\"\/><\/a><\/p>\n","protected":false},"excerpt":{"rendered":"C&rsquo;est le grand jour chez les Provench\u00e8re ! Il est temps de se diriger vers le chemin de&hellip;\n","protected":false},"author":2,"featured_media":195481,"comment_status":"","ping_status":"","sticky":false,"template":"","format":"standard","meta":{"footnotes":""},"categories":[1356],"tags":[58,59,1365,21484,4980,21485,1011,27,6163,252,1364,21487,21486],"class_list":{"0":"post-195480","1":"post","2":"type-post","3":"status-publish","4":"format-standard","5":"has-post-thumbnail","7":"category-television","8":"tag-divertissement","9":"tag-entertainment","10":"tag-episode","11":"tag-episode-familles-nombreuses-la-vie-en-xxl","12":"tag-familles-nombreuses-la-vie-en-xxl","13":"tag-familles-nombreuses-la-vie-en-xxl-episode","14":"tag-fr","15":"tag-france","16":"tag-streaming-familles-nombreuses-la-vie-en-xxl","17":"tag-television","18":"tag-tv","19":"tag-video-en-streaming-familles-nombreuses-la-vie-en-xxl","20":"tag-video-familles-nombreuses-la-vie-en-xxl"},"share_on_mastodon":{"url":"https:\/\/pubeurope.com\/@fr\/114726194736174031","error":""},"_links":{"self":[{"href":"https:\/\/www.europesays.com\/fr\/wp-json\/wp\/v2\/posts\/195480","targetHints":{"allow":["GET"]}}],"collection":[{"href":"https:\/\/www.europesays.com\/fr\/wp-json\/wp\/v2\/posts"}],"about":[{"href":"https:\/\/www.europesays.com\/fr\/wp-json\/wp\/v2\/types\/post"}],"author":[{"embeddable":true,"href":"https:\/\/www.europesays.com\/fr\/wp-json\/wp\/v2\/users\/2"}],"replies":[{"embeddable":true,"href":"https:\/\/www.europesays.com\/fr\/wp-json\/wp\/v2\/comments?post=195480"}],"version-history":[{"count":0,"href":"https:\/\/www.europesays.com\/fr\/wp-json\/wp\/v2\/posts\/195480\/revisions"}],"wp:featuredmedia":[{"embeddable":true,"href":"https:\/\/www.europesays.com\/fr\/wp-json\/wp\/v2\/media\/195481"}],"wp:attachment":[{"href":"https:\/\/www.europesays.com\/fr\/wp-json\/wp\/v2\/media?parent=195480"}],"wp:term":[{"taxonomy":"category","embeddable":true,"href":"https:\/\/www.europesays.com\/fr\/wp-json\/wp\/v2\/categories?post=195480"},{"taxonomy":"post_tag","embeddable":true,"href":"https:\/\/www.europesays.com\/fr\/wp-json\/wp\/v2\/tags?post=195480"}],"curies":[{"name":"wp","href":"https:\/\/api.w.org\/{rel}","templated":true}]}}