{"id":195486,"date":"2025-06-22T09:01:08","date_gmt":"2025-06-22T09:01:08","guid":{"rendered":"https:\/\/www.europesays.com\/fr\/195486\/"},"modified":"2025-06-22T09:01:08","modified_gmt":"2025-06-22T09:01:08","slug":"les-cles-du-gastro-enterologue-pascal-hammel-pour-proteger-son-pancreas-ce-gardien-silencieux-de-notre-bien-etre","status":"publish","type":"post","link":"https:\/\/www.europesays.com\/fr\/195486\/","title":{"rendered":"Les cl\u00e9s du gastro-ent\u00e9rologue Pascal Hammel pour prot\u00e9ger son pancr\u00e9as, ce gardien silencieux de notre bien-\u00eatre"},"content":{"rendered":"<p data-module=\"fig-standfirst\" data-context=\"@media (min-width:48em)\"><strong>PR\u00c9VENTION &#8211;<\/strong> Alors que le cancer du pancr\u00e9as est en hausse et reste parmi les plus redoutables, certains gestes simples permettent pourtant de pr\u00e9server cet organe cl\u00e9. Explications.<\/p>\n<p class=\"fig-paragraph fig-paragraph--dropped\">Nich\u00e9 dans l\u2019abdomen, derri\u00e8re l\u2019estomac,\u00a0<a href=\"https:\/\/madame.lefigaro.fr\/tag\/sante\" target=\"_blank\" rel=\"noopener\" data-gtm-custom-categorie=\"navigation\" data-gtm-custom-action=\"crossclick\" data-gtm-custom-label=\"Contextuel\" data-gtm-event=\"customEventSPE\">le pancr\u00e9as<\/a>\u00a0reste l\u2019un des organes les plus discrets de notre corps. Pourtant, cette glande allong\u00e9e d\u2019environ 15 centim\u00e8tres assure deux fonctions vitales. D\u2019un c\u00f4t\u00e9, elle produit les enzymes digestives n\u00e9cessaires \u00e0 l\u2019assimilation des prot\u00e9ines, lipides et glucides. De l\u2019autre, elle s\u00e9cr\u00e8te des hormones cruciales comme l\u2019insuline, qui fait p\u00e9n\u00e9trer le sucre dans nos cellules, et le glucagon, qui lib\u00e8re l\u2019\u00e9nergie stock\u00e9e quand notre organisme en a besoin. Et lorsque cette glande d\u00e9raille, c\u2019est tout l\u2019organisme qui vacille. En France,\u00a0<a href=\"https:\/\/www.cancer.fr\/presse\/l-institut-national-du-cancer-publie-les-dernieres-donnees-en-cancerologie-dans-son-panorama-edition-2024\" target=\"_blank\" rel=\"nofollow noopener\" data-gtm-custom-categorie=\"navigation\" data-gtm-custom-action=\"crossclick\" data-gtm-custom-label=\"Contextuel\" data-gtm-event=\"customEventSPE\">pr\u00e8s de 16.000 nouveaux cas de cancer\u00a0<\/a>du pancr\u00e9as sont diagnostiqu\u00e9s chaque ann\u00e9e. Avec un taux de survie \u00e0 cinq ans de 11 %, tous stades confondus, cette maladie est consid\u00e9r\u00e9e comme l\u2019une des plus redoutables. D\u2019ici 2030, elle pourrait m\u00eame devenir<a href=\"https:\/\/pubmed.ncbi.nlm.nih.gov\/24840647\/\" target=\"_blank\" rel=\"nofollow noopener\" data-gtm-custom-categorie=\"navigation\" data-gtm-custom-action=\"crossclick\" data-gtm-custom-label=\"Contextuel\" data-gtm-event=\"customEventSPE\">\u00a0la deuxi\u00e8me cause de mortalit\u00e9\u00a0<\/a>par cancer, derri\u00e8re celui du poumon. Il est donc grand temps de se pencher sur les moyens d\u2019agir en amont.<\/p>\n<p class=\"fig-premium-paywall__infos\">\n        Cet article est r\u00e9serv\u00e9 aux abonn\u00e9s.        Il vous reste 89% \u00e0 d\u00e9couvrir.\n    <\/p>\n<p>                <img  data- alt=\"Le Figaro\" class=\"fig-img--complete fig-img\"\/><\/p>\n<p class=\"fig-premium-paywall__title\">Vente Flash<\/p>\n<p class=\"fig-premium-paywall__subtitle\">3,99\u20ac par mois pendant 12 mois. Sans engagement.<\/p>\n<p class=\"fig-premium-paywall__connect\">\n                D\u00e9j\u00e0 abonn\u00e9\u00a0?                <a class=\"fig-premium-paywall__connect-link\" href=\"https:\/\/connect.lefigaro.fr\/login?client=madame_web&amp;type=main&amp;redirect_uri=https%3A%2F%2Fmadame.lefigaro.fr%2Fbien-etre%2Fles-cles-du-gastro-enterologue-pascal-hammel-pour-proteger-son-pancreas-ce-gardien-silencieux-de-notre-bien-etre-20250622\" data-js-gtm=\"{&quot;customCategorie&quot;: &quot;conversion&quot;, &quot;customAction&quot;: &quot;before_Landing_Connexion_paywall_manuel&quot;, &quot;customLabel&quot;: &quot;bWFkYW1lLmxlZmlnYXJvLmZyX18xZjA0ZGI5Ny05YzYyLTZlNzAtYmU3My01Mzk3OWNjMTg3ZWZfX0FydGljbGU=_Les cl\u00e9s du gastro-ent\u00e9rologue Pascal Hammel pour prot\u00e9ger son pancr\u00e9as, ce gardien silencieux de notre bien-\u00eatre_1276&quot;, &quot;customIDSPE&quot;: &quot;bWFkYW1lLmxlZmlnYXJvLmZyX18xZjA0ZGI5Ny05YzYyLTZlNzAtYmU3My01Mzk3OWNjMTg3ZWZfX0FydGljbGU=&quot;, &quot;event&quot;: &quot;customEventSPE&quot;}\" target=\"_blank\" rel=\"noopener\"><br \/>\n                    Connectez-vous<br \/>\n                <\/a>\n            <\/p>\n","protected":false},"excerpt":{"rendered":"PR\u00c9VENTION &#8211; Alors que le cancer du pancr\u00e9as est en hausse et reste parmi les plus redoutables, certains&hellip;\n","protected":false},"author":2,"featured_media":195487,"comment_status":"","ping_status":"","sticky":false,"template":"","format":"standard","meta":{"footnotes":""},"categories":[10],"tags":[2424,4986,4983,2612,4987,4989,1295,1294,638,4988,1011,27,72,977,4992,4862,4991,206,71,4985,4984,279,4990,4993],"class_list":{"0":"post-195486","1":"post","2":"type-post","3":"status-publish","4":"format-standard","5":"has-post-thumbnail","7":"category-sante","8":"tag-beaute","9":"tag-beaute-et-bien-etre","10":"tag-bien-etre","11":"tag-conseils","12":"tag-detente","13":"tag-fatigue","14":"tag-feminin","15":"tag-femme","16":"tag-figaro","17":"tag-forme","18":"tag-fr","19":"tag-france","20":"tag-health","21":"tag-madame","22":"tag-meditation","23":"tag-mieux-etre","24":"tag-nutrition","25":"tag-psycho","26":"tag-sante","27":"tag-sante-et-bien-etre","28":"tag-soins","29":"tag-sommeil","30":"tag-stress","31":"tag-yoga"},"share_on_mastodon":{"url":"https:\/\/pubeurope.com\/@fr\/114726206450040750","error":""},"_links":{"self":[{"href":"https:\/\/www.europesays.com\/fr\/wp-json\/wp\/v2\/posts\/195486","targetHints":{"allow":["GET"]}}],"collection":[{"href":"https:\/\/www.europesays.com\/fr\/wp-json\/wp\/v2\/posts"}],"about":[{"href":"https:\/\/www.europesays.com\/fr\/wp-json\/wp\/v2\/types\/post"}],"author":[{"embeddable":true,"href":"https:\/\/www.europesays.com\/fr\/wp-json\/wp\/v2\/users\/2"}],"replies":[{"embeddable":true,"href":"https:\/\/www.europesays.com\/fr\/wp-json\/wp\/v2\/comments?post=195486"}],"version-history":[{"count":0,"href":"https:\/\/www.europesays.com\/fr\/wp-json\/wp\/v2\/posts\/195486\/revisions"}],"wp:featuredmedia":[{"embeddable":true,"href":"https:\/\/www.europesays.com\/fr\/wp-json\/wp\/v2\/media\/195487"}],"wp:attachment":[{"href":"https:\/\/www.europesays.com\/fr\/wp-json\/wp\/v2\/media?parent=195486"}],"wp:term":[{"taxonomy":"category","embeddable":true,"href":"https:\/\/www.europesays.com\/fr\/wp-json\/wp\/v2\/categories?post=195486"},{"taxonomy":"post_tag","embeddable":true,"href":"https:\/\/www.europesays.com\/fr\/wp-json\/wp\/v2\/tags?post=195486"}],"curies":[{"name":"wp","href":"https:\/\/api.w.org\/{rel}","templated":true}]}}