{"id":19549,"date":"2025-04-12T09:43:16","date_gmt":"2025-04-12T09:43:16","guid":{"rendered":"https:\/\/www.europesays.com\/fr\/19549\/"},"modified":"2025-04-12T09:43:16","modified_gmt":"2025-04-12T09:43:16","slug":"le-parcours-complet-de-la-course-2","status":"publish","type":"post","link":"https:\/\/www.europesays.com\/fr\/19549\/","title":{"rendered":"Le parcours complet de la course"},"content":{"rendered":"<p>La 48e \u00e9dition du Schneider Electric Marathon de Paris approche \u00e0 grand pas. Ou plut\u00f4t \u00e0 grandes foul\u00e9es. Apr\u00e8s des mois de pr\u00e9paration, le jour J est arriv\u00e9, et il reste \u00e0 g\u00e9rer les derniers d\u00e9tails de la pr\u00e9paration de course. Nous vous proposons donc de d\u00e9couvrir le parcours, le profil et les difficult\u00e9s de ce marathon.<\/p>\n<p>Le parcours du Marathon de Paris 2025<\/p>\n<p class=\"mb-m@xs text-l@xs\">En cliquant sur\u00ab J\u2019accepte \u00bb, vous acceptez le d\u00e9p\u00f4t de cookies par des services externes et aurez ainsi acc\u00e8s aux contenus de nos partenaires.<\/p>\n<p class=\"mb-xl@xs text-s@xs\">Plus d\u2019informations sur la page<a href=\"https:\/\/www.20minutes.fr\/gestion-cookies\" class=\"mx-xxs@xs color-ultramarine\" target=\"_blank\" rel=\"noopener\">Politique de gestion des cookies<\/a><\/p>\n<p>J\u2019accepte<\/p>\n<p>Le trac\u00e9 du Marathon 2024 est presque semblable \u00e0 celui de l\u2019an dernier. Le d\u00e9part est pr\u00e9vu \u00e0 7h55 pour les premiers participants,<br \/>et \u00e0 11h27 pour le dernier sas. Durant les 42,195 km, les coureurs traverseront la capitale et admireront ses monuments historiques. Apr\u00e8s le d\u00e9part, sur les Champs-\u00c9lys\u00e9es, ils mettront le cap vers le palais Garnier puis le carrousel du <a href=\"https:\/\/www.20minutes.fr\/dossier\/louvre\" class=\"color-ultramarine c-link\" target=\"_blank\" rel=\"noopener\">Louvre<\/a>. Ensuite, les participants rejoindront Bastille et la place de la Nation, avant de prendre la direction du bois bois de Vincennes, pendant 8 kilom\u00e8tres. Ils passeront alors devant l\u2019<a href=\"https:\/\/www.20minutes.fr\/dossier\/insep\" class=\"color-ultramarine c-link\" target=\"_blank\" rel=\"noopener\">Insep<\/a>, \u00e0 la mi-parcours.<\/p>\n<p>Jusqu\u2019au 35e kilom\u00e8tre, ils emprunteront la rue de Charenton et l\u2019avenue Daumesnil, tout pr\u00e8s de la cath\u00e9drale Notre-Dame en passant par la voie Georges-Pompidou. Une fois le mus\u00e9e d\u2019Orsay pass\u00e9, les marathoniens devront aller vers le <a href=\"https:\/\/www.20minutes.fr\/culture\/grand_palais\/\" class=\"color-ultramarine c-link\" target=\"_blank\" rel=\"noopener\">Grand Palais<\/a>. Afin d\u2019atteindre le kilom\u00e8tre 35, les participants devront prendre l\u2019avenue du pr\u00e9sident Kennedy puis l\u2019avenue de Versailles. Le Bois de Boulogne, l\u2019hippodrome d\u2019Auteuil, la porte Dauphine puis l\u2019avenue Foch formeront le paysage des derniers kilom\u00e8tres. L\u2019Arc de Triomphe leur tendra ensuite les bras, pour l\u2019arriv\u00e9e.<\/p>\n<p>La carte du parcours du Marathon de Paris 2025<img decoding=\"async\" alt=\"Le parcours du marathon de Paris 2025.\" class=\"c-img\" loading=\"lazy\" fetchpriority=\"auto\" width=\"718\"  src=\"https:\/\/www.europesays.com\/fr\/wp-content\/uploads\/2025\/04\/1744450996_28_718x0-0.09998273480662985x4.705666936933994-99.90001726519337.jpeg; charset=utf-8\" \/>Le parcours du marathon de Paris 2025.\u2002-\u00a0SOURCE<\/p>\n<p>Avec un d\u00e9nivel\u00e9 positif de 292 m (269 m en\u00a02024) et un d\u00e9nivel\u00e9 n\u00e9gatif de 289 m (260 m en\u00a02024), le marathon de Paris comprend deux passages pentus. Ils se trouveront au 17e kilom\u00e8tre, dans le bois de Vincennes, et dans les 5 derniers kilom\u00e8tres, apr\u00e8s le <a href=\"https:\/\/www.20minutes.fr\/dossier\/bois_de_boulogne\" class=\"color-ultramarine c-link\" target=\"_blank\" rel=\"noopener\">bois de Boulogne<\/a>, en remontant vers l\u2019Arc de Triomphe.<\/p>\n","protected":false},"excerpt":{"rendered":"La 48e \u00e9dition du Schneider Electric Marathon de Paris approche \u00e0 grand pas. Ou plut\u00f4t \u00e0 grandes foul\u00e9es.&hellip;\n","protected":false},"author":2,"featured_media":19550,"comment_status":"","ping_status":"","sticky":false,"template":"","format":"standard","meta":{"footnotes":""},"categories":[1888],"tags":[11,6984,1777,674,1011,27,662,7178,6463,12,626,25,517],"class_list":{"0":"post-19549","1":"post","2":"type-post","3":"status-publish","4":"format-standard","5":"has-post-thumbnail","7":"category-paris","8":"tag-actualites","9":"tag-champs-elysees","10":"tag-eu","11":"tag-europe","12":"tag-fr","13":"tag-france","14":"tag-ile-de-france","15":"tag-marathon","16":"tag-marathon-de-paris","17":"tag-news","18":"tag-paris","19":"tag-republique-francaise","20":"tag-sport"},"share_on_mastodon":{"url":"https:\/\/pubeurope.com\/@fr\/114324347510458063","error":""},"_links":{"self":[{"href":"https:\/\/www.europesays.com\/fr\/wp-json\/wp\/v2\/posts\/19549","targetHints":{"allow":["GET"]}}],"collection":[{"href":"https:\/\/www.europesays.com\/fr\/wp-json\/wp\/v2\/posts"}],"about":[{"href":"https:\/\/www.europesays.com\/fr\/wp-json\/wp\/v2\/types\/post"}],"author":[{"embeddable":true,"href":"https:\/\/www.europesays.com\/fr\/wp-json\/wp\/v2\/users\/2"}],"replies":[{"embeddable":true,"href":"https:\/\/www.europesays.com\/fr\/wp-json\/wp\/v2\/comments?post=19549"}],"version-history":[{"count":0,"href":"https:\/\/www.europesays.com\/fr\/wp-json\/wp\/v2\/posts\/19549\/revisions"}],"wp:featuredmedia":[{"embeddable":true,"href":"https:\/\/www.europesays.com\/fr\/wp-json\/wp\/v2\/media\/19550"}],"wp:attachment":[{"href":"https:\/\/www.europesays.com\/fr\/wp-json\/wp\/v2\/media?parent=19549"}],"wp:term":[{"taxonomy":"category","embeddable":true,"href":"https:\/\/www.europesays.com\/fr\/wp-json\/wp\/v2\/categories?post=19549"},{"taxonomy":"post_tag","embeddable":true,"href":"https:\/\/www.europesays.com\/fr\/wp-json\/wp\/v2\/tags?post=19549"}],"curies":[{"name":"wp","href":"https:\/\/api.w.org\/{rel}","templated":true}]}}