{"id":195496,"date":"2025-06-22T09:06:14","date_gmt":"2025-06-22T09:06:14","guid":{"rendered":"https:\/\/www.europesays.com\/fr\/195496\/"},"modified":"2025-06-22T09:06:14","modified_gmt":"2025-06-22T09:06:14","slug":"liran-lance-deux-vagues-de-missiles-sur-israel-des-dizaines-de-blesses","status":"publish","type":"post","link":"https:\/\/www.europesays.com\/fr\/195496\/","title":{"rendered":"L\u2019Iran lance deux vagues de missiles sur Isra\u00ebl, des dizaines de bless\u00e9s"},"content":{"rendered":"<p class=\"paragraph text_align_left lp-f-body-02\">Une r\u00e9plique \u00e0 la hauteur des moyens d\u00e9sormais r\u00e9duits de l\u2019Iran ? Ou une premi\u00e8re r\u00e9plique, en attendant un d\u00e9cha\u00eenement de feu ? Ce dimanche matin, apr\u00e8s <a href=\"https:\/\/www.leparisien.fr\/international\/israel\/trump-annonce-que-les-etats-unis-ont-mene-plusieurs-frappes-sur-des-sites-nucleaires-iraniens-22-06-2025-UW5IQID7HBGANNMWBF7JXGUJ6I.php\" target=\"_self\" rel=\"nofollow noopener\">l\u2019attaque am\u00e9ricaine de la nuit<\/a> sur les trois grands sites du programme nucl\u00e9aire iranien, l\u2019Iran a envoy\u00e9 deux salves de missiles sur Isra\u00ebl.<\/p>\n<p class=\"paragraph text_align_left lp-f-body-02\">\u00ab Il y a peu, l\u2019arm\u00e9e a identifi\u00e9 des missiles lanc\u00e9s depuis l\u2019Iran vers le territoire de l\u2019\u00c9tat d\u2019Isra\u00ebl. Les syst\u00e8mes de d\u00e9fense sont en cours d\u2019activation afin d\u2019intercepter la menace \u00bb, a d\u00e9clar\u00e9 l\u2019arm\u00e9e isra\u00e9lienne dans un communiqu\u00e9 publi\u00e9 vers 7h30 (6h30, heure fran\u00e7aise). Un communiqu\u00e9 similaire annon\u00e7ant la deuxi\u00e8me vague a \u00e9t\u00e9 publi\u00e9 une demi-heure plus tard avant que l\u2019alerte ne soit lev\u00e9e vers 8h10 (7h10 dans l\u2019Hexagone).<\/p>\n<p class=\"paragraph text_align_left lp-f-body-02\">Les sir\u00e8nes d\u2019alerte antia\u00e9rienne ont retenti \u00e0 J\u00e9rusalem et Tel-Aviv, selon des journalistes de l\u2019AFP, qui ont entendu de puissantes explosions. Et sur l\u2019application mobile du Commandement du front int\u00e9rieur, le nord et le centre de la carte d\u2019Isra\u00ebl se sont rapidement couverts de points rouges signalant le d\u00e9clenchement des sir\u00e8nes qui appellent la population \u00e0 gagner les abris.<\/p>\n<p>Au moins 27 missiles lanc\u00e9s, dont le Khorramshahr-4<\/p>\n<p class=\"paragraph text_align_left lp-f-body-02\">Les d\u00e9fenses antia\u00e9riennes isra\u00e9liennes n\u2019ont pas pu arr\u00eater tous les projectiles venus d\u2019Iran. Au moins 27 missiles ont \u00e9t\u00e9 lanc\u00e9s, 22 lors de la premi\u00e8re salve selon les \u00e9valuations de Tsahal, avec des impacts \u00e0 Ha\u00effa (nord), Nes Tziona et Tel Aviv (centre), touchant notamment un grand \u00e9tablissement de soins pour personnes \u00e2g\u00e9es qui semble consid\u00e9rablement d\u00e9grad\u00e9.<\/p>\n<p class=\"paragraph text_align_left lp-f-body-02\">Dans son dernier communiqu\u00e9, qui ne mentionne pas les pilonnages am\u00e9ricains sur les sites nucl\u00e9aires de Fordo, Natanz et Ispahan, les Gardiens de la r\u00e9volution islamique \u00e9num\u00e8rent \u00ab les principales cibles de la derni\u00e8re s\u00e9rie de frappes iraniennes \u00bb : \u00ab l\u2019a\u00e9roport Ben Gourion (situ\u00e9 \u00e0 mi-chemin entre Tel Aviv et J\u00e9rusalem, NDLR), le centre de recherche biologique du r\u00e9gime isra\u00e9lien, ses bases logistiques et divers bureaux de ses centres de commandement et de contr\u00f4le \u00bb.<\/p>\n<p class=\"paragraph text_align_left lp-f-body-02\">La t\u00e9l\u00e9vision d\u2019\u00c9tat iranienne a diffus\u00e9 des images d\u2019archive d\u2019un tir d\u2019essai d\u2019un imposant missile balistique, indiquant en l\u00e9gende que le Khorramshahr-4 avait \u00e9t\u00e9 utilis\u00e9 contre Isra\u00ebl ce dimanche matin. Le <a href=\"https:\/\/www.leparisien.fr\/international\/iran\/guerre-israel-iran-emad-ghadr-khorramshahr-de-quels-missiles-balistiques-dispose-teheran-17-06-2025-KL2TVI6IAJC7NJJNN62JQAE5SU.php\" target=\"_self\" rel=\"nofollow noopener\">Khorramshahr-4<\/a> poss\u00e8de la charge utile la plus lourde de la flotte de missiles balistiques iraniens, et T\u00e9h\u00e9ran affirme qu\u2019il peut porter une ogive de 1,5 tonne \u00e0 une port\u00e9e de 2 000 km.<\/p>\n<p class=\"paragraph text_align_left lp-f-body-02\">Le minist\u00e8re de la Sant\u00e9 affirme que 86 bless\u00e9s ont \u00e9t\u00e9 conduits \u00e0 l\u2019h\u00f4pital, aucun n\u2019\u00e9tant gravement atteint.<\/p>\n","protected":false},"excerpt":{"rendered":"Une r\u00e9plique \u00e0 la hauteur des moyens d\u00e9sormais r\u00e9duits de l\u2019Iran ? Ou une premi\u00e8re r\u00e9plique, en attendant&hellip;\n","protected":false},"author":2,"featured_media":195497,"comment_status":"","ping_status":"","sticky":false,"template":"","format":"standard","meta":{"footnotes":""},"categories":[5],"tags":[11,1011,27,14,664,12,2955,28],"class_list":{"0":"post-195496","1":"post","2":"type-post","3":"status-publish","4":"format-standard","5":"has-post-thumbnail","7":"category-international","8":"tag-actualites","9":"tag-fr","10":"tag-france","11":"tag-international","12":"tag-israel","13":"tag-news","14":"tag-videos","15":"tag-world"},"share_on_mastodon":{"url":"https:\/\/pubeurope.com\/@fr\/114726226056086019","error":""},"_links":{"self":[{"href":"https:\/\/www.europesays.com\/fr\/wp-json\/wp\/v2\/posts\/195496","targetHints":{"allow":["GET"]}}],"collection":[{"href":"https:\/\/www.europesays.com\/fr\/wp-json\/wp\/v2\/posts"}],"about":[{"href":"https:\/\/www.europesays.com\/fr\/wp-json\/wp\/v2\/types\/post"}],"author":[{"embeddable":true,"href":"https:\/\/www.europesays.com\/fr\/wp-json\/wp\/v2\/users\/2"}],"replies":[{"embeddable":true,"href":"https:\/\/www.europesays.com\/fr\/wp-json\/wp\/v2\/comments?post=195496"}],"version-history":[{"count":0,"href":"https:\/\/www.europesays.com\/fr\/wp-json\/wp\/v2\/posts\/195496\/revisions"}],"wp:featuredmedia":[{"embeddable":true,"href":"https:\/\/www.europesays.com\/fr\/wp-json\/wp\/v2\/media\/195497"}],"wp:attachment":[{"href":"https:\/\/www.europesays.com\/fr\/wp-json\/wp\/v2\/media?parent=195496"}],"wp:term":[{"taxonomy":"category","embeddable":true,"href":"https:\/\/www.europesays.com\/fr\/wp-json\/wp\/v2\/categories?post=195496"},{"taxonomy":"post_tag","embeddable":true,"href":"https:\/\/www.europesays.com\/fr\/wp-json\/wp\/v2\/tags?post=195496"}],"curies":[{"name":"wp","href":"https:\/\/api.w.org\/{rel}","templated":true}]}}