{"id":195498,"date":"2025-06-22T09:07:08","date_gmt":"2025-06-22T09:07:08","guid":{"rendered":"https:\/\/www.europesays.com\/fr\/195498\/"},"modified":"2025-06-22T09:07:08","modified_gmt":"2025-06-22T09:07:08","slug":"3-morts-dans-deux-fusillades","status":"publish","type":"post","link":"https:\/\/www.europesays.com\/fr\/195498\/","title":{"rendered":"3 morts dans deux fusillades"},"content":{"rendered":"<p>Vers 4h30, ce dimanche 22 juin matin, les sapeurs-pompiers ont \u00e9t\u00e9 appel\u00e9s \u00e0 Goult dans le <a href=\"https:\/\/www.laprovence.com\/region\/Edition-vaucluse\" target=\"_blank\" rel=\"nofollow noopener\">Sud-Vaucluse<\/a> \u00e0 la salle des f\u00eates. Une trentaine de personnes \u00e9taient r\u00e9unies pour c\u00e9l\u00e9brer un mariage qui s&rsquo;est termin\u00e9 dans un bain de sang : deux personnes ont \u00e9t\u00e9 tu\u00e9es dans une fusillade, trois autres ont \u00e9t\u00e9 bless\u00e9es et sont en urgence absolue dont un adolescent de 13 ans.<\/p>\n<p>Deux h\u00e9licopt\u00e8res ont \u00e9t\u00e9 mobilis\u00e9s par les secours lors de cette intervention sur laquelle 35 sapeurs-pompiers ont \u00e9t\u00e9 engag\u00e9s. Il appartient d\u00e9sormais aux gendarmes de la compagnie de Pertuis de faire la lumi\u00e8re sur les causes de cette fin de mariage tragique.<\/p>\n<p>Deux heures apr\u00e8s \u00e0 <a href=\"https:\/\/www.laprovence.com\/article\/faits-divers-justice\/4037108559852414\/vol-au-musee-calvet-d-avignon-des-oeuvres-retrouvees-sur-un-marche-un-brocanteur-interpelle-et-son-camion-place-sous-scelle\" target=\"_blank\" rel=\"nofollow noopener\">Avignon<\/a>, cette fois, un autre homme a \u00e9t\u00e9 abattu dans une fusillade dans le secteur du centre commercial Cap Sud. Cette fois, une enqu\u00eate de police a \u00e9t\u00e9 ouverte pour faire la lumi\u00e8re sur ces faits. Dans le secteur, plusieurs homicides en lien direct avec des affair\u00e9es de narcotrafic ont d\u00e9j\u00e0 \u00e9t\u00e9 perp\u00e9tr\u00e9s depuis le d\u00e9but de l&rsquo;ann\u00e9e.<\/p>\n","protected":false},"excerpt":{"rendered":"Vers 4h30, ce dimanche 22 juin matin, les sapeurs-pompiers ont \u00e9t\u00e9 appel\u00e9s \u00e0 Goult dans le Sud-Vaucluse \u00e0&hellip;\n","protected":false},"author":2,"featured_media":195499,"comment_status":"","ping_status":"","sticky":false,"template":"","format":"standard","meta":{"footnotes":""},"categories":[4],"tags":[17,11,1446,4070,274,1011,27,18665,5184,12,293,25,33430,4520],"class_list":{"0":"post-195498","1":"post","2":"type-post","3":"status-publish","4":"format-standard","5":"has-post-thumbnail","7":"category-france","8":"tag-17","9":"tag-actualites","10":"tag-dans","11":"tag-deux","12":"tag-faits-divers-justice","13":"tag-fr","14":"tag-france","15":"tag-fusillades","16":"tag-morts","17":"tag-news","18":"tag-nuit","19":"tag-republique-francaise","20":"tag-sanglante","21":"tag-vaucluse"},"share_on_mastodon":{"url":"https:\/\/pubeurope.com\/@fr\/114726230087171048","error":""},"_links":{"self":[{"href":"https:\/\/www.europesays.com\/fr\/wp-json\/wp\/v2\/posts\/195498","targetHints":{"allow":["GET"]}}],"collection":[{"href":"https:\/\/www.europesays.com\/fr\/wp-json\/wp\/v2\/posts"}],"about":[{"href":"https:\/\/www.europesays.com\/fr\/wp-json\/wp\/v2\/types\/post"}],"author":[{"embeddable":true,"href":"https:\/\/www.europesays.com\/fr\/wp-json\/wp\/v2\/users\/2"}],"replies":[{"embeddable":true,"href":"https:\/\/www.europesays.com\/fr\/wp-json\/wp\/v2\/comments?post=195498"}],"version-history":[{"count":0,"href":"https:\/\/www.europesays.com\/fr\/wp-json\/wp\/v2\/posts\/195498\/revisions"}],"wp:featuredmedia":[{"embeddable":true,"href":"https:\/\/www.europesays.com\/fr\/wp-json\/wp\/v2\/media\/195499"}],"wp:attachment":[{"href":"https:\/\/www.europesays.com\/fr\/wp-json\/wp\/v2\/media?parent=195498"}],"wp:term":[{"taxonomy":"category","embeddable":true,"href":"https:\/\/www.europesays.com\/fr\/wp-json\/wp\/v2\/categories?post=195498"},{"taxonomy":"post_tag","embeddable":true,"href":"https:\/\/www.europesays.com\/fr\/wp-json\/wp\/v2\/tags?post=195498"}],"curies":[{"name":"wp","href":"https:\/\/api.w.org\/{rel}","templated":true}]}}