{"id":195500,"date":"2025-06-22T09:08:10","date_gmt":"2025-06-22T09:08:10","guid":{"rendered":"https:\/\/www.europesays.com\/fr\/195500\/"},"modified":"2025-06-22T09:08:10","modified_gmt":"2025-06-22T09:08:10","slug":"la-promesse-de-lea-salame-si-raphael-glucksmann-est-candidat-en-2027","status":"publish","type":"post","link":"https:\/\/www.europesays.com\/fr\/195500\/","title":{"rendered":"la promesse de L\u00e9a Salam\u00e9 si Rapha\u00ebl Glucksmann est candidat en 2027"},"content":{"rendered":"<p>        <img decoding=\"async\" loading=\"lazy\" src=\"https:\/\/www.europesays.com\/fr\/wp-content\/uploads\/2025\/06\/fa88036_upload-1-7sortxmvyihk-capture-da-a-cran-2025-06-22-094455.png\"  width=\"728\" height=\"410\" alt=\"Aux manettes du 20H de France 2\u00a0d\u00e8s la rentr\u00e9e, la journaliste L\u00e9a Salam\u00e9 restera aussi aux commandes du talk-show \u00ab\u00a0Quelle \u00e9poque\u00a0!\u00a0\u00bb sur la m\u00eame cha\u00eene le samedi soir.\"\/>  <\/p>\n<p>Capture d\u2019\u00e9cran X<\/p>\n<p>Aux manettes du 20H de France 2\u00a0d\u00e8s la rentr\u00e9e, la journaliste L\u00e9a Salam\u00e9 restera aussi aux commandes du talk-show \u00ab\u00a0Quelle \u00e9poque\u00a0!\u00a0\u00bb sur la m\u00eame cha\u00eene le samedi soir.<\/p>\n<p class=\"asset asset-text\">M\u00c9DIAS &#8211; Un retrait d\u00e9j\u00e0 envisag\u00e9. Alors que L\u00e9a Salam\u00e9 vient d\u2019\u00eatre d\u00e9sign\u00e9e pour remplacer <a href=\"https:\/\/www.huffingtonpost.fr\/medias\/article\/anne-sophie-lapix-rejoint-rtl-et-m6-apres-son-depart-de-france-2_251412.html\" target=\"_blank\" rel=\"noopener nofollow\" title=\"Nouvelle fen\u00eatre\">Anne-Sophie Lapix<\/a> aux <a href=\"https:\/\/www.huffingtonpost.fr\/medias\/article\/lea-salame-quitte-france-inter-le-parisien-annonce-qu-elle-va-presenter-le-jt-de-france-2_251552.html\" target=\"_blank\" rel=\"noopener nofollow\" title=\"Nouvelle fen\u00eatre\">commandes du 20-Heures de France 2<\/a>\u00a0\u00e0 la rentr\u00e9e, la journaliste s\u2019est exprim\u00e9e dans les colonnes de <a href=\"https:\/\/www.latribune.fr\/la-tribune-dimanche\/culture-et-tendances\/cinema-ecrans\/lea-salame-faire-appel-a-moi-pour-le-20-heures-est-un-choix-tres-audacieux-1027825.html\" target=\"_blank\" rel=\"noopener nofollow\" title=\"Nouvelle fen\u00eatre\">La Tribune Dimanche<\/a> sur sa nouvelle mission, et notamment les cons\u00e9quences personnelles qu\u2019elle implique.<\/p>\n<p class=\"asset asset-text\">Car l\u2019une des questions principales apr\u00e8s cette nomination \u00e0 ce poste convoit\u00e9 reste le risque de \u00ab\u00a0conflits d\u2019int\u00e9r\u00eats\u00a0\u00bb li\u00e9 \u00e0 <a href=\"https:\/\/www.huffingtonpost.fr\/medias\/article\/raphael-glucksmann-raconte-ces-jours-de-chaos-absolu-ou-il-a-rencontre-lea-salame_134270.html\" rel=\"nofollow noopener\" target=\"_blank\">sa relation avec Rapha\u00ebl Glucksmann<\/a>, actuel chef de file de Place Publique. L\u2019homme politique <a href=\"https:\/\/www.huffingtonpost.fr\/politique\/article\/raphael-glucksmann-dit-non-a-une-grande-primaire-et-relance-la-guerre-des-gauches_250464.html\" rel=\"nofollow noopener\" target=\"_blank\">se verrait bien candidat \u00e0 gauche<\/a> pour l\u2019\u00e9lection pr\u00e9sidentielle de 2027.<\/p>\n<p class=\"asset asset-text\">Apr\u00e8s avoir confi\u00e9 sa difficult\u00e9 de quitter la <a href=\"https:\/\/www.huffingtonpost.fr\/medias\/article\/france-inter-recrute-benjamin-duhamel-pour-remplacer-sonia-devillers-dans-l-interview-de-la-matinale_250794.html\" rel=\"nofollow noopener\" target=\"_blank\">matinale de France Inter<\/a>, un choix \u00ab\u00a0vertigineux\u00a0\u00bb, <a href=\"https:\/\/www.huffingtonpost.fr\/divertissement\/article\/lea-salame-revient-sur-les-propos-de-thierry-ardisson-dans-quelle-epoque-sur-gaza-et-la-shoah-et-se-dit-mortifiee_250484.html\" rel=\"nofollow noopener\" target=\"_blank\">L\u00e9a Salam\u00e9<\/a> s\u2019est attard\u00e9e sur son compagnon et ses ambitions \u00e9lys\u00e9ennes. La journaliste a tout de suite voulu d\u00e9fendre sa capacit\u00e9 \u00e0 jongler entre vie professionnelle et personnelle. Rapha\u00ebl Glucksmann \u00ab\u00a0est d\u00e9put\u00e9 europ\u00e9en depuis six ans et cela ne m\u2019a pas emp\u00each\u00e9e de pr\u00e9senter \u201cL\u2019\u00c9mission politique\u201d pendant cinq ans, de faire l\u2019interview du 14-Juillet, le d\u00e9bat de l\u2019entre-deux-tours en 2022 ou d\u2019avoir tous les politiques au micro le matin sur France Inter\u00a0\u00bb, a-t-elle d\u2019abord soulign\u00e9.<\/p>\n<p class=\"asset asset-text\">\u00ab\u00a0D\u2019Emmanuel Macron \u00e0 Marine Le Pen en passant par Bruno Retailleau, \u00c9douard Philippe ou Jean-Luc M\u00e9lenchon, je n\u2019ai jamais senti dans leurs yeux qu\u2019ils me prenaient pour \u201cla femme de&#8230;\u201d\u00a0\u00bb, a-t-elle poursuivi. Et si elle reconna\u00eet sans le moindre mal que son \u00ab\u00a0couple n\u2019est un secret pour personne\u00a0\u00bb, elle affirme qu\u2019ils \u00ab\u00a0cloisonnent \u00e9norm\u00e9ment (leurs) activit\u00e9s\u00a0\u00bb. \u00ab\u00a0Chacun a ses opinions, sa vision, ses convictions. Il n\u2019a \u00e9videmment jamais tenu mon stylo\u00a0! Ni moi le sien, d\u2019ailleurs.\u00a0\u00bb<\/p>\n<p>                     \u00ab\u00a0Tent\u00e9e\u00a0\u00bb par BFMTV    <\/p>\n<p class=\"asset asset-text\">Mais il y a un mais. Une \u00e9ventualit\u00e9 o\u00f9 L\u00e9a Salam\u00e9 serait pr\u00eate \u00e0 prendre du recul sur son activit\u00e9 journalistique\u00a0: \u00ab\u00a0il est \u00e9vident que (si Rapha\u00ebl Glucksmann venait \u00e0 \u00eatre candidat en 2027), je me mettrais en retrait\u00a0\u00bb, a annonc\u00e9 la journaliste, c<a href=\"https:\/\/www.huffingtonpost.fr\/politique\/article\/elections-europeennes-lea-salame-ne-fera-pas-d-interview-politique-sur-france-inter-durant-la-campagne_223044.html\" rel=\"nofollow noopener\" target=\"_blank\">omme elle l\u2019avait d\u00e9j\u00e0 fait \u00e0 France Inter<\/a> lorsqu\u2019il \u00e9tait candidat aux \u00e9lections europ\u00e9ennes.<\/p>\n<p class=\"asset asset-text\">Ce n\u2019est d\u2019ailleurs pas une premi\u00e8re dans le milieu de la t\u00e9l\u00e9vision, que ce soit avec Audrey Pulvar (alors en couple avec Arnaud Montebourg), Marie Drucker (avec Fran\u00e7ois Baroin), B\u00e9atrice Sch\u00f6nberg (mari\u00e9e \u00e0 Jean-Louis Borloo) ou Anne Sinclair (alors \u00e9pouse de Dominique Strauss-Kahn). Ces journalistes avaient d\u00fb mettre leur carri\u00e8re dans les m\u00e9dias entre parenth\u00e8ses, du fait de l\u2019activit\u00e9 politique de leur conjoint.<\/p>\n<p class=\"asset asset-text\">Dans le reste de son interview, celle qui pr\u00e9sentera toujours son talk-show hebdomadaire <a href=\"https:\/\/www.huffingtonpost.fr\/people\/article\/quelle-epoque-christophe-dechavanne-deplore-etre-un-peu-traite-comme-un-criminel-et-dit-au-revoir_246889.html\" rel=\"nofollow noopener\" target=\"_blank\">Quelle \u00c9poque\u00a0!<\/a> sur France 2, une \u00ab\u00a0garantie\u00a0\u00bb obtenue aupr\u00e8s de France T\u00e9l\u00e9visions, en dit plus sur le style de pr\u00e9sentation qu\u2019elle compte donner \u00e0 la t\u00eate du 20-Heures de la cha\u00eene publique. \u00ab\u00a0J\u2019ai envie de d\u00e9velopper l\u2019international, sans \u00eatre non plus anxiog\u00e8ne. Mais je ne viens pas avec mon cahier des charges. Je mettrai ma patte petit \u00e0 petit\u00a0\u00bb, conc\u00e8de-t-elle.<\/p>\n<p class=\"asset asset-text\">\u00ab\u00a0Faire appel \u00e0 moi pour le 20-Heures est un choix tr\u00e8s audacieux\u00a0\u00bb, reconna\u00eet-elle aussi, car elle assume de bient\u00f4t \u00ab\u00a0d\u00e9couvrir un aspect de (son) m\u00e9tier (qu\u2019elle) ne conna\u00eet quasiment pas\u00a0\u00bb. Elle affirme par ailleurs avoir \u00e9t\u00e9 convaincue par la PDG du groupe, Delphine Ernotte, qui en a appel\u00e9 \u00ab\u00a0\u00e0 (sa) responsabilit\u00e9 en cette p\u00e9riode chaotique\u00a0\u00bb dans le monde, alors qu\u2019elle \u00e9tait \u00ab\u00a0tent\u00e9e de rejoindre BFMTV\u00a0\u00bb.<\/p>\n","protected":false},"excerpt":{"rendered":"Capture d\u2019\u00e9cran X Aux manettes du 20H de France 2\u00a0d\u00e8s la rentr\u00e9e, la journaliste L\u00e9a Salam\u00e9 restera aussi&hellip;\n","protected":false},"author":2,"featured_media":195501,"comment_status":"","ping_status":"","sticky":false,"template":"","format":"standard","meta":{"footnotes":""},"categories":[2],"tags":[32367,11,251,1011,27,594,3806,500,12,316,26338,15923],"class_list":{"0":"post-195500","1":"post","2":"type-post","3":"status-publish","4":"format-standard","5":"has-post-thumbnail","7":"category-actualites","8":"tag-20-heures","9":"tag-actualites","10":"tag-culture","11":"tag-fr","12":"tag-france","13":"tag-france-2","14":"tag-lea-salame","15":"tag-medias","16":"tag-news","17":"tag-politique","18":"tag-presidentielle-2027","19":"tag-raphael-glucksmann"},"share_on_mastodon":{"url":"https:\/\/pubeurope.com\/@fr\/114726234718137488","error":""},"_links":{"self":[{"href":"https:\/\/www.europesays.com\/fr\/wp-json\/wp\/v2\/posts\/195500","targetHints":{"allow":["GET"]}}],"collection":[{"href":"https:\/\/www.europesays.com\/fr\/wp-json\/wp\/v2\/posts"}],"about":[{"href":"https:\/\/www.europesays.com\/fr\/wp-json\/wp\/v2\/types\/post"}],"author":[{"embeddable":true,"href":"https:\/\/www.europesays.com\/fr\/wp-json\/wp\/v2\/users\/2"}],"replies":[{"embeddable":true,"href":"https:\/\/www.europesays.com\/fr\/wp-json\/wp\/v2\/comments?post=195500"}],"version-history":[{"count":0,"href":"https:\/\/www.europesays.com\/fr\/wp-json\/wp\/v2\/posts\/195500\/revisions"}],"wp:featuredmedia":[{"embeddable":true,"href":"https:\/\/www.europesays.com\/fr\/wp-json\/wp\/v2\/media\/195501"}],"wp:attachment":[{"href":"https:\/\/www.europesays.com\/fr\/wp-json\/wp\/v2\/media?parent=195500"}],"wp:term":[{"taxonomy":"category","embeddable":true,"href":"https:\/\/www.europesays.com\/fr\/wp-json\/wp\/v2\/categories?post=195500"},{"taxonomy":"post_tag","embeddable":true,"href":"https:\/\/www.europesays.com\/fr\/wp-json\/wp\/v2\/tags?post=195500"}],"curies":[{"name":"wp","href":"https:\/\/api.w.org\/{rel}","templated":true}]}}