{"id":195503,"date":"2025-06-22T09:10:14","date_gmt":"2025-06-22T09:10:14","guid":{"rendered":"https:\/\/www.europesays.com\/fr\/195503\/"},"modified":"2025-06-22T09:10:14","modified_gmt":"2025-06-22T09:10:14","slug":"asse-yunis-abdelhamid-part-se-relancer-au-maroc","status":"publish","type":"post","link":"https:\/\/www.europesays.com\/fr\/195503\/","title":{"rendered":"ASSE &#8211; Yunis Abdelhamid part se relancer au Maroc"},"content":{"rendered":"<p>\u00c0 37 ans, la carri\u00e8re de <strong>Yunis<\/strong> <strong>Abdelhamid<\/strong> n\u2019est pas encore termin\u00e9e. Le d\u00e9fenseur central doit quitter l\u2019AS <strong>Saint<\/strong>\u2013<strong>\u00c9tienne<\/strong> \u00e0 la fin de son contrat dans quelques jours, les dirigeants for\u00e9ziens n\u2019ayant pas souhait\u00e9 lever l\u2019option d\u2019une ann\u00e9e suppl\u00e9mentaire. Arriv\u00e9 l\u2019\u00e9t\u00e9 dernier en provenance de Reims, l\u2019international marocain avait connu un d\u00e9but de saison tr\u00e8s d\u00e9licat chez les Verts, avant de perdre sa place de titulaire, sous les ordres d\u2019Eirik Horneland.<\/p>\n<p>\u00c0 lire aussi &gt;&gt;\u00a0<a href=\"https:\/\/maligue2.fr\/2025\/06\/21\/officiel-louis-mouton-asse-reste-en-ligue-1\/\" target=\"_blank\" rel=\"noopener\">Officiel \u2013 Louis Mouton (ASSE) reste en Ligue 1<\/a><\/p>\n<p>D\u2019apr\u00e8s <a href=\"https:\/\/www.leprogres.fr\/\" target=\"_blank\" rel=\"noopener\">Le Progr\u00e8s<\/a>, le joueur s\u2019est engag\u00e9 avec le <strong>FAR Rabat<\/strong>, arriv\u00e9 deuxi\u00e8me du championnat marocain il y a quelques semaines.<\/p>\n<p>Photo \u00a9Philippe Lecoeur\/FEP\/Icon Sport<\/p>\n","protected":false},"excerpt":{"rendered":"\u00c0 37 ans, la carri\u00e8re de Yunis Abdelhamid n\u2019est pas encore termin\u00e9e. Le d\u00e9fenseur central doit quitter l\u2019AS&hellip;\n","protected":false},"author":2,"featured_media":195504,"comment_status":"","ping_status":"","sticky":false,"template":"","format":"standard","meta":{"footnotes":""},"categories":[9653],"tags":[24683,1111,11,2430,1777,674,1011,27,12,25,4001,33431],"class_list":{"0":"post-195503","1":"post","2":"type-post","3":"status-publish","4":"format-standard","5":"has-post-thumbnail","7":"category-saint-etienne","8":"tag-alaune4","9":"tag-actu","10":"tag-actualites","11":"tag-auvergne-rhone-alpes","12":"tag-eu","13":"tag-europe","14":"tag-fr","15":"tag-france","16":"tag-news","17":"tag-republique-francaise","18":"tag-saint-etienne","19":"tag-yunis-abdelhamid"},"share_on_mastodon":{"url":"https:\/\/pubeurope.com\/@fr\/114726241748636037","error":""},"_links":{"self":[{"href":"https:\/\/www.europesays.com\/fr\/wp-json\/wp\/v2\/posts\/195503","targetHints":{"allow":["GET"]}}],"collection":[{"href":"https:\/\/www.europesays.com\/fr\/wp-json\/wp\/v2\/posts"}],"about":[{"href":"https:\/\/www.europesays.com\/fr\/wp-json\/wp\/v2\/types\/post"}],"author":[{"embeddable":true,"href":"https:\/\/www.europesays.com\/fr\/wp-json\/wp\/v2\/users\/2"}],"replies":[{"embeddable":true,"href":"https:\/\/www.europesays.com\/fr\/wp-json\/wp\/v2\/comments?post=195503"}],"version-history":[{"count":0,"href":"https:\/\/www.europesays.com\/fr\/wp-json\/wp\/v2\/posts\/195503\/revisions"}],"wp:featuredmedia":[{"embeddable":true,"href":"https:\/\/www.europesays.com\/fr\/wp-json\/wp\/v2\/media\/195504"}],"wp:attachment":[{"href":"https:\/\/www.europesays.com\/fr\/wp-json\/wp\/v2\/media?parent=195503"}],"wp:term":[{"taxonomy":"category","embeddable":true,"href":"https:\/\/www.europesays.com\/fr\/wp-json\/wp\/v2\/categories?post=195503"},{"taxonomy":"post_tag","embeddable":true,"href":"https:\/\/www.europesays.com\/fr\/wp-json\/wp\/v2\/tags?post=195503"}],"curies":[{"name":"wp","href":"https:\/\/api.w.org\/{rel}","templated":true}]}}