{"id":195507,"date":"2025-06-22T09:14:10","date_gmt":"2025-06-22T09:14:10","guid":{"rendered":"https:\/\/www.europesays.com\/fr\/195507\/"},"modified":"2025-06-22T09:14:10","modified_gmt":"2025-06-22T09:14:10","slug":"a-toulon-batonnat-a-deux-tetes-inedit-pour-les-avocats","status":"publish","type":"post","link":"https:\/\/www.europesays.com\/fr\/195507\/","title":{"rendered":"A Toulon \u00ab\u00a0b\u00e2tonnat \u00e0 deux t\u00eates\u00a0\u00bb in\u00e9dit pour les avocats"},"content":{"rendered":"<p>C\u2019est le 1er janvier 2026 que Ma\u00eetres Julie Archippe et Olivier Avramo prendront leurs fonctions de b\u00e2tonnier (s) de l\u2019ordre des avocats de Toulon. L\u2019actuel b\u00e2tonnier, Olivier Ferri, quittera son poste \u00e0 la fin de l\u2019ann\u00e9e.<\/p>\n<p>Il lui reste donc six mois pour transmettre son exp\u00e9rience r\u00e9cente (et ses petits secrets) \u00e0 ses successeurs. Ils seront deux: une premi\u00e8re parmi les avocats locaux qui \u00e9lisent depuis toujours un ou une repr\u00e9sentant (e) pour leur profession.<\/p>\n<p>Comment vont-ils s\u2019organiser, alors? \u00ab\u00a0Nous allons nous partager le travail car la charge est tr\u00e8s chronophage. Mais nous sommes compl\u00e9mentaires et suffisamment complices pour que nos confr\u00e8res\/cons\u0153urs aient toujours un interlocuteur proche d\u2019eux\u00a0\u00bb, r\u00e9pondent-ils. Lors du scrutin du 14 juin, les deux conseils ont obtenu 280 voix sur les 304 votants.<\/p>\n<p>\u00ab\u00a0C\u2019est pr\u00e9vu dans les textes\u00a0\u00bb<\/p>\n<p>\u00ab\u00a0Il nous a paru \u00e9vident de nous pr\u00e9senter en bin\u00f4me. Cela correspond \u00e0 l\u2019\u00e9volution de la soci\u00e9t\u00e9 et cela am\u00e8ne une valeur ajout\u00e9e au barreau de Toulon. C\u2019est d\u2019ailleurs pr\u00e9vu dans les textes. Nous avons juste saisi l\u2019occasion!\u00a0\u00bb, ajoute Ma\u00eetre Olivier Avramo.<\/p>\n<p>On sait que la fonction de b\u00e2tonnier est avant tout honorifique. Revers de la m\u00e9daille: elle exige beaucoup de temps pass\u00e9 \u00e0 l\u2019ordre et a un r\u00e9el impact sur l\u2019activit\u00e9 des cabinets des avocats \u00e9lus. <\/p>\n<p>\u00ab\u00a0J\u2019ai 31 ans de barre et je me sentais pr\u00eat \u00e0 m\u2019investir dans cette fonction\u00a0\u00bb, r\u00e9pond Me Avramo. \u00ab\u00a0Le barreau de Toulon fait partie de ce qu\u2019on appelle la conf\u00e9rence des 100, c\u2019est-\u00e0-dire les 20 barreaux les plus importants de France. C\u2019\u00e9tait int\u00e9ressant de d\u00e9fendre notre position de Toulonnais partout ailleurs!\u00a0\u00bb<\/p>\n<p>\u00ab\u00a0Travailler en bin\u00f4me nous permet aussi de ne pas nous cloisonner dans des t\u00e2ches pr\u00e9cises\u00a0\u00bb, encha\u00eene Me Julie Archippe. \u00ab\u00a0Notre souci commun est de fluidifier les rapports entre avocats. Sans laisser personne de c\u00f4t\u00e9. Sur notre d\u00e9marche, personne n\u2019y a rien vu \u00e0 redire. Et on a tout de suite pr\u00e9cis\u00e9 que l\u2019indemnit\u00e9 de b\u00e2tonnat serait partag\u00e9e entre nous deux!\u00a0\u00bb<\/p>\n<p>              <img ci-src=\"https:\/\/www.varmatin.com\/vie-locale\/protec\/DATA_ART_15762075-YqSmTdM8.jpg?vh=fa840a&amp;ci_seal=a57a3bf4a3\" alt=\"\"\/><br \/>\n        L\u2019actuel b\u00e2tonnier, Olivier Ferri, laissera sa place \u00e0 la fin de l\u2019ann\u00e9e. Nouvelle vie \u00e0 venir ?&#13;<br \/>\nPhoto F. D <strong>Photo Val\u00e9rie Le Parc.<\/strong> <\/p>\n<p>Pour les deux professionnels du droit, la priorit\u00e9 reste la continuit\u00e9 de service aux justiciables. \u00a0\u00bb Le barreau de Toulon a f\u00eat\u00e9 ses 200 ans il y a deux ans. Il n\u2019y a pas de raison qu\u2019il ne continue pas sur sa belle lign\u00e9e.\u00a0\u00bb<\/p>\n<p>\u00ab\u00a0L\u2019IA, il faut savoir vivre avec\u00a0\u00bb<\/p>\n<p>On aborde ensuite les questions qui f\u00e2chent: les rapports avec les magistrats toulonnais?<\/p>\n<p>\u00ab\u00a0Ils sont bons. Nous \u0153uvrons tous pour l\u2019am\u00e9lioration de l\u2019institution justice. Alors, c\u2019est vrai, nous ne faisons pas de cocktails ensemble (sourire) mais nous avons des rapports directs. Magistrats et avocats: nous appartenons \u00e0 la m\u00eame grande famille de la justice.\u00a0\u00bb<\/p>\n<p>Et la cit\u00e9 judiciaire de Toulon? \u00ab\u00a0On pensait qu\u2019elle \u00e9tait sur des bons rails. Maintenant, on en doute\u2026 Les cr\u00e9dits semblent gel\u00e9s. C\u2019est triste: on \u00e9tait sur la premi\u00e8re marche du podium et on est descendus d\u2019une ou deux marches. On esp\u00e8re encore b\u00e9n\u00e9ficier d\u2019une grande cit\u00e9 judiciaire mais o\u00f9 sont les investissements?\u00a0\u00bb, interrogent-ils.<\/p>\n<p>Enfin, les deux futurs b\u00e2tonniers pointent du doigt l\u2019intelligence artificielle qui secoue le monde des avocats. \u00ab L\u2019IA, il ne faut pas s\u2019en m\u00e9fier. Il faut savoir vivre avec. Je pense qu\u2019elle peut \u00eatre une valeur ajout\u00e9e pour nos m\u00e9tiers.<\/p>\n<p>C\u2019est comme le GPS en voiture: il nous guide mais cela ne nous emp\u00eache pas de faire attention. Le GPS ne sait pas si des gens traversent la route quand on passe! L\u2019IA, c\u2019est pareil: \u00e0 utiliser avec intelligence \u00bb, ajoute Olivier Avramo.<\/p>\n<p>Derni\u00e8re question: pour eux, quel adjectif colle \u00e0 la peau du barreau de Toulon? \u00ab\u00a0Convivial.\u00a0\u00bb Et c\u00e9r\u00e9bral.<\/p>\n<p>\u00ab\u00a0Oui, le barreau se porte bien!\u00a0\u00bb<\/p>\n<p>Olivier Ferri reste b\u00e2tonnier de Toulon jusqu\u2019\u00e0 la fin de l\u2019ann\u00e9e. H\u00e2te d\u2019en finir? \u00ab\u00a0Non car c\u2019est passionnant. Mais j\u2019ai \u00e9t\u00e9 surpris par la gestion administrative tr\u00e8s lourde que n\u00e9cessite le quotidien d\u2019un b\u00e2tonnier. Y compris avec des surprises pas pr\u00e9vues! Des cas particuliers \u00e0 traiter auxquels on n\u2019est pas forc\u00e9ment pr\u00e9par\u00e9\u2026 Et puis les r\u00e9clamations des justiciables sont tr\u00e8s importantes aujourd\u2019hui. Il faut y r\u00e9pondre.\u00a0\u00bb<\/p>\n<p>Au chapitre de ses r\u00e9alisations, le b\u00e2tonnier Ferri est fier d\u2019avoir conclu un partenariat avec Dalloz (la bible du droit) sur l\u2019intelligence artificielle. \u00ab\u00a0Cela renforce la documentation pour nous tous. Au service de nos clients\u00a0\u00bb, explique-t-il.<\/p>\n<p>Radicalisation<\/p>\n<p>Secret professionnel \u00e0 d\u00e9fendre, effectifs des avocats, formation pour tous, \u00e9volution du m\u00e9tier\u2026 Autant de chantiers qu\u2019il a fallu attaquer de front. \u00c0 Toulon, comment se porte le barreau? \u00ab\u00a0En bonne sant\u00e9, j\u2019esp\u00e8re! Oui, le barreau de Toulon se porte bien. Le nombre d\u2019avocats se maintient m\u00eame si on a observ\u00e9 une l\u00e9g\u00e8re baisse des inscrits ces derniers temps. Ce qui m\u2019inqui\u00e8te, ce sont davantage les coupes budg\u00e9taires envisag\u00e9es en haut lieu.\u00a0\u00bb<\/p>\n<p>Pour lui, l\u2019activit\u00e9 du barreau de Toulon est un bon barom\u00e8tre de la soci\u00e9t\u00e9. \u00ab\u00a0H\u00e9las, on constate une radicalisation dans la soci\u00e9t\u00e9; de la violence qui vient m\u00eame s\u2019immiscer jusque dans la relation avocat-client. C\u2019est bien dommage.\u00a0\u00bb<\/p>\n<p>Confr\u00e8re et ami avec le nouveau duo \u00e0 la t\u00eate du barreau, Olivier Ferri lui souhaite tout le succ\u00e8s possible. \u00ab\u00a0Nous avons six mois pour ce passage de flambeau mais je suis confiant. Ce duo, c\u2019est un excellent choix!\u00a0\u00bb<\/p>\n<p>Et puisque c\u2019est bient\u00f4t la fin, que regrette-t-il? \u00ab\u00a0De n\u2019avoir pas pu mettre en place toutes les formations que je souhaitais pour mes confr\u00e8res toulonnais. Mais accorder nos agendas \u00e0 tous, c\u2019\u00e9tait infernal!\u00a0\u00bb<\/p>\n","protected":false},"excerpt":{"rendered":"C\u2019est le 1er janvier 2026 que Ma\u00eetres Julie Archippe et Olivier Avramo prendront leurs fonctions de b\u00e2tonnier (s)&hellip;\n","protected":false},"author":2,"featured_media":195508,"comment_status":"","ping_status":"","sticky":false,"template":"","format":"standard","meta":{"footnotes":""},"categories":[9619],"tags":[1111,11,1777,674,1011,27,12,882,25,2310,3366],"class_list":{"0":"post-195507","1":"post","2":"type-post","3":"status-publish","4":"format-standard","5":"has-post-thumbnail","7":"category-toulon","8":"tag-actu","9":"tag-actualites","10":"tag-eu","11":"tag-europe","12":"tag-fr","13":"tag-france","14":"tag-news","15":"tag-provence-alpes-cote-dazur","16":"tag-republique-francaise","17":"tag-toulon","18":"tag-vie-locale"},"share_on_mastodon":{"url":"https:\/\/pubeurope.com\/@fr\/114726257553357206","error":""},"_links":{"self":[{"href":"https:\/\/www.europesays.com\/fr\/wp-json\/wp\/v2\/posts\/195507","targetHints":{"allow":["GET"]}}],"collection":[{"href":"https:\/\/www.europesays.com\/fr\/wp-json\/wp\/v2\/posts"}],"about":[{"href":"https:\/\/www.europesays.com\/fr\/wp-json\/wp\/v2\/types\/post"}],"author":[{"embeddable":true,"href":"https:\/\/www.europesays.com\/fr\/wp-json\/wp\/v2\/users\/2"}],"replies":[{"embeddable":true,"href":"https:\/\/www.europesays.com\/fr\/wp-json\/wp\/v2\/comments?post=195507"}],"version-history":[{"count":0,"href":"https:\/\/www.europesays.com\/fr\/wp-json\/wp\/v2\/posts\/195507\/revisions"}],"wp:featuredmedia":[{"embeddable":true,"href":"https:\/\/www.europesays.com\/fr\/wp-json\/wp\/v2\/media\/195508"}],"wp:attachment":[{"href":"https:\/\/www.europesays.com\/fr\/wp-json\/wp\/v2\/media?parent=195507"}],"wp:term":[{"taxonomy":"category","embeddable":true,"href":"https:\/\/www.europesays.com\/fr\/wp-json\/wp\/v2\/categories?post=195507"},{"taxonomy":"post_tag","embeddable":true,"href":"https:\/\/www.europesays.com\/fr\/wp-json\/wp\/v2\/tags?post=195507"}],"curies":[{"name":"wp","href":"https:\/\/api.w.org\/{rel}","templated":true}]}}