{"id":195511,"date":"2025-06-22T09:16:09","date_gmt":"2025-06-22T09:16:09","guid":{"rendered":"https:\/\/www.europesays.com\/fr\/195511\/"},"modified":"2025-06-22T09:16:09","modified_gmt":"2025-06-22T09:16:09","slug":"un-homme-frappe-au-sol-lors-dune-altercation-entre-sans-abri","status":"publish","type":"post","link":"https:\/\/www.europesays.com\/fr\/195511\/","title":{"rendered":"un homme frapp\u00e9 au sol lors d\u2019une altercation entre sans-abri"},"content":{"rendered":"<p>            Par<br \/>\n        <strong><br \/>\n            <a href=\"https:\/\/actu.fr\/auteur\/metropoop\" title=\"Consulter tous les articles de R\u00e9daction M\u00e9tropolitain\" rel=\"nofollow noopener\" target=\"_blank\">R\u00e9daction M\u00e9tropolitain<\/a><br \/>\n        <\/strong><\/p>\n<p>        Publi\u00e9 le<\/p>\n<p>            22 juin 2025 \u00e0 11h00        <\/p>\n<p><strong>Ce dimanche 22 juin 2025<\/strong>, \u00e0 9h30, une premi\u00e8re altercation \u00e9clate entre deux groupes de sans-abri sur l\u2019esplanade Charles de Gaulle, au niveau du kiosque. Les \u00e9changes sont tendus mais ne d\u00e9g\u00e9n\u00e8rent pas en violences physiques. Les deux groupes finissent par se s\u00e9parer.<\/p>\n<p>    <a href=\"https:\/\/www.google.com\/maps\/embed?pb=!1m18!1m12!1m3!1d23106.53565652367!2d3.8731775999999996!3d43.620761599999994!2m3!1f0!2f0!3f0!3m2!1i1024!2i768!4f13.1!3m3!1m2!1s0x12b6af0a123b5909%3A0x5b07f4e0efeabe1e!2sEsplanade%20Charles-de-Gaulle!5e0!3m2!1sfr!2sfr!4v1750582325785!5m2!1sfr!2sfr\" title=\"Ouvrie le lien\" rel=\"nofollow noopener\" target=\"_blank\">Cliquez ici pour visualiser le contenu<\/a><\/p>\n<p>Seconde altercation sur la Com\u00e9die<\/p>\n<p class=\" wall-content\">Quelques minutes plus tard, l\u2019un des groupes se retrouve sur la place de la Com\u00e9die. Une seconde altercation \u00e9clate. Cette fois, un homme tombe au sol et re\u00e7oit plusieurs coups alors qu\u2019il est \u00e0 terre. Des passantes pr\u00e9sentes sur la Com\u00e9die alertent une patrouille de la brigade Sentinelle d\u00e9j\u00e0 sur place. Les militaires interviennent et mettent fin \u00e0 l\u2019agression. La police nationale arrive quelques minutes apr\u00e8s. Un des protagonistes pr\u00e9sente une blessure l\u00e9g\u00e8re au coude. Aucun d\u00e9p\u00f4t de plainte n\u2019est enregistr\u00e9. Par cons\u00e9quent, aucune interpellation n\u2019a lieu.<\/p>\n<p class=\" wall-content\">Suivez toute l\u2019actualit\u00e9 de vos villes et m\u00e9dias favoris en vous inscrivant \u00e0 <a href=\"https:\/\/moncompte.actu.fr\" title=\"D\u00e9couvez Mon Actu\" rel=\"nofollow noopener\" data-trk=\"{&quot;cta&quot;:{&quot;action&quot;:&quot;https:\\\/\\\/moncompte.actu.fr&quot;,&quot;category&quot;:&quot;mon compte&quot;,&quot;from&quot;:&quot;article footer&quot;,&quot;name&quot;:&quot;Mon actu&quot;,&quot;type&quot;:&quot;cta&quot;}}\" target=\"_blank\">Mon Actu<\/a>.<\/p>\n<ul class=\"ac-article-tag wall-content\">\n<li><a href=\"https:\/\/actu.fr\/tag\/police\" data-trk=\"{&quot;cta&quot;:{&quot;action&quot;:&quot;Police&quot;,&quot;category&quot;:&quot;tag&quot;,&quot;from&quot;:&quot;article footer&quot;,&quot;name&quot;:&quot;Police&quot;,&quot;type&quot;:&quot;cta&quot;}}\" rel=\"nofollow noopener\" target=\"_blank\">#Police<\/a><\/li>\n<li><a href=\"https:\/\/actu.fr\/tag\/violences-urbaines\" data-trk=\"{&quot;cta&quot;:{&quot;action&quot;:&quot;Violences urbaines&quot;,&quot;category&quot;:&quot;tag&quot;,&quot;from&quot;:&quot;article footer&quot;,&quot;name&quot;:&quot;Violences urbaines&quot;,&quot;type&quot;:&quot;cta&quot;}}\" rel=\"nofollow noopener\" target=\"_blank\">#Violences urbaines<\/a><\/li>\n<\/ul>\n","protected":false},"excerpt":{"rendered":"Par R\u00e9daction M\u00e9tropolitain Publi\u00e9 le 22 juin 2025 \u00e0 11h00 Ce dimanche 22 juin 2025, \u00e0 9h30, une&hellip;\n","protected":false},"author":2,"featured_media":195512,"comment_status":"","ping_status":"","sticky":false,"template":"","format":"standard","meta":{"footnotes":""},"categories":[9599],"tags":[1111,11,1777,674,118,1011,27,2208,12,2680,1072,25,7501],"class_list":{"0":"post-195511","1":"post","2":"type-post","3":"status-publish","4":"format-standard","5":"has-post-thumbnail","7":"category-montpellier","8":"tag-actu","9":"tag-actualites","10":"tag-eu","11":"tag-europe","12":"tag-faits-divers","13":"tag-fr","14":"tag-france","15":"tag-montpellier","16":"tag-news","17":"tag-occitanie","18":"tag-police","19":"tag-republique-francaise","20":"tag-violences-urbaines"},"share_on_mastodon":{"url":"https:\/\/pubeurope.com\/@fr\/114726265411727961","error":""},"_links":{"self":[{"href":"https:\/\/www.europesays.com\/fr\/wp-json\/wp\/v2\/posts\/195511","targetHints":{"allow":["GET"]}}],"collection":[{"href":"https:\/\/www.europesays.com\/fr\/wp-json\/wp\/v2\/posts"}],"about":[{"href":"https:\/\/www.europesays.com\/fr\/wp-json\/wp\/v2\/types\/post"}],"author":[{"embeddable":true,"href":"https:\/\/www.europesays.com\/fr\/wp-json\/wp\/v2\/users\/2"}],"replies":[{"embeddable":true,"href":"https:\/\/www.europesays.com\/fr\/wp-json\/wp\/v2\/comments?post=195511"}],"version-history":[{"count":0,"href":"https:\/\/www.europesays.com\/fr\/wp-json\/wp\/v2\/posts\/195511\/revisions"}],"wp:featuredmedia":[{"embeddable":true,"href":"https:\/\/www.europesays.com\/fr\/wp-json\/wp\/v2\/media\/195512"}],"wp:attachment":[{"href":"https:\/\/www.europesays.com\/fr\/wp-json\/wp\/v2\/media?parent=195511"}],"wp:term":[{"taxonomy":"category","embeddable":true,"href":"https:\/\/www.europesays.com\/fr\/wp-json\/wp\/v2\/categories?post=195511"},{"taxonomy":"post_tag","embeddable":true,"href":"https:\/\/www.europesays.com\/fr\/wp-json\/wp\/v2\/tags?post=195511"}],"curies":[{"name":"wp","href":"https:\/\/api.w.org\/{rel}","templated":true}]}}