{"id":195513,"date":"2025-06-22T09:17:16","date_gmt":"2025-06-22T09:17:16","guid":{"rendered":"https:\/\/www.europesays.com\/fr\/195513\/"},"modified":"2025-06-22T09:17:16","modified_gmt":"2025-06-22T09:17:16","slug":"deux-hommes-interpelles-avec-des-couteaux-pendant-la-fete-de-la-musique","status":"publish","type":"post","link":"https:\/\/www.europesays.com\/fr\/195513\/","title":{"rendered":"deux hommes interpell\u00e9s avec des couteaux pendant la f\u00eate de la musique"},"content":{"rendered":"<p>            Par<br \/>\n        <strong><br \/>\n            <a href=\"https:\/\/actu.fr\/auteur\/lea-pippinato\" title=\"Consulter tous les articles de L\u00e9a Pippinato\" target=\"_blank\" rel=\"noopener\">L\u00e9a Pippinato<\/a><br \/>\n        <\/strong><\/p>\n<p>        Publi\u00e9 le<\/p>\n<p>            22 juin 2025 \u00e0 10h37        <\/p>\n<p><strong>Dans la soir\u00e9e de ce samedi 21 juin 2025<\/strong>, \u00e0 l\u2019occasion de la f\u00eate de la musique, les policiers nationaux ont conduit une op\u00e9ration de contr\u00f4les d\u2019identit\u00e9 dans le centre-ville de Montpellier. Cette op\u00e9ration s\u2019est d\u00e9roul\u00e9e sur r\u00e9quisition du procureur de la R\u00e9publique. Les contr\u00f4les visaient sp\u00e9cifiquement les personnes susceptibles de porter des armes de cat\u00e9gorie D. Ce type d\u2019armes comprend notamment les couteaux, matraques, bombes lacrymog\u00e8nes, et certains objets d\u00e9tourn\u00e9s \u00e0 des fins d\u2019agression.<\/p>\n<p>Premi\u00e8re interpellation \u00e0 la gare Saint-Roch<\/p>\n<p class=\" wall-content\">Le premier homme a \u00e9t\u00e9 interpell\u00e9 \u00e0<strong> 18h30<\/strong>, pr\u00e8s de la gare Saint-Roch. La f\u00eate venait de commencer. Lors du contr\u00f4le, il a \u00e9t\u00e9 trouv\u00e9 en possession d\u2019un couteau. Il a oppos\u00e9 une r\u00e9sistance au moment de son interpellation. Des faits de r\u00e9bellion et d\u2019outrage ont \u00e9t\u00e9 constat\u00e9s par les forces de l\u2019ordre.<\/p>\n<p>    <a href=\"https:\/\/www.google.com\/maps\/embed?pb=!1m18!1m12!1m3!1d2889.03872987818!2d3.8752593888934577!3d43.60573519659952!2m3!1f0!2f0!3f0!3m2!1i1024!2i768!4f13.1!3m3!1m2!1s0x12b6afa418d6816b%3A0x1f1ac264758bd635!2sGare%20Saint-Roch!5e0!3m2!1sfr!2sfr!4v1750581411950!5m2!1sfr!2sfr\" title=\"Ouvrie le lien\" target=\"_blank\" rel=\"noopener\">Cliquez ici pour visualiser le contenu<\/a><\/p>\n<p class=\" wall-content\">Le second individu a \u00e9t\u00e9 arr\u00eat\u00e9 plus tard dans la soir\u00e9e, vers <strong>22h<\/strong>. Il se trouvait place de la Com\u00e9die. Lui aussi \u00e9tait en possession d\u2019un couteau. L\u2019interpellation a donn\u00e9 lieu \u00e0 des faits similaires : r\u00e9bellion et outrages envers les agents. Les deux hommes ont \u00e9t\u00e9 conduits au commissariat de police de Montpellier et plac\u00e9s en garde \u00e0 vue.<\/p>\n<p>Un autre incident sans gravit\u00e9 signal\u00e9<\/p>\n<p class=\" wall-content\">Un peu plus t\u00f4t dans la soir\u00e9e, aux alentours de<strong> 21h<\/strong>, une rixe entre deux femmes a eu lieu \u00e0 la station de tramway Corum. L\u2019une d\u2019entre elles s\u2019est retrouv\u00e9e au sol. La police m\u00e9tropolitaine des transports est intervenue. Hormis ces interventions, les festivit\u00e9s se sont d\u00e9roul\u00e9es sans incident majeur. Aucun autre fait notable n\u2019a \u00e9t\u00e9 relev\u00e9 dans le p\u00e9rim\u00e8tre surveill\u00e9.<\/p>\n<p>Vid\u00e9os : en ce moment sur Actu<br \/>\n    <img   decoding=\"async\" loading=\"lazy\" src=\"https:\/\/www.europesays.com\/fr\/wp-content\/uploads\/2025\/06\/capture-decran-2025-06-22-a-103214-960x640.png\" alt=\"Des agents de la police m\u00e9tropolitaine des transports interviennent apr\u00e8s une rixe au niveau de la station Corum.\" width=\"960\" height=\"640\"\/><br \/>\n    Des agents de la police m\u00e9tropolitaine des transports interviennent apr\u00e8s une rixe au niveau de la station Corum. (\u00a9M\u00e9tropolitain)<\/p>\n<p class=\" wall-content\">.<\/p>\n<p class=\" wall-content\">Suivez toute l\u2019actualit\u00e9 de vos villes et m\u00e9dias favoris en vous inscrivant \u00e0 <a href=\"https:\/\/moncompte.actu.fr\" title=\"D\u00e9couvez Mon Actu\" rel=\"nofollow noopener\" data-trk=\"{&quot;cta&quot;:{&quot;action&quot;:&quot;https:\\\/\\\/moncompte.actu.fr&quot;,&quot;category&quot;:&quot;mon compte&quot;,&quot;from&quot;:&quot;article footer&quot;,&quot;name&quot;:&quot;Mon actu&quot;,&quot;type&quot;:&quot;cta&quot;}}\" target=\"_blank\">Mon Actu<\/a>.<\/p>\n","protected":false},"excerpt":{"rendered":"Par L\u00e9a Pippinato Publi\u00e9 le 22 juin 2025 \u00e0 10h37 Dans la soir\u00e9e de ce samedi 21 juin&hellip;\n","protected":false},"author":2,"featured_media":195514,"comment_status":"","ping_status":"","sticky":false,"template":"","format":"standard","meta":{"footnotes":""},"categories":[9599],"tags":[1111,11,1777,674,118,25885,1011,27,2208,12,2680,1072,25,7501],"class_list":{"0":"post-195513","1":"post","2":"type-post","3":"status-publish","4":"format-standard","5":"has-post-thumbnail","7":"category-montpellier","8":"tag-actu","9":"tag-actualites","10":"tag-eu","11":"tag-europe","12":"tag-faits-divers","13":"tag-fete-de-la-musique","14":"tag-fr","15":"tag-france","16":"tag-montpellier","17":"tag-news","18":"tag-occitanie","19":"tag-police","20":"tag-republique-francaise","21":"tag-violences-urbaines"},"share_on_mastodon":{"url":"https:\/\/pubeurope.com\/@fr\/114726269414885836","error":""},"_links":{"self":[{"href":"https:\/\/www.europesays.com\/fr\/wp-json\/wp\/v2\/posts\/195513","targetHints":{"allow":["GET"]}}],"collection":[{"href":"https:\/\/www.europesays.com\/fr\/wp-json\/wp\/v2\/posts"}],"about":[{"href":"https:\/\/www.europesays.com\/fr\/wp-json\/wp\/v2\/types\/post"}],"author":[{"embeddable":true,"href":"https:\/\/www.europesays.com\/fr\/wp-json\/wp\/v2\/users\/2"}],"replies":[{"embeddable":true,"href":"https:\/\/www.europesays.com\/fr\/wp-json\/wp\/v2\/comments?post=195513"}],"version-history":[{"count":0,"href":"https:\/\/www.europesays.com\/fr\/wp-json\/wp\/v2\/posts\/195513\/revisions"}],"wp:featuredmedia":[{"embeddable":true,"href":"https:\/\/www.europesays.com\/fr\/wp-json\/wp\/v2\/media\/195514"}],"wp:attachment":[{"href":"https:\/\/www.europesays.com\/fr\/wp-json\/wp\/v2\/media?parent=195513"}],"wp:term":[{"taxonomy":"category","embeddable":true,"href":"https:\/\/www.europesays.com\/fr\/wp-json\/wp\/v2\/categories?post=195513"},{"taxonomy":"post_tag","embeddable":true,"href":"https:\/\/www.europesays.com\/fr\/wp-json\/wp\/v2\/tags?post=195513"}],"curies":[{"name":"wp","href":"https:\/\/api.w.org\/{rel}","templated":true}]}}