{"id":195515,"date":"2025-06-22T09:18:08","date_gmt":"2025-06-22T09:18:08","guid":{"rendered":"https:\/\/www.europesays.com\/fr\/195515\/"},"modified":"2025-06-22T09:18:08","modified_gmt":"2025-06-22T09:18:08","slug":"aucune-taxe-ne-sera-creee","status":"publish","type":"post","link":"https:\/\/www.europesays.com\/fr\/195515\/","title":{"rendered":"\u00ab Aucune taxe ne sera cr\u00e9\u00e9e\u2009\u00bb"},"content":{"rendered":"<p>            Par<br \/>\n        <strong><br \/>\n            <a href=\"https:\/\/actu.fr\/auteur\/thomas-rideau\" title=\"Consulter tous les articles de Thomas Rideau\" target=\"_blank\" rel=\"noopener\">Thomas Rideau<\/a><br \/>\n        <\/strong><\/p>\n<p>        Publi\u00e9 le<\/p>\n<p>            22 juin 2025 \u00e0 11h06        <\/p>\n<p>La gratuit\u00e9 des transports en commun <a href=\"https:\/\/actu.fr\/normandie\/rouen_76540\/exclu-les-transports-en-commun-de-rouen-bientot-gratuits-pour-les-moins-de-18-ans-on-vous-explique-tout_62787879.html\" target=\"_blank\" rel=\"noopener\">pour les moins de 18\u00a0ans<\/a> sera propos\u00e9e au conseil m\u00e9tropolitain, ce 30\u00a0juin 2025. Un pas social en avant important pour les habitants de la M\u00e9tropole de <a href=\"https:\/\/actu.fr\/normandie\/rouen_76540\" target=\"_blank\" rel=\"noopener\">Rouen (Seine-Maritime)<\/a>.<strong> Cyrille Moreau<\/strong>, vice-pr\u00e9sident aux mobilit\u00e9s, explique \u00e0 76actu les coulisses et les raisons de cette d\u00e9cision.<\/p>\n<p>\u00ab\u2009Plus de gratuit\u00e9 et plus d\u2019offres\u2009\u00bb<\/p>\n<p class=\" wall-content\"><strong>Vous avez d\u00e9cid\u00e9 de rendre les transports en commun gratuits pour les moins de 18\u00a0ans. Qu\u2019est-ce qui motive cette d\u00e9cision\u2009?<\/strong><\/p>\n<p class=\" wall-content\">Depuis le d\u00e9but du mandat, notre politique pour les transports publics doit r\u00e9pondre \u00e0 des enjeux sanitaires, de pouvoir d\u2019achat et climatique. Et pour y r\u00e9pondre, notre strat\u00e9gie repose sur deux jambes\u2009: plus de gratuit\u00e9 et plus d\u2019offres. <strong>Tous les ans, on rajoute de l\u2019offre<\/strong>. Et tous les ans, on progresse sur la gratuit\u00e9 int\u00e9grale. Il y a la gratuit\u00e9 le samedi, pour les \u00e9v\u00e9nements comme l\u2019<a href=\"https:\/\/actu.fr\/normandie\/rouen_76540\/bateaux-dates-organisation-decouvrez-les-premiers-contours-de-l-armada-2027-de-rouen_62796325.html\" target=\"_blank\" rel=\"noopener\">Armada<\/a>, lors des pics de pollution, pour les sorties scolaires\u2026<\/p>\n<p class=\" wall-content\"><strong>Et maintenant pour les moins de 18\u00a0ans<\/strong><\/p>\n<p class=\" wall-content\">Plusieurs hypoth\u00e8ses ont \u00e9t\u00e9 \u00e9tudi\u00e9es. Les moins de 18 ans, les moins de 26 ans, les seniors, le dimanche\u2026 On a d\u00e9cid\u00e9 de<strong> retenir le crit\u00e8re de l\u2019\u00e2ge<\/strong> et de prendre les moins de 18\u00a0ans. On consid\u00e8re que les retrait\u00e9s ont un pouvoir d\u2019achat sup\u00e9rieur aux jeunes. Et le dimanche, on n\u2019a pas retenu l\u2019hypoth\u00e8se, car il y a peu d\u2019offres et l\u2019exp\u00e9rience n\u2019aurait pas \u00e9t\u00e9 satisfaisante. <strong>L\u00e0, on d\u00e9cide d\u2019aller vers les jeunes<\/strong>. On pense que c\u2019est tr\u00e8s important d\u2019habituer les jeunes aux transports publics. C\u2019est une action qui s\u2019inscrit au long cours. On esp\u00e8re que lorsqu\u2019ils auront d\u00e9pass\u00e9 l\u2019\u00e2ge, ils continueront \u00e0 emprunter les bus. C\u2019est une action d\u2019\u00e9ducation. <strong>Une mesure sociale et \u00e9ducative<\/strong>.<\/p>\n<p class=\" wall-content\">\u00c0 titre d\u2019\u00e9lu appartenant \u00e0 un groupe \u00e9cologiste, j\u2019aurais souhait\u00e9 qu\u2019on aille jusqu\u2019\u00e0 26\u00a0ans, mais <strong>on n\u2019a pas encore les ressources financi\u00e8res<\/strong> n\u00e9cessaires.<\/p>\n<p class=\" wall-content\"><strong>Combien va co\u00fbter cette mesure\u2009?<\/strong><\/p>\n<p class=\" wall-content\">La perte de recette pour la gratuit\u00e9 des moins de 18\u00a0ans, c\u2019est 4,3\u00a0millions d\u2019euros. Si on rajoute les 18 \u00e0 26\u00a0ans, c\u2019est<strong> 8,6\u00a0millions d\u2019euros en plus<\/strong> (donc 13\u00a0millions au total). Il faut qu\u2019on conserve des moyens pour renforcer notre seconde jambe, l\u2019extension de l\u2019offre.<\/p>\n<p class=\" wall-content\"><strong>Comment va-t-on financer cette somme de 4,3\u00a0millions d\u2019euros\u2009?<\/strong><\/p>\n<p class=\" wall-content\">D\u00e9j\u00e0, on ne touche \u00e0 aucun autre abonnement.<strong> Aucune taxe ne va \u00eatre cr\u00e9\u00e9e<\/strong>. Si le conseil communautaire <a href=\"https:\/\/actu.fr\/normandie\/rouen_76540\/info-76actu-qui-sera-le-prochain-gestionnaire-du-reseau-astuce-a-rouen-un-favori-se-dessine-avant-le-vote_62763399.html\" target=\"_blank\" rel=\"noopener\">vote pour le nouveau d\u00e9l\u00e9gataire<\/a> lors de ce m\u00eame conseil m\u00e9tropolitain, c\u2019est gr\u00e2ce aux \u00e9conomies faites par le biais de ce nouveau contrat qu\u2019on finance cette gratuit\u00e9. Mais ni nouvelle taxe, ni augmentation des tarifs.<\/p>\n<p class=\" wall-content\"><strong>\u00c0 quelle prochaine \u00e9tape pouvons-nous nous attendre pour la gratuit\u00e9 des transports<\/strong><\/p>\n<p class=\" wall-content\">On va continuer, d\u00e8s la rentr\u00e9e 2026, avec la mise en place de <strong>la tarification solidaire<\/strong>. Des quotients seront calcul\u00e9s pour les familles et il y aura diff\u00e9rent seuil, mais \u00e7a sera de la gratuit\u00e9 en plus. Cette nouvelle tarification permettra de corriger les effets de bords des tarifs actuels. Pour ce qui est du financement de <strong>la gratuit\u00e9 des transports en commun pour les moins de 26\u00a0ans<\/strong>, on ne sait pas encore comment faire. Il faudra regarder le mode de financement du budget des mobilit\u00e9s. Ce budget est <a href=\"https:\/\/www.cerema.fr\/fr\/actualites\/quelle-place-du-versement-mobilite-financement-mobilites\" target=\"_blank\" rel=\"noopener\">financ\u00e9 par un versement mobilit\u00e9 pr\u00e9lev\u00e9 sur les entreprises<\/a>. Le taux est de 2\u2009% en France, sauf \u00e0 Paris o\u00f9 il est de 2,95\u2009%. Il n\u2019y a donc pas d\u2019\u00e9galit\u00e9 dans le service public. Si Rouen avait ce taux de 2,95\u2009%, le diff\u00e9rentiel serait de 55 millions. Largement de quoi financer la gratuit\u00e9 des moins de 26 ans, mais aussi d\u2019investir dans des projets, de nouveaux tramways, des bus, des lignes\u2026<\/p>\n<p>Suivez l\u2019actualit\u00e9 de Rouen <a href=\"https:\/\/www.whatsapp.com\/channel\/0029VaKfnf99hXF2ddApFB1D\" target=\"_blank\" rel=\"noopener\">sur notre cha\u00eene WhatsApp<\/a> et <a href=\"https:\/\/www.tiktok.com\/@76actu.fr?lang=fr\" target=\"_blank\" rel=\"noopener\">sur notre compte Tik Tok<\/a><\/p>\n<p class=\" wall-content\">Suivez toute l\u2019actualit\u00e9 de vos villes et m\u00e9dias favoris en vous inscrivant \u00e0 <a href=\"https:\/\/moncompte.actu.fr\" title=\"D\u00e9couvez Mon Actu\" rel=\"nofollow noopener\" data-trk=\"{&quot;cta&quot;:{&quot;action&quot;:&quot;https:\\\/\\\/moncompte.actu.fr&quot;,&quot;category&quot;:&quot;mon compte&quot;,&quot;from&quot;:&quot;article footer&quot;,&quot;name&quot;:&quot;Mon actu&quot;,&quot;type&quot;:&quot;cta&quot;}}\" target=\"_blank\">Mon Actu<\/a>.<\/p>\n<p>                    <script async src=\"\/\/www.tiktok.com\/embed.js\"><\/script><\/p>\n","protected":false},"excerpt":{"rendered":"Par Thomas Rideau Publi\u00e9 le 22 juin 2025 \u00e0 11h06 La gratuit\u00e9 des transports en commun pour les&hellip;\n","protected":false},"author":2,"featured_media":195516,"comment_status":"","ping_status":"","sticky":false,"template":"","format":"standard","meta":{"footnotes":""},"categories":[9587],"tags":[1111,11,1777,674,1011,27,9725,12,5161,25,9726,9590,104,2803],"class_list":{"0":"post-195515","1":"post","2":"type-post","3":"status-publish","4":"format-standard","5":"has-post-thumbnail","7":"category-rouen","8":"tag-actu","9":"tag-actualites","10":"tag-eu","11":"tag-europe","12":"tag-fr","13":"tag-france","14":"tag-metropole-rouen","15":"tag-news","16":"tag-normandie","17":"tag-republique-francaise","18":"tag-reseau-astuce-tcar","19":"tag-rouen","20":"tag-societe","21":"tag-transport"},"share_on_mastodon":{"url":"https:\/\/pubeurope.com\/@fr\/114726273333113683","error":""},"_links":{"self":[{"href":"https:\/\/www.europesays.com\/fr\/wp-json\/wp\/v2\/posts\/195515","targetHints":{"allow":["GET"]}}],"collection":[{"href":"https:\/\/www.europesays.com\/fr\/wp-json\/wp\/v2\/posts"}],"about":[{"href":"https:\/\/www.europesays.com\/fr\/wp-json\/wp\/v2\/types\/post"}],"author":[{"embeddable":true,"href":"https:\/\/www.europesays.com\/fr\/wp-json\/wp\/v2\/users\/2"}],"replies":[{"embeddable":true,"href":"https:\/\/www.europesays.com\/fr\/wp-json\/wp\/v2\/comments?post=195515"}],"version-history":[{"count":0,"href":"https:\/\/www.europesays.com\/fr\/wp-json\/wp\/v2\/posts\/195515\/revisions"}],"wp:featuredmedia":[{"embeddable":true,"href":"https:\/\/www.europesays.com\/fr\/wp-json\/wp\/v2\/media\/195516"}],"wp:attachment":[{"href":"https:\/\/www.europesays.com\/fr\/wp-json\/wp\/v2\/media?parent=195515"}],"wp:term":[{"taxonomy":"category","embeddable":true,"href":"https:\/\/www.europesays.com\/fr\/wp-json\/wp\/v2\/categories?post=195515"},{"taxonomy":"post_tag","embeddable":true,"href":"https:\/\/www.europesays.com\/fr\/wp-json\/wp\/v2\/tags?post=195515"}],"curies":[{"name":"wp","href":"https:\/\/api.w.org\/{rel}","templated":true}]}}