{"id":195517,"date":"2025-06-22T09:19:15","date_gmt":"2025-06-22T09:19:15","guid":{"rendered":"https:\/\/www.europesays.com\/fr\/195517\/"},"modified":"2025-06-22T09:19:15","modified_gmt":"2025-06-22T09:19:15","slug":"la-derniere-galerie-dantiquites-de-la-place-barthelemy-a-rouen-se-refait-une-beaute-et-rouvre-au-public","status":"publish","type":"post","link":"https:\/\/www.europesays.com\/fr\/195517\/","title":{"rendered":"La derni\u00e8re galerie d&rsquo;antiquit\u00e9s de la place Barth\u00e9l\u00e9my \u00e0 Rouen se refait une beaut\u00e9 et rouvre au public"},"content":{"rendered":"<p>            Par<br \/>\n        <strong><br \/>\n            <a href=\"https:\/\/actu.fr\/auteur\/fmass\" title=\"Consulter tous les articles de Fabien Massin\" rel=\"nofollow noopener\" target=\"_blank\">Fabien Massin<\/a><br \/>\n        <\/strong><\/p>\n<p>        Publi\u00e9 le<\/p>\n<p>            22 juin 2025 \u00e0 10h08        <\/p>\n<p>C\u2019est la derni\u00e8re galerie d\u2019antiquit\u00e9s de la place Barth\u00e9l\u00e9my, au pied de l\u2019\u00e9glise Saint-Maclou \u00e0 <a href=\"https:\/\/actu.fr\/normandie\/rouen_76540\" rel=\"nofollow noopener\" target=\"_blank\">Rouen (Seine-Maritime)<\/a>\u2009: la galerie M\u00e9tais.<strong> Une galerie centenaire, familiale, pr\u00e9sente \u00e0 cette m\u00eame adresse depuis 1925<\/strong>. \u00c0 l\u2019occasion de cet anniversaire, des travaux sont effectu\u00e9s et le lieu rouvrira au public \u00e0 la rentr\u00e9e de septembre.<\/p>\n<p class=\" wall-content\">Depuis 2006, c\u2019est <strong>Christine M\u00e9tais*<\/strong>, troisi\u00e8me g\u00e9n\u00e9ration d\u2019antiquaires, qui tient la galerie. \u00ab\u2009La galerie a \u00e9t\u00e9 cr\u00e9\u00e9e par mon grand-p\u00e8re Pierre en 1925, antiquaire g\u00e9n\u00e9raliste, qui avait \u00e9galement une pr\u00e9dilection pour le mobilier des p\u00e9riodes XVIIe et XVIIIe\u00a0si\u00e8cle\u2009\u00bb, raconte la galeriste. \u00ab\u2009Mon p\u00e8re a suivi le pas en accentuant la partie fa\u00efences de Rouen.\u2009\u00bb<\/p>\n<p>Nouvelle jeunesse tout en gardant son \u00e2me<\/p>\n<p class=\" wall-content\">Apr\u00e8s avoir \u00e9paul\u00e9 son p\u00e8re Henri, <strong>Christine M\u00e9tais reprend la galerie en 2006<\/strong>, apportant elle-m\u00eame sa propre touche, en \u00e9toffant l\u2019offre jusqu\u2019au design du XXe si\u00e8cle. En 2018 elle ouvre une seconde galerie rue Beauvoisine. \u00c0 partir de l\u00e0, la galerie du quartier Saint-Maclou n\u2019est plus ouverte au public, mais est utilis\u00e9e comme base arri\u00e8re, stocks et bureaux.<\/p>\n<p class=\" wall-content\">Mais la galeriste a d\u00e9cid\u00e9 de redonner une nouvelle jeunesse \u00e0 l\u2019adresse historique, en engageant des travaux \u00e0 l\u2019int\u00e9rieur et \u00e0 l\u2019ext\u00e9rieur, \u00ab\u2009sans trahir l\u2019\u00e2me du lieu\u2009\u00bb, souligne-t-elle. \u00c0 l\u2019int\u00e9rieur, les boiseries ont \u00e9t\u00e9 reprises et restaur\u00e9es, des dorures ont \u00e9t\u00e9 ajout\u00e9es, la peinture a \u00e9t\u00e9 refaite \u2014<strong> dans deux tons verts nouveaux \u2014<\/strong>, l\u2019\u00e9lectricit\u00e9 et le chauffage \u00e9galement, etc. \u00c0 l\u2019ext\u00e9rieur, la fa\u00e7ade a \u00e9t\u00e9 repeinte \u00e0 l\u2019identique. Les travaux ont d\u00e9marr\u00e9 d\u00e9but mai.<\/p>\n<p>Retour du grand public<\/p>\n<p class=\" wall-content\">Et le grand public pourra voir le r\u00e9sultat \u00e0 partir de septembre. En effet, la galerie va \u00eatre \u00e0 nouveau ouverte \u00e0 tous, et tous les achats et ventes se feront ici. \u00ab\u2009La galerie de la jolie place Barth\u00e9l\u00e9my est un peu une irr\u00e9ductible, <strong>presque un symbole de r\u00e9sistance<\/strong>. Auparavant la place comptait plusieurs antiquaires qui ont tour \u00e0 tour ferm\u00e9\u2009\u00bb, se souvient Christine.<\/p>\n<blockquote class=\"ac-article-quote wall-content\">\n<p>Cette adresse historique redevient le centre d&rsquo;activit\u00e9 de la galerie, pour moi c&rsquo;est beaucoup d&rsquo;\u00e9motions, cela repr\u00e9sente une histoire familiale, j&rsquo;ai grandi dans ce quartier, au-dessus de la galerie.<\/p>\n<p>    <strong>Christine M\u00e9tais<\/strong>\n            <\/p><\/blockquote>\n<p>Vid\u00e9os : en ce moment sur Actu<br \/>\n    <img   decoding=\"async\" loading=\"lazy\" src=\"https:\/\/www.europesays.com\/fr\/wp-content\/uploads\/2025\/06\/place-barthelemy-rouen-metais-960x640.jpg\" alt=\"La galerie M\u00e9tais se situe entre la rue de la R\u00e9publique et la rue Damiette. \" width=\"960\" height=\"640\"\/><br \/>\n    La galerie M\u00e9tais est la derni\u00e8re galerie d\u2019antiquit\u00e9s de la place Bath\u00e9l\u00e9my, au pied de l\u2019\u00e9glise Saint-Maclou \u00e0 Rouen (\u00a9FM\/76actu)<\/p>\n<p class=\" wall-content\">*Christine M\u00e9tais est titulaire d\u2019un Master 2 d\u2019Histoire de l\u2019art et d\u2019un DU d\u2019expertise l\u00e9gale. Elle a publi\u00e9 avec son p\u00e8re l\u2019ouvrage Fa\u00efences de Rouen, manufacture de Lavavasseur au petit feu (2010). On peut aussi la voir comme acheteuse dans l\u2019\u00e9mission Affaire conclue sur France 2.<\/p>\n<p>Suivez l\u2019actualit\u00e9 de la galerie M\u00e9tais sur <a href=\"https:\/\/www.instagram.com\/christine_metais\/?hl=fr\" rel=\"nofollow noopener\" target=\"_blank\">Instagram<\/a>Suivez l\u2019actualit\u00e9 de Rouen sur notre <a href=\"https:\/\/www.whatsapp.com\/channel\/0029VaKfnf99hXF2ddApFB1D\" rel=\"nofollow noopener\" target=\"_blank\">cha\u00eene WhatsApp<\/a> et sur notre <a href=\"https:\/\/www.tiktok.com\/@76actu.fr?lang=fr\" rel=\"nofollow noopener\" target=\"_blank\">compte TikTok<\/a><\/p>\n<p class=\" wall-content\">Suivez toute l\u2019actualit\u00e9 de vos villes et m\u00e9dias favoris en vous inscrivant \u00e0 <a href=\"https:\/\/moncompte.actu.fr\" title=\"D\u00e9couvez Mon Actu\" rel=\"nofollow noopener\" data-trk=\"{&quot;cta&quot;:{&quot;action&quot;:&quot;https:\\\/\\\/moncompte.actu.fr&quot;,&quot;category&quot;:&quot;mon compte&quot;,&quot;from&quot;:&quot;article footer&quot;,&quot;name&quot;:&quot;Mon actu&quot;,&quot;type&quot;:&quot;cta&quot;}}\" target=\"_blank\">Mon Actu<\/a>.<\/p>\n<p>                    <script async src=\"\/\/www.instagram.com\/embed.js\"><\/script><script async src=\"\/\/www.tiktok.com\/embed.js\"><\/script><\/p>\n","protected":false},"excerpt":{"rendered":"Par Fabien Massin Publi\u00e9 le 22 juin 2025 \u00e0 10h08 C\u2019est la derni\u00e8re galerie d\u2019antiquit\u00e9s de la place&hellip;\n","protected":false},"author":2,"featured_media":195518,"comment_status":"","ping_status":"","sticky":false,"template":"","format":"standard","meta":{"footnotes":""},"categories":[9587],"tags":[1111,11,1477,1777,674,1011,27,937,1652,12,5161,2551,25,9590],"class_list":{"0":"post-195517","1":"post","2":"type-post","3":"status-publish","4":"format-standard","5":"has-post-thumbnail","7":"category-rouen","8":"tag-actu","9":"tag-actualites","10":"tag-artisanat","11":"tag-eu","12":"tag-europe","13":"tag-fr","14":"tag-france","15":"tag-histoire","16":"tag-loisirs-culture","17":"tag-news","18":"tag-normandie","19":"tag-patrimoine","20":"tag-republique-francaise","21":"tag-rouen"},"share_on_mastodon":{"url":"https:\/\/pubeurope.com\/@fr\/114726277258978768","error":""},"_links":{"self":[{"href":"https:\/\/www.europesays.com\/fr\/wp-json\/wp\/v2\/posts\/195517","targetHints":{"allow":["GET"]}}],"collection":[{"href":"https:\/\/www.europesays.com\/fr\/wp-json\/wp\/v2\/posts"}],"about":[{"href":"https:\/\/www.europesays.com\/fr\/wp-json\/wp\/v2\/types\/post"}],"author":[{"embeddable":true,"href":"https:\/\/www.europesays.com\/fr\/wp-json\/wp\/v2\/users\/2"}],"replies":[{"embeddable":true,"href":"https:\/\/www.europesays.com\/fr\/wp-json\/wp\/v2\/comments?post=195517"}],"version-history":[{"count":0,"href":"https:\/\/www.europesays.com\/fr\/wp-json\/wp\/v2\/posts\/195517\/revisions"}],"wp:featuredmedia":[{"embeddable":true,"href":"https:\/\/www.europesays.com\/fr\/wp-json\/wp\/v2\/media\/195518"}],"wp:attachment":[{"href":"https:\/\/www.europesays.com\/fr\/wp-json\/wp\/v2\/media?parent=195517"}],"wp:term":[{"taxonomy":"category","embeddable":true,"href":"https:\/\/www.europesays.com\/fr\/wp-json\/wp\/v2\/categories?post=195517"},{"taxonomy":"post_tag","embeddable":true,"href":"https:\/\/www.europesays.com\/fr\/wp-json\/wp\/v2\/tags?post=195517"}],"curies":[{"name":"wp","href":"https:\/\/api.w.org\/{rel}","templated":true}]}}