{"id":195519,"date":"2025-06-22T09:20:12","date_gmt":"2025-06-22T09:20:12","guid":{"rendered":"https:\/\/www.europesays.com\/fr\/195519\/"},"modified":"2025-06-22T09:20:12","modified_gmt":"2025-06-22T09:20:12","slug":"grenoble-une-dizaine-de-jeunes-femmes-victimes-de-piqures-lors-de-la-fete-de-la-musique","status":"publish","type":"post","link":"https:\/\/www.europesays.com\/fr\/195519\/","title":{"rendered":"Grenoble. Une dizaine de jeunes femmes victimes de piq\u00fbres lors de la F\u00eate de la musique"},"content":{"rendered":"<p>La menace qui avait \u00e9t\u00e9 annonc\u00e9e sur les r\u00e9seaux sociaux ces derniers jours s\u2019est confirm\u00e9e lors de la <a href=\"https:\/\/www.ledauphine.com\/culture-loisirs\/2025\/06\/21\/isere-en-images-une-fete-de-la-musique-caniculaire-lance-l-ete-en-isere\" target=\"_blank\" rel=\"nofollow noopener\">F\u00eate de la musique<\/a>, \u00e0 Grenoble. Au cours de la soir\u00e9e, neuf jeunes femmes sont en effet all\u00e9es trouver les secouristes positionn\u00e9s sur les diff\u00e9rents postes de secours mis en place lors de cet \u00e9v\u00e9nement pour leur expliquer avoir ressenti une vive douleur caract\u00e9ristique d\u2019une piq\u00fbre. Aucune de ces jeunes femmes n\u2019aurait en revanche, selon nos informations, pr\u00e9sent\u00e9 de sympt\u00f4mes de troubles cognitifs \u00e0 la suite de ces piq\u00fbres.<\/p>\n<p>Si certaines n\u2019ont pas souhait\u00e9 ni d\u00e9poser plainte ni faire l\u2019objet d\u2019un examen m\u00e9dical plus pouss\u00e9 et ont poursuivi leur soir\u00e9e, d\u2019autres victimes ont en revanche \u00e9t\u00e9 transport\u00e9es au CHU Grenoble Alpes pour y \u00eatre examin\u00e9es et subir des analyses m\u00e9dicales visant \u00e0 \u00e9tablir si une substance quelconque pouvait leur avoir \u00e9t\u00e9 inject\u00e9e \u00e0 leur insu et ont d\u00e9pos\u00e9 plainte.<\/p>\n<p>  Aucun suspect n\u2019a \u00e9t\u00e9 interpell\u00e9<\/p>\n<p>Une enqu\u00eate est donc en cours pour tenter de d\u00e9terminer l\u2019origine de ces piq\u00fbres et identifier le ou les auteurs de ces faits.<\/p>\n<p>Selon nos informations, vers 20 heures, une jeune femme disant avoir \u00e9t\u00e9 victime d\u2019une piq\u00fbre alors qu\u2019elle se trouvait place du Docteur-L\u00e9on-Martin aurait fait circuler le signalement d\u2019un suspect sur les r\u00e9seaux sociaux. Plusieurs personnes auraient ensuite rapport\u00e9 avoir vu un ou plusieurs hommes pouvant correspondre \u00e0 la description donn\u00e9e par la jeune femme. Mais, aucun suspect n\u2019a \u00e9t\u00e9 interpell\u00e9 par la police.<\/p>\n","protected":false},"excerpt":{"rendered":"La menace qui avait \u00e9t\u00e9 annonc\u00e9e sur les r\u00e9seaux sociaux ces derniers jours s\u2019est confirm\u00e9e lors de la&hellip;\n","protected":false},"author":2,"featured_media":195520,"comment_status":"","ping_status":"","sticky":false,"template":"","format":"standard","meta":{"footnotes":""},"categories":[9566],"tags":[1111,11,2430,271,272,112,1777,674,274,107,1011,27,2731,2732,108,12,25],"class_list":{"0":"post-195519","1":"post","2":"type-post","3":"status-publish","4":"format-standard","5":"has-post-thumbnail","7":"category-grenoble","8":"tag-actu","9":"tag-actualites","10":"tag-auvergne-rhone-alpes","11":"tag-crime","12":"tag-delit-et-contravention","13":"tag-edition-grenoble-agglomeration","14":"tag-eu","15":"tag-europe","16":"tag-faits-divers-justice","17":"tag-fil-info","18":"tag-fr","19":"tag-france","20":"tag-grenoble","21":"tag-grenoble-bassin","22":"tag-isere","23":"tag-news","24":"tag-republique-francaise"},"share_on_mastodon":{"url":"https:\/\/pubeurope.com\/@fr\/114726281080695038","error":""},"_links":{"self":[{"href":"https:\/\/www.europesays.com\/fr\/wp-json\/wp\/v2\/posts\/195519","targetHints":{"allow":["GET"]}}],"collection":[{"href":"https:\/\/www.europesays.com\/fr\/wp-json\/wp\/v2\/posts"}],"about":[{"href":"https:\/\/www.europesays.com\/fr\/wp-json\/wp\/v2\/types\/post"}],"author":[{"embeddable":true,"href":"https:\/\/www.europesays.com\/fr\/wp-json\/wp\/v2\/users\/2"}],"replies":[{"embeddable":true,"href":"https:\/\/www.europesays.com\/fr\/wp-json\/wp\/v2\/comments?post=195519"}],"version-history":[{"count":0,"href":"https:\/\/www.europesays.com\/fr\/wp-json\/wp\/v2\/posts\/195519\/revisions"}],"wp:featuredmedia":[{"embeddable":true,"href":"https:\/\/www.europesays.com\/fr\/wp-json\/wp\/v2\/media\/195520"}],"wp:attachment":[{"href":"https:\/\/www.europesays.com\/fr\/wp-json\/wp\/v2\/media?parent=195519"}],"wp:term":[{"taxonomy":"category","embeddable":true,"href":"https:\/\/www.europesays.com\/fr\/wp-json\/wp\/v2\/categories?post=195519"},{"taxonomy":"post_tag","embeddable":true,"href":"https:\/\/www.europesays.com\/fr\/wp-json\/wp\/v2\/tags?post=195519"}],"curies":[{"name":"wp","href":"https:\/\/api.w.org\/{rel}","templated":true}]}}