{"id":195526,"date":"2025-06-22T09:24:56","date_gmt":"2025-06-22T09:24:56","guid":{"rendered":"https:\/\/www.europesays.com\/fr\/195526\/"},"modified":"2025-06-22T09:24:56","modified_gmt":"2025-06-22T09:24:56","slug":"un-homme-entre-la-vie-et-la-mort-apres-avoir-ete-poignarde-rue-des-grandes-arcades","status":"publish","type":"post","link":"https:\/\/www.europesays.com\/fr\/195526\/","title":{"rendered":"un homme entre la vie et la mort apr\u00e8s avoir \u00e9t\u00e9 poignard\u00e9 rue des Grandes-Arcades"},"content":{"rendered":"<p>            Par<br \/>\n        <strong><br \/>\n            <a href=\"https:\/\/actu.fr\/auteur\/ivan-capecchi\" title=\"Consulter tous les articles de Ivan CAPECCHI\" rel=\"nofollow noopener\" target=\"_blank\">Ivan CAPECCHI<\/a><br \/>\n        <\/strong><\/p>\n<p>        Publi\u00e9 le<\/p>\n<p>            19 juin 2025 \u00e0 9h18<br \/>\n        ; mis \u00e0 jour le 19 juin 2025 \u00e0 10h30    <\/p>\n<p>Dans la nuit de mercredi \u00e0 jeudi, un <strong>homme de 36\u00a0ans a \u00e9t\u00e9 poignard\u00e9 \u00e0 plusieurs reprises<\/strong> au niveau de la <a href=\"https:\/\/actu.fr\/grand-est\/strasbourg_67482\/strasbourg-pourquoi-l-eau-coulait-elle-a-flots-dans-la-rue-des-grandes-arcades-ce-matin_62543069.html\" rel=\"nofollow noopener\" target=\"_blank\">rue des Grandes-Arcades<\/a>, \u00e0 Strasbourg.<\/p>\n<p class=\" wall-content\">Il pr\u00e9sente de <strong>multiples plaies<\/strong> et son <strong>pronostic vital est engag\u00e9<\/strong>.<\/p>\n<p>L\u2019agresseur toujours en fuite<\/p>\n<p class=\" wall-content\">La victime a \u00e9t\u00e9 transport\u00e9e en urgence absolue vers l\u2019<a href=\"https:\/\/actu.fr\/grand-est\/strasbourg_67482\/strasbourg-ces-hopitaux-font-partie-des-meilleurs-de-france-d-apres-ce-classement-2024_60828016.html\" rel=\"nofollow noopener\" target=\"_blank\">h\u00f4pital de Hautepierre<\/a>, \u00e0 Strasbourg, d\u2019apr\u00e8s les <a href=\"https:\/\/actu.fr\/tag\/pompiers\" rel=\"nofollow noopener\" target=\"_blank\">pompiers<\/a>.<\/p>\n<p class=\" wall-content\"><strong>L\u2019agresseur est toujours en fuite<\/strong> ce jeudi matin.<\/p>\n<p>Vid\u00e9os : en ce moment sur ActuLa victime d\u2019abord asperg\u00e9e de gaz lacrymog\u00e8ne<\/p>\n<p class=\" wall-content\">Selon une source polici\u00e8re, la victime a d\u2019abord \u00e9t\u00e9 <strong>asperg\u00e9e de gaz lacrymog\u00e8ne<\/strong> avant d\u2019\u00eatre lard\u00e9e de plusieurs coups de couteau.<\/p>\n<p class=\" wall-content\">\u00ab\u00a0On se dirige vers un <strong>diff\u00e9rend qui aurait eu lieu [plus t\u00f4t]<\/strong>\u00ab\u00a0, indique une autre source polici\u00e8re.<\/p>\n<p class=\" wall-content\">\u00c0 ce stade, impossible de dire si les deux individus se connaissent ou pas.<\/p>\n<p class=\" wall-content\">Suivez toute l\u2019actualit\u00e9 de vos villes et m\u00e9dias favoris en vous inscrivant \u00e0 <a href=\"https:\/\/moncompte.actu.fr\" title=\"D\u00e9couvez Mon Actu\" rel=\"nofollow noopener\" data-trk=\"{&quot;cta&quot;:{&quot;action&quot;:&quot;https:\\\/\\\/moncompte.actu.fr&quot;,&quot;category&quot;:&quot;mon compte&quot;,&quot;from&quot;:&quot;article footer&quot;,&quot;name&quot;:&quot;Mon actu&quot;,&quot;type&quot;:&quot;cta&quot;}}\" target=\"_blank\">Mon Actu<\/a>.<\/p>\n","protected":false},"excerpt":{"rendered":"Par Ivan CAPECCHI Publi\u00e9 le 19 juin 2025 \u00e0 9h18 ; mis \u00e0 jour le 19 juin 2025&hellip;\n","protected":false},"author":2,"featured_media":195527,"comment_status":"","ping_status":"","sticky":false,"template":"","format":"standard","meta":{"footnotes":""},"categories":[2820],"tags":[1111,11,1777,674,118,1011,27,775,6272,12,1072,1311,25,640],"class_list":{"0":"post-195526","1":"post","2":"type-post","3":"status-publish","4":"format-standard","5":"has-post-thumbnail","7":"category-strasbourg","8":"tag-actu","9":"tag-actualites","10":"tag-eu","11":"tag-europe","12":"tag-faits-divers","13":"tag-fr","14":"tag-france","15":"tag-grand-est","16":"tag-hopital-de-hautepierre","17":"tag-news","18":"tag-police","19":"tag-pompiers","20":"tag-republique-francaise","21":"tag-strasbourg"},"share_on_mastodon":{"url":"https:\/\/pubeurope.com\/@fr\/114726300709953253","error":""},"_links":{"self":[{"href":"https:\/\/www.europesays.com\/fr\/wp-json\/wp\/v2\/posts\/195526","targetHints":{"allow":["GET"]}}],"collection":[{"href":"https:\/\/www.europesays.com\/fr\/wp-json\/wp\/v2\/posts"}],"about":[{"href":"https:\/\/www.europesays.com\/fr\/wp-json\/wp\/v2\/types\/post"}],"author":[{"embeddable":true,"href":"https:\/\/www.europesays.com\/fr\/wp-json\/wp\/v2\/users\/2"}],"replies":[{"embeddable":true,"href":"https:\/\/www.europesays.com\/fr\/wp-json\/wp\/v2\/comments?post=195526"}],"version-history":[{"count":0,"href":"https:\/\/www.europesays.com\/fr\/wp-json\/wp\/v2\/posts\/195526\/revisions"}],"wp:featuredmedia":[{"embeddable":true,"href":"https:\/\/www.europesays.com\/fr\/wp-json\/wp\/v2\/media\/195527"}],"wp:attachment":[{"href":"https:\/\/www.europesays.com\/fr\/wp-json\/wp\/v2\/media?parent=195526"}],"wp:term":[{"taxonomy":"category","embeddable":true,"href":"https:\/\/www.europesays.com\/fr\/wp-json\/wp\/v2\/categories?post=195526"},{"taxonomy":"post_tag","embeddable":true,"href":"https:\/\/www.europesays.com\/fr\/wp-json\/wp\/v2\/tags?post=195526"}],"curies":[{"name":"wp","href":"https:\/\/api.w.org\/{rel}","templated":true}]}}