{"id":195528,"date":"2025-06-22T09:26:38","date_gmt":"2025-06-22T09:26:38","guid":{"rendered":"https:\/\/www.europesays.com\/fr\/195528\/"},"modified":"2025-06-22T09:26:38","modified_gmt":"2025-06-22T09:26:38","slug":"lhomme-qui-setait-defenestre-pres-de-strasbourg-est-decede","status":"publish","type":"post","link":"https:\/\/www.europesays.com\/fr\/195528\/","title":{"rendered":"l\u2019homme qui s\u2019\u00e9tait d\u00e9fenestr\u00e9 pr\u00e8s de Strasbourg est d\u00e9c\u00e9d\u00e9"},"content":{"rendered":"<p>Cet homme de 45 ans, \u00ab\u00e9v\u00eaque\u00bb de l\u2019\u00c9glise gallicane, avait \u00e9t\u00e9 interpell\u00e9 en mai dernier dans le cadre d\u2019une op\u00e9ration de d\u00e9mant\u00e8lement d\u2019un r\u00e9seau de p\u00e9docriminalit\u00e9.<\/p>\n<p class=\"fig-paragraph\">Un homme qui s&rsquo;\u00e9tait\u00a0<a href=\"http:\/\/www.lefigaro.fr\/faits-divers\/operation-mario-l-un-des-suspects-interpelles-dans-le-cadre-du-reseau-pedocriminel-s-est-defenestre-20250523\" data-fig-type=\"NewsFlash\" data-gtm-custom-categorie=\"navigation\" data-gtm-custom-action=\"crossclick\" data-gtm-custom-label=\"Contextuel\" data-gtm-event=\"customEventSPE\" data-fig-domain=\"LEFIGARO\" target=\"_blank\" rel=\"noopener\">d\u00e9fenestr\u00e9 pr\u00e8s de Strasbourg<\/a>\u00a0quelques jours apr\u00e8s avoir \u00e9t\u00e9 interpell\u00e9 dans le cadre d&rsquo;une op\u00e9ration contre un r\u00e9seau de p\u00e9docriminalit\u00e9 est d\u00e9c\u00e9d\u00e9, a indiqu\u00e9 samedi 21 juin 2025 \u00e0 l&rsquo;AFP son avocat, Micha\u00ebl Wacquez. \u00abIl est d\u00e9c\u00e9d\u00e9 vendredi suite \u00e0 l&rsquo;arr\u00eat des soins. Il n&rsquo;y avait plus aucun espoir\u00bb, a indiqu\u00e9 Me Wacquez, confirmant une information des Derni\u00e8res nouvelles d&rsquo;Alsace (DNA).<\/p>\n<p class=\"fig-paragraph\">Cet homme de 45 ans \u00e9tait hospitalis\u00e9 apr\u00e8s s&rsquo;\u00eatre jet\u00e9 du troisi\u00e8me \u00e9tage d&rsquo;un immeuble situ\u00e9 \u00e0 Geispolsheim, une commune de la grande banlieue strasbourgeoise, le 23 mai, quelques heures avant sa comparution pr\u00e9vue devant le tribunal de Strasbourg. Il avait \u00e9t\u00e9 interpell\u00e9 quatre jours plus t\u00f4t dans la commune voisine de Lingolsheim puis laiss\u00e9 libre dans l&rsquo;attente de sa comparution.<\/p>\n<p class=\"fig-paragraph\">Salari\u00e9 d&rsquo;un Ehpad, cet homme \u00e9tait \u00e9galement \u00ab\u00e9v\u00eaque\u00bb de l&rsquo;\u00c9glise gallicane, une association qui se pr\u00e9sente comme chr\u00e9tienne, mais qui est s\u00e9par\u00e9e de l&rsquo;\u00c9glise catholique et n&rsquo;est reconnue par aucune confession. C&rsquo;\u00e9tait l&rsquo;un des 55 hommes interpell\u00e9s partout en France en mai dans le cadre d&rsquo;une op\u00e9ration de d\u00e9mant\u00e8lement d&rsquo;un r\u00e9seau de p\u00e9docriminalit\u00e9 qui \u00e9changeait sur la plateforme Telegram.<\/p>\n","protected":false},"excerpt":{"rendered":"Cet homme de 45 ans, \u00ab\u00e9v\u00eaque\u00bb de l\u2019\u00c9glise gallicane, avait \u00e9t\u00e9 interpell\u00e9 en mai dernier dans le cadre&hellip;\n","protected":false},"author":2,"featured_media":195529,"comment_status":"","ping_status":"","sticky":false,"template":"","format":"standard","meta":{"footnotes":""},"categories":[2820],"tags":[119,1111,11,3694,271,2951,3695,1777,674,3696,118,1011,27,775,2825,1253,303,12,874,1072,2694,25,640,2949],"class_list":{"0":"post-195528","1":"post","2":"type-post","3":"status-publish","4":"format-standard","5":"has-post-thumbnail","7":"category-strasbourg","8":"tag-accident","9":"tag-actu","10":"tag-actualites","11":"tag-affaires","12":"tag-crime","13":"tag-criminalite","14":"tag-enquetes","15":"tag-eu","16":"tag-europe","17":"tag-evenements","18":"tag-faits-divers","19":"tag-fr","20":"tag-france","21":"tag-grand-est","22":"tag-insecurite","23":"tag-islamisme","24":"tag-justice","25":"tag-news","26":"tag-pedophilie","27":"tag-police","28":"tag-proces","29":"tag-republique-francaise","30":"tag-strasbourg","31":"tag-violences"},"share_on_mastodon":{"url":"https:\/\/pubeurope.com\/@fr\/114726304752075741","error":""},"_links":{"self":[{"href":"https:\/\/www.europesays.com\/fr\/wp-json\/wp\/v2\/posts\/195528","targetHints":{"allow":["GET"]}}],"collection":[{"href":"https:\/\/www.europesays.com\/fr\/wp-json\/wp\/v2\/posts"}],"about":[{"href":"https:\/\/www.europesays.com\/fr\/wp-json\/wp\/v2\/types\/post"}],"author":[{"embeddable":true,"href":"https:\/\/www.europesays.com\/fr\/wp-json\/wp\/v2\/users\/2"}],"replies":[{"embeddable":true,"href":"https:\/\/www.europesays.com\/fr\/wp-json\/wp\/v2\/comments?post=195528"}],"version-history":[{"count":0,"href":"https:\/\/www.europesays.com\/fr\/wp-json\/wp\/v2\/posts\/195528\/revisions"}],"wp:featuredmedia":[{"embeddable":true,"href":"https:\/\/www.europesays.com\/fr\/wp-json\/wp\/v2\/media\/195529"}],"wp:attachment":[{"href":"https:\/\/www.europesays.com\/fr\/wp-json\/wp\/v2\/media?parent=195528"}],"wp:term":[{"taxonomy":"category","embeddable":true,"href":"https:\/\/www.europesays.com\/fr\/wp-json\/wp\/v2\/categories?post=195528"},{"taxonomy":"post_tag","embeddable":true,"href":"https:\/\/www.europesays.com\/fr\/wp-json\/wp\/v2\/tags?post=195528"}],"curies":[{"name":"wp","href":"https:\/\/api.w.org\/{rel}","templated":true}]}}