{"id":195530,"date":"2025-06-22T09:27:09","date_gmt":"2025-06-22T09:27:09","guid":{"rendered":"https:\/\/www.europesays.com\/fr\/195530\/"},"modified":"2025-06-22T09:27:09","modified_gmt":"2025-06-22T09:27:09","slug":"leur-role-est-vital-a-luniversite-de-nice-cette-formation-pionniere-aguerrit-les-secretaires-de-mairie-chevilles-ouvrieres-meconnues-2","status":"publish","type":"post","link":"https:\/\/www.europesays.com\/fr\/195530\/","title":{"rendered":"\u00ab\u00a0Leur r\u00f4le est vital!\u00a0\u00bb: \u00e0 l\u2019universit\u00e9 de Nice, cette formation pionni\u00e8re aguerrit les secr\u00e9taires de mairie, chevilles ouvri\u00e8res m\u00e9connues"},"content":{"rendered":"<p>Je suis un Couteau Suisse! Voil\u00e0 comment S\u00e9verine Belcio d\u00e9crit <a href=\"https:\/\/www.nicematin.com\/faits-de-societe\/jarrive-a-me-projeter-pour-les-25-prochaines-annees-avec-ces-azureens-qui-ont-decide-de-devenir-secretaires-de-mairie-899499?t=1750330889\" rel=\"nofollow noopener\" target=\"_blank\">sa fonction de secr\u00e9taire g\u00e9n\u00e9rale de mairie<\/a> \u00e0 S\u00e9ranon, village de 550 \u00e2mes du haut pays grassois.<\/p>\n<p>\u00ab\u00a0Assurer l\u2019accueil t\u00e9l\u00e9phonique et physique, g\u00e9rer naissances, d\u00e9c\u00e8s, mariages, achats, arr\u00eats maladie du personnel, demandes de permis de construire, d\u2019infos sur des parcelles cadastr\u00e9es, pr\u00e9parer les conseils municipaux, s\u2019occuper de la paperasse pour les march\u00e9s publics, les demandes de subventions.\u00a0\u00bb<\/p>\n<p>C\u2019est l\u2019inventaire \u00e0 la Pr\u00e9vert &#8211; non exhaustif! &#8211; que dresse la quinquag\u00e9naire pour d\u00e9tailler ses missions, assur\u00e9es \u00e0 mi-temps avec un poste \u00e0 la ville de Grasse.<\/p>\n<p>Presque un sacerdoce&#8230; En tout cas, un m\u00e9tier \u00ab\u00a0pas d\u00e9nu\u00e9 de complexit\u00e9\u00a0\u00bb, euph\u00e9mise celle qui se souvient encore \u00ab\u00a0des heures pass\u00e9es\u00a0\u00bb sur un dossier, \u00e9pais comme une th\u00e8se, \u00e0 ficeler pour d\u00e9crocher des fonds europ\u00e9ens, pour un projet de via ferrata&#8230; Pour s\u2019aguerrir face aux difficult\u00e9s, parfois kafka\u00efennes, de l\u2019administration, l\u2019Azur\u00e9enne \u00e0 l\u2019emploi du temps d\u00e9j\u00e0 bien rempli est retourn\u00e9e sur les bancs de l\u2019universit\u00e9.<\/p>\n<p>Comme 14 de ses homologues (de Cantaron, Bendejun, Beuil, Toudon ou encore Roquesteron), elle fait partie de la premi\u00e8re promotion de la Certification des secr\u00e9taires g\u00e9n\u00e9raux de mairie, lanc\u00e9e en octobre 2024 au sein de l\u2019IUT de l\u2019Universit\u00e9 C\u00f4te d\u2019Azur (UCA). Ce jeudi, l\u2019heure \u00e9tait \u00e0 la remise de dipl\u00f4me, sous les applaudissements.<\/p>\n<p>Financ\u00e9 par le Conseil d\u00e9partemental (37.000 euros pour la 1er promo) et cr\u00e9\u00e9 avec le concours de partenaires locaux (1), ce module, revendiqu\u00e9 comme pionnier en France, veut endiguer deux constats: le besoin de renforcer les comp\u00e9tences de ces employ\u00e9s polyvalents&#8230; et celui de cr\u00e9er d\u2019urgence des vocations.<\/p>\n<p>\u00ab\u00a0En 2023, pr\u00e8s de 2000 postes de secr\u00e9taires de mairie \u00e9taient vacants en France. Dans le d\u00e9partement, 15 partiront \u00e0 la retraite d\u2019ici 2 ans, 25 d\u2019ici 2030. Or, le bin\u00f4me qu\u2019ils forment avec les maires est vital!\u00a0\u00bb, souligne Alexandra Borchio Fontimp, s\u00e9natrice et \u00e9lue d\u00e9partementale \u00e0 l\u2019origine de cette formation.<\/p>\n<p>Des notions et de la confiance<\/p>\n<p>Finances, droit, r\u00e8glement g\u00e9n\u00e9ral de protection des donn\u00e9es (RGPD), ressources humaines&#8230; Pendant 6 mois, les \u00e9tudiants ont consacr\u00e9 7h30\/semaine \u00e0 bachoter. \u00ab\u00a0Un engagement pour le service public\u00a0\u00bb, dixit Jeanick Brisswalter, pr\u00e9sident de l\u2019UCA. Qui plus est en ruralit\u00e9, abonde Charles Ange Gin\u00e9sy, pr\u00e9sident du Conseil d\u00e9partemental, ancr\u00e9 dans les vall\u00e9es.<\/p>\n<p>\u00ab\u00a0Il y a dans ces territoires un constat cruel: un exode rural, concomitant \u00e0 la perte de ces postes de secr\u00e9taires si pr\u00e9cieux. Et des lois qui ont, au fil du temps, enlev\u00e9 des comp\u00e9tences \u00e0 ces maires et complexifi\u00e9 les d\u00e9marches. \u00c0 cela s\u2019ajoute la r\u00e9volution du num\u00e9rique&#8230; R\u00e9sultat: des \u00e9lus souvent bien seuls que nous voulons aider\u00a0\u00bb, abonde-t-il.<\/p>\n<p>D\u2019ici juillet 2025, 14 autres secr\u00e9taires seront dipl\u00f4m\u00e9s, avant une 3e promo en septembre pour laquelle l\u2019appel \u00e0 candidature est ouvert (2). \u00c0 20 ans, Ana\u00efs Rossini, certif en poche, se sent plus arm\u00e9e pour sa mission \u00e0 la mairie de Sigale, dans l\u2019Est\u00e9ron.<\/p>\n<p>Poste qu\u2019elle occupe depuis l\u2019obtention de son Bac.<\/p>\n<p>\u00ab\u00a0Je suis d\u2019Aiglun et tr\u00e8s attach\u00e9e \u00e0 mon coin. C\u2019\u00e9tait une belle opportunit\u00e9\u00a0\u00bb, dit-elle. D\u00e9sormais en lien avec ses camarades de promo via un groupe WhatsApp, elle go\u00fbte \u00ab\u00a0la force du collectif\u00a0\u00bb, en plus des notions apprises en cours.<\/p>\n<p>\u00ab\u00a0Des coll\u00e8gues m\u2019ont aid\u00e9 sur des questions d\u2019\u00e9tat civil ou de march\u00e9s publics. C\u2019est super cette entraide!\u00a0\u00bb, lance celle \u00e0 qui le dipl\u00f4me a \u00ab\u00a0donn\u00e9 confiance\u00a0\u00bb. L\u2019\u00e9tape d\u2019apr\u00e8s? \u00ab\u00a0Revaloriser notre statut&#8230;\u00a0\u00bb, soumet la jeune fille, qui gagne 1.200 euros par mois pour 30 heures de travail, intense.<\/p>\n<p>1. Association des maires du 06, Agence 06, Direction d\u00e9partementale des finances publiques et SICTIAM.<\/p>\n<p>2. Infos sur <a href=\"https:\/\/univ-cotedazur.fr\/formation\/formation-continue\/espace-entreprise\/formations-courtes\/formation-universitaire-secretaire-general-de-mairie\" target=\"_blank\" rel=\"noopener nofollow\">Univ-cotedazur.fr<\/a>, onglet \u00ab\u00a0Formations courtes\u00a0\u00bb.<\/p>\n","protected":false},"excerpt":{"rendered":"Je suis un Couteau Suisse! Voil\u00e0 comment S\u00e9verine Belcio d\u00e9crit sa fonction de secr\u00e9taire g\u00e9n\u00e9rale de mairie \u00e0&hellip;\n","protected":false},"author":2,"featured_media":195292,"comment_status":"","ping_status":"","sticky":false,"template":"","format":"standard","meta":{"footnotes":""},"categories":[2819],"tags":[1111,11,1777,674,1011,27,12,2401,882,25,3366],"class_list":{"0":"post-195530","1":"post","2":"type-post","3":"status-publish","4":"format-standard","5":"has-post-thumbnail","7":"category-nice","8":"tag-actu","9":"tag-actualites","10":"tag-eu","11":"tag-europe","12":"tag-fr","13":"tag-france","14":"tag-news","15":"tag-nice","16":"tag-provence-alpes-cote-dazur","17":"tag-republique-francaise","18":"tag-vie-locale"},"share_on_mastodon":{"url":"https:\/\/pubeurope.com\/@fr\/114726308668638021","error":""},"_links":{"self":[{"href":"https:\/\/www.europesays.com\/fr\/wp-json\/wp\/v2\/posts\/195530","targetHints":{"allow":["GET"]}}],"collection":[{"href":"https:\/\/www.europesays.com\/fr\/wp-json\/wp\/v2\/posts"}],"about":[{"href":"https:\/\/www.europesays.com\/fr\/wp-json\/wp\/v2\/types\/post"}],"author":[{"embeddable":true,"href":"https:\/\/www.europesays.com\/fr\/wp-json\/wp\/v2\/users\/2"}],"replies":[{"embeddable":true,"href":"https:\/\/www.europesays.com\/fr\/wp-json\/wp\/v2\/comments?post=195530"}],"version-history":[{"count":0,"href":"https:\/\/www.europesays.com\/fr\/wp-json\/wp\/v2\/posts\/195530\/revisions"}],"wp:featuredmedia":[{"embeddable":true,"href":"https:\/\/www.europesays.com\/fr\/wp-json\/wp\/v2\/media\/195292"}],"wp:attachment":[{"href":"https:\/\/www.europesays.com\/fr\/wp-json\/wp\/v2\/media?parent=195530"}],"wp:term":[{"taxonomy":"category","embeddable":true,"href":"https:\/\/www.europesays.com\/fr\/wp-json\/wp\/v2\/categories?post=195530"},{"taxonomy":"post_tag","embeddable":true,"href":"https:\/\/www.europesays.com\/fr\/wp-json\/wp\/v2\/tags?post=195530"}],"curies":[{"name":"wp","href":"https:\/\/api.w.org\/{rel}","templated":true}]}}