{"id":195533,"date":"2025-06-22T09:30:20","date_gmt":"2025-06-22T09:30:20","guid":{"rendered":"https:\/\/www.europesays.com\/fr\/195533\/"},"modified":"2025-06-22T09:30:20","modified_gmt":"2025-06-22T09:30:20","slug":"le-differend-entre-collegues-vire-a-lagression-au-cutter","status":"publish","type":"post","link":"https:\/\/www.europesays.com\/fr\/195533\/","title":{"rendered":"Le diff\u00e9rend entre coll\u00e8gues vire \u00e0 l\u2019agression au cutter"},"content":{"rendered":"<p>Tout serait parti d\u2019une simple remarque qui n\u2019aurait pas plu.<\/p>\n<p>Jeudi 19\u00a0juin 2025, un \u00e9quipage de police a \u00e9t\u00e9 requis sur un chantier situ\u00e9 au 63, boulevard de la Prairie au Duc, sur l\u2019\u00eele de Nantes, pour une altercation entre deux ouvriers. Les deux coll\u00e8gues en sont venus aux mains, avant que le diff\u00e9rend ne vire \u00e0 l\u2019agression au cutter.<\/p>\n<p>Une trentaine de points de suture<\/p>\n<p>Bless\u00e9 au visage, au bras et au ventre, l\u2019ouvrier bless\u00e9 a \u00e9t\u00e9 \u00e9vacu\u00e9 vers les urgences du CHU de Nantes pour de multiples plaies. Au total, elle pr\u00e9sente 31\u00a0points de suture.<\/p>\n<p>Son coll\u00e8gue mis en cause a \u00e9t\u00e9 plac\u00e9 en garde \u00e0 vue au commissariat central de Waldeck-Rousseau. Il est \u00e2g\u00e9 de 40\u00a0ans. La victime a 28\u00a0ans.<\/p>\n<p>\u00a0<\/p>\n","protected":false},"excerpt":{"rendered":"Tout serait parti d\u2019une simple remarque qui n\u2019aurait pas plu. Jeudi 19\u00a0juin 2025, un \u00e9quipage de police a&hellip;\n","protected":false},"author":2,"featured_media":195534,"comment_status":"","ping_status":"","sticky":false,"template":"","format":"standard","meta":{"footnotes":""},"categories":[2818],"tags":[1111,11,1120,33432,16336,22268,1777,674,1011,27,766,12,2636,25,22735],"class_list":{"0":"post-195533","1":"post","2":"type-post","3":"status-publish","4":"format-standard","5":"has-post-thumbnail","7":"category-nantes","8":"tag-actu","9":"tag-actualites","10":"tag-agression","11":"tag-collegues","12":"tag-cutter","13":"tag-differend","14":"tag-eu","15":"tag-europe","16":"tag-fr","17":"tag-france","18":"tag-nantes","19":"tag-news","20":"tag-pays-de-la-loire","21":"tag-republique-francaise","22":"tag-vire"},"share_on_mastodon":{"url":"https:\/\/pubeurope.com\/@fr\/114726320496818858","error":""},"_links":{"self":[{"href":"https:\/\/www.europesays.com\/fr\/wp-json\/wp\/v2\/posts\/195533","targetHints":{"allow":["GET"]}}],"collection":[{"href":"https:\/\/www.europesays.com\/fr\/wp-json\/wp\/v2\/posts"}],"about":[{"href":"https:\/\/www.europesays.com\/fr\/wp-json\/wp\/v2\/types\/post"}],"author":[{"embeddable":true,"href":"https:\/\/www.europesays.com\/fr\/wp-json\/wp\/v2\/users\/2"}],"replies":[{"embeddable":true,"href":"https:\/\/www.europesays.com\/fr\/wp-json\/wp\/v2\/comments?post=195533"}],"version-history":[{"count":0,"href":"https:\/\/www.europesays.com\/fr\/wp-json\/wp\/v2\/posts\/195533\/revisions"}],"wp:featuredmedia":[{"embeddable":true,"href":"https:\/\/www.europesays.com\/fr\/wp-json\/wp\/v2\/media\/195534"}],"wp:attachment":[{"href":"https:\/\/www.europesays.com\/fr\/wp-json\/wp\/v2\/media?parent=195533"}],"wp:term":[{"taxonomy":"category","embeddable":true,"href":"https:\/\/www.europesays.com\/fr\/wp-json\/wp\/v2\/categories?post=195533"},{"taxonomy":"post_tag","embeddable":true,"href":"https:\/\/www.europesays.com\/fr\/wp-json\/wp\/v2\/tags?post=195533"}],"curies":[{"name":"wp","href":"https:\/\/api.w.org\/{rel}","templated":true}]}}