{"id":195535,"date":"2025-06-22T09:31:21","date_gmt":"2025-06-22T09:31:21","guid":{"rendered":"https:\/\/www.europesays.com\/fr\/195535\/"},"modified":"2025-06-22T09:31:21","modified_gmt":"2025-06-22T09:31:21","slug":"ex-girondins-le-fc-nantes-serait-interesse-par-zuriko-davitashvili","status":"publish","type":"post","link":"https:\/\/www.europesays.com\/fr\/195535\/","title":{"rendered":"Ex-Girondins : le FC Nantes serait int\u00e9ress\u00e9 par Zuriko Davitashvili"},"content":{"rendered":"<p><img decoding=\"async\" src=\"https:\/\/www.europesays.com\/fr\/wp-content\/uploads\/2025\/06\/671_97b6f0333b43d863268e3cfde5e1fe0b.jpg\" alt=\"Ex-Girondins : le FC Nantes serait int\u00e9ress\u00e9 par Zuriko Davitashvili\" class=\"img-responsive mt-3\"\/><\/p>\n<p class=\"text-center mb-3\" style=\"font-size: 14px\">\u00a9 Iconsport<\/p>\n<p>      <strong>Un nouveau pr\u00e9tendant<\/strong><\/p>\n<p style=\"text-align: justify;\">On savait d\u00e9j\u00e0 que Strasbourg, le Stade Rennais et le club turc du Be\u015fikta\u015f s\u2019\u00e9taient positionn\u00e9s sur lui. D\u00e9sormais, un nouveau club de Ligue 1 se serait ajout\u00e9 \u00e0 la liste : apr\u00e8s les d\u00e9parts de Moses Simon et Marcus Coco en attaque, le FC Nantes souhaiterait un renfort de poids et viserait Zuriko Davitashvili, selon Sportune.<\/p>\n<p style=\"text-align: justify;\">\u00c0 23 ans, celui qui a connu la rel\u00e9gation avec l\u2019ASSE devra patienter qu\u2019un club trouve un accord avec la direction st\u00e9phanoise. Les Verts demanderaient entre 15 et 20 M\u20ac pour un joueur encore sous contrat jusqu\u2019en 2028.<\/p>\n<p><strong>Le salaire de Davitashvili<\/strong><\/p>\n<p style=\"text-align: justify;\"><a href=\"https:\/\/sportune.20minutes.fr\/salaire-combien-gagne-zuriko-davitashvili-avec-lasse-370236\" target=\"_blank\" rel=\"noopener\">Sportune, site sp\u00e9cialis\u00e9 dans la finance<\/a> du football, r\u00e9v\u00e8le que l\u2019international g\u00e9orgien per\u00e7oit actuellement un salaire annuel de 720 000 \u20ac dans le Forez. Reste \u00e0 savoir si ses courtisans pourront s\u2019aligner sur ces exigences salariales.<\/p>\n<p>\u00a0<\/p>\n<p>\u00c0 lire &gt;&gt; <a href=\"https:\/\/www.webgirondins.com\/actualite-girondins-girondins-quel-avenir-pour-andrea-lardez-et-sophie-istillart-au-sein-du-club-129503\" target=\"_blank\" rel=\"noopener\">Girondins : Quel avenir pour Andr\u00e9a Lardez et Sophie Istillart au sein du club ?<\/a><\/p>\n<p>\u00a0<\/p>\n<p>Notre podcast court :<\/p>\n<p>\u00a0<\/p>\n<p>\u00a0<\/p>\n","protected":false},"excerpt":{"rendered":"\u00a9 Iconsport Un nouveau pr\u00e9tendant On savait d\u00e9j\u00e0 que Strasbourg, le Stade Rennais et le club turc du&hellip;\n","protected":false},"author":2,"featured_media":195536,"comment_status":"","ping_status":"","sticky":false,"template":"","format":"standard","meta":{"footnotes":""},"categories":[2818],"tags":[1111,11,4255,33437,4185,1997,4930,19638,11753,1777,674,1011,27,33435,1987,33433,1441,766,12,22627,33434,2636,2513,25,3213,22023,1858,33436,32816],"class_list":{"0":"post-195535","1":"post","2":"type-post","3":"status-publish","4":"format-standard","5":"has-post-thumbnail","7":"category-nantes","8":"tag-actu","9":"tag-actualites","10":"tag-ancien","11":"tag-attacher","12":"tag-attire","13":"tag-bordeaux","14":"tag-clubs","15":"tag-davitashvili","16":"tag-etienne","17":"tag-eu","18":"tag-europe","19":"tag-fr","20":"tag-france","21":"tag-georgien","22":"tag-girondins","23":"tag-interesse","24":"tag-joueur","25":"tag-nantes","26":"tag-news","27":"tag-offensif","28":"tag-partance","29":"tag-pays-de-la-loire","30":"tag-plusieurs","31":"tag-republique-francaise","32":"tag-saint","33":"tag-serait","34":"tag-services","35":"tag-souhaitant","36":"tag-zuriko"},"share_on_mastodon":{"url":"https:\/\/pubeurope.com\/@fr\/114726324441692033","error":""},"_links":{"self":[{"href":"https:\/\/www.europesays.com\/fr\/wp-json\/wp\/v2\/posts\/195535","targetHints":{"allow":["GET"]}}],"collection":[{"href":"https:\/\/www.europesays.com\/fr\/wp-json\/wp\/v2\/posts"}],"about":[{"href":"https:\/\/www.europesays.com\/fr\/wp-json\/wp\/v2\/types\/post"}],"author":[{"embeddable":true,"href":"https:\/\/www.europesays.com\/fr\/wp-json\/wp\/v2\/users\/2"}],"replies":[{"embeddable":true,"href":"https:\/\/www.europesays.com\/fr\/wp-json\/wp\/v2\/comments?post=195535"}],"version-history":[{"count":0,"href":"https:\/\/www.europesays.com\/fr\/wp-json\/wp\/v2\/posts\/195535\/revisions"}],"wp:featuredmedia":[{"embeddable":true,"href":"https:\/\/www.europesays.com\/fr\/wp-json\/wp\/v2\/media\/195536"}],"wp:attachment":[{"href":"https:\/\/www.europesays.com\/fr\/wp-json\/wp\/v2\/media?parent=195535"}],"wp:term":[{"taxonomy":"category","embeddable":true,"href":"https:\/\/www.europesays.com\/fr\/wp-json\/wp\/v2\/categories?post=195535"},{"taxonomy":"post_tag","embeddable":true,"href":"https:\/\/www.europesays.com\/fr\/wp-json\/wp\/v2\/tags?post=195535"}],"curies":[{"name":"wp","href":"https:\/\/api.w.org\/{rel}","templated":true}]}}