{"id":195539,"date":"2025-06-22T09:33:14","date_gmt":"2025-06-22T09:33:14","guid":{"rendered":"https:\/\/www.europesays.com\/fr\/195539\/"},"modified":"2025-06-22T09:33:14","modified_gmt":"2025-06-22T09:33:14","slug":"pres-de-bordeaux-les-proprietaires-privees-dune-foret-medievale-sinquietent-de-la-presence-croissante-de-letat","status":"publish","type":"post","link":"https:\/\/www.europesays.com\/fr\/195539\/","title":{"rendered":"Pr\u00e8s de Bordeaux, les propri\u00e9taires priv\u00e9es d\u2019une for\u00eat m\u00e9di\u00e9vale s\u2019inqui\u00e8tent de la pr\u00e9sence croissante de l\u2019\u00c9tat"},"content":{"rendered":"<p>R\u00e9gie par un r\u00e9gime juridique moyen\u00e2geux unique en France, la for\u00eat de la Teste-de-Buch suscite l\u2019int\u00e9r\u00eat croissant du conservatoire du littoral et de la ville. Pour la plus grande inqui\u00e9tude des propri\u00e9taires de cette canop\u00e9e de pins qui se transmet de g\u00e9n\u00e9ration en g\u00e9n\u00e9ration.<\/p>\n<p class=\"fig-paragraph\">Son r\u00e9gime juridique,\u00a0<a href=\"https:\/\/www.lefigaro.fr\/actualite-france\/incendies-en-gironde-la-gestion-moyenageuse-de-la-foret-de-la-teste-20220720\" data-fig-type=\"Article\" data-gtm-custom-categorie=\"navigation\" data-gtm-custom-action=\"crossclick\" data-gtm-custom-label=\"Contextuel\" data-gtm-event=\"customEventSPE\" data-fig-domain=\"LEFIGARO\" target=\"_blank\" rel=\"noopener\">h\u00e9rit\u00e9 du Moyen-\u00c2ge<\/a>, est unique en France. \u00c0 La Teste-de-Buch ce sont les baillettes et transactions qui r\u00e9gissent toujours la gestion de la for\u00eat usag\u00e8re. Les propri\u00e9taires poss\u00e8dent les pins, mais ne peuvent pas les exploiter sauf pour en extraire la r\u00e9sine. Les habitants de la commune ont l\u2019autorisation de r\u00e9cup\u00e9rer gratuitement du bois de chauffage dans la for\u00eat. Frapp\u00e9 par de terribles incendies en juillet 2022, le massif a toutefois d\u00fb faire l\u2019objet<a href=\"http:\/\/www.lefigaro.fr\/bordeaux\/je-veux-reinvestir-l-argent-dans-la-foret-apres-les-graves-incendies-en-gironde-les-coupes-de-bois-rapportent-9-millions-d-euros-20241212\" data-fig-type=\"NewsFlash\" data-gtm-custom-categorie=\"navigation\" data-gtm-custom-action=\"crossclick\" data-gtm-custom-label=\"Contextuel\" data-gtm-event=\"customEventSPE\" data-fig-domain=\"LEFIGARO\" target=\"_blank\" rel=\"noopener\">\u00a0d\u2019importantes coupes de bois<\/a>\u00a0qui ont rapport\u00e9 pr\u00e8s de 9 millions d\u2019euros. Et la question de la pr\u00e9servation de cette for\u00eat s\u00e9culaire est plus que jamais au c\u0153ur des pr\u00e9occupations. Bilan\u00a0: l\u2019\u00c9tat et la mairie de la Teste-de-Buch n\u2019h\u00e9sitent pas \u00e0 acqu\u00e9rir des parcelles pour peser dans la gestion de ses 3800 hectares de for\u00eats, \u00e0 ce jour toujours principalement d\u00e9tenus par des propri\u00e9taires priv\u00e9s.<\/p>\n<p class=\"fig-paragraph\">\u00abLa Teste-de-Buch est une for\u00eat patrimoniale. J\u2019ai des amis qui sont f\u00e2ch\u00e9s de se voir d\u00e9pouill\u00e9s de terre qui appartenaient \u00e0 leur famille depuis plusieurs g\u00e9n\u00e9rations. L\u2019\u00c9tat a des logiques de possession diff\u00e9rente de celles des propri\u00e9taires\u00bb, pointe Fran\u00e7ois-Xavier Bodin, membre du syndic des propri\u00e9taires. Une inqui\u00e9tude, partag\u00e9e publiquement lors d\u2019une r\u00e9union samedi dernier, notamment provoqu\u00e9e par les pr\u00e9emptions et rachats par l\u2019\u00c9tat de pr\u00e8s de 200 hectares autour de la dune du Pilat. Le lieu embl\u00e9matique de la Gironde, d\u00e9sormais g\u00e9r\u00e9 par le conservatoire du littoral, fait aussi l\u2019objet d\u2019un dossier de candidature pour \u00eatre labellis\u00e9 grand site de France. S\u2019il \u00e9tait obtenu, l\u2019\u00c9tat pourrait alors avoir plus de poids sur les d\u00e9cisions qui concernent la for\u00eat usag\u00e8re attenante, au nom de l\u2019int\u00e9r\u00eat public. Contact\u00e9, le conservatoire du littoral n\u2019a pas r\u00e9pondu \u00e0 nos sollicitations \u00e0 ce sujet.<\/p>\n<p class=\"fig-paragraph\">\u00abJe comprends l\u2019inqui\u00e9tude des propri\u00e9taires. C\u2019est pour cela qu\u2019il faut que la ville de la Teste-de-Buch soit un propri\u00e9taire puissant face \u00e0 l\u2019\u00c9tat\u00bb, indique l\u2019\u00e9dile Patrick Davet, qui a port\u00e9 \u00e0 180 le nombre de parcelles d\u00e9tenues par la commune sous son mandat. Cet enfant du pays, tr\u00e8s attach\u00e9 \u00e0 cette canop\u00e9e de pins, tient aussi \u00e0 la pr\u00e9server d\u2019int\u00e9r\u00eats militants. \u00abJ\u2019ai un \u0153il m\u00e9fiant sur l\u2019achat d\u2019une parcelle par la Sepanso (une association \u00e9cologique locale, NDLR). Elle veut d\u00e9j\u00e0 sortir l\u2019homme du banc d\u2019Arguin, elle voudra s\u00fbrement faire pareil dans notre for\u00eat\u00bb, analyse l\u2019\u00e9lu.<\/p>\n<p class=\"fig-body-link\">\n            \u00c0 lire aussi<br \/>\n        <a class=\"fig-body-link__link fig-premium-mark\" href=\"http:\/\/www.lefigaro.fr\/bordeaux\/c-etait-tres-dur-physiquement-en-gironde-dans-les-secrets-du-metier-disparu-de-resinier-20240721\" data-fig-type=\"NewsFlash\" data-gtm-custom-categorie=\"navigation\" data-gtm-custom-action=\"crossclick\" data-gtm-custom-label=\"Contextuel\" data-gtm-event=\"customEventSPE\" data-fig-domain=\"LEFIGARO\" target=\"_blank\" rel=\"noopener\">\u00abC&rsquo;\u00e9tait tr\u00e8s dur physiquement\u00bb\u00a0: en Gironde, dans les secrets du m\u00e9tier disparu de r\u00e9sinier<br \/>\n    <\/a>\n<\/p>\n<p class=\"fig-paragraph\">Une logique, en ad\u00e9quation avec l\u2019\u00e9tat d\u2019esprit des syndics, qui ne calme pas leurs craintes car le conservatoire du littoral et la ville demeurent deux collectivit\u00e9s publiques, qui entretiennent d\u2019excellentes relations. \u00abL\u2019\u00e9quilibre propri\u00e9taires et usagers, qui est solide et durable gr\u00e2ce aux syndics, fonctionnera moins bien si les collectivit\u00e9s publiques votent pour les \u00e9lire. \u00c0 elles deux, elles poss\u00e8dent d\u00e9j\u00e0 pr\u00e8s de 300 hectares\u00a0: cela p\u00e8se dans un quorum\u00bb, souligne Fran\u00e7ois-Xavier Bodin. Or 15% de la for\u00eat usag\u00e8re est poss\u00e9d\u00e9e par des indivisions tr\u00e8s fragment\u00e9es, devenues quasiment ing\u00e9rables, qu\u2019ils seraient donc plus simples de vendre.<\/p>\n<p class=\"fig-paragraph\">L\u2019autre hic selon le pr\u00e9sident du syndicat des propri\u00e9taires\u00a0? L\u2019\u00c9tat ne comprendrait pas la philosophie s\u00e9culaire qui habite la for\u00eat usag\u00e8re. \u00abTypiquement, la pr\u00e9fecture refuse la r<a href=\"http:\/\/www.lefigaro.fr\/bordeaux\/gironde-deux-ans-apres-les-incendies-l-etat-empeche-la-reconstruction-des-cabanes-brulees-dans-la-foret-de-la-teste-de-buch-20240909\" data-fig-type=\"NewsFlash\" data-gtm-custom-categorie=\"navigation\" data-gtm-custom-action=\"crossclick\" data-gtm-custom-label=\"Contextuel\" data-gtm-event=\"customEventSPE\" data-fig-domain=\"LEFIGARO\" target=\"_blank\" rel=\"noopener\">econstruction des cabanes de r\u00e9siniers<\/a> \u00a0(en grande partie d\u00e9truites par les terribles incendies de juillet 2022, NDLR). Cela d\u00e9grade la tradition de s\u2019y retrouver en famille ou entre amis, cela emp\u00eache de s\u2019y attacher et de cr\u00e9er des souvenirs. Je n\u2019ai pas envie de voir notre for\u00eat transform\u00e9e en cabanes tchanqu\u00e9es. Elles ont \u00e9t\u00e9 pr\u00e9serv\u00e9es, elles font jolies, mais elles ne vivent plus\u00a0\u00bb, d\u00e9nonce-t-il encore. Avant de d\u00e9clarer\u00a0: \u00abAlors les prochaines g\u00e9n\u00e9rations risquent de se dire\u00a0: \u201cC\u2019est quoi cette for\u00eat dans laquelle on ne peut plus rien faire\u00a0? Autant la vendre\u201d. Et ce jour-l\u00e0 comme par hasard, la mairie ou l\u2019\u00c9tat seront volontaires pour acheter \u00e0 moindres frais.\u00bb Un jour, qui n\u2019est pas encore arriv\u00e9\u00a0: plus de 80% de la for\u00eat usag\u00e8re de la Teste-de-Buch appartient encore pour l\u2019heure \u00e0 des propri\u00e9taires priv\u00e9s.<\/p>\n","protected":false},"excerpt":{"rendered":"R\u00e9gie par un r\u00e9gime juridique moyen\u00e2geux unique en France, la for\u00eat de la Teste-de-Buch suscite l\u2019int\u00e9r\u00eat croissant du&hellip;\n","protected":false},"author":2,"featured_media":195540,"comment_status":"","ping_status":"","sticky":false,"template":"","format":"standard","meta":{"footnotes":""},"categories":[2817],"tags":[1111,11,33438,1997,2916,2911,2910,2915,2909,2904,2913,2912,2914,2906,2907,16309,1777,674,5183,1011,27,2905,2908,12,2219,25],"class_list":{"0":"post-195539","1":"post","2":"type-post","3":"status-publish","4":"format-standard","5":"has-post-thumbnail","7":"category-bordeaux","8":"tag-actu","9":"tag-actualites","10":"tag-bassin-darcachon","11":"tag-bordeaux","12":"tag-bordeaux-cauderan","13":"tag-bordeaux-centre-ville","14":"tag-bordeaux-chartrons-grand-parc-jardin-public","15":"tag-bordeaux-la-bastide","16":"tag-bordeaux-maritime","17":"tag-bordeaux-metropole","18":"tag-bordeaux-nansouty-st-genes","19":"tag-bordeaux-st-augustin-tauzin-alphonse-dupeux","20":"tag-bordeaux-sud","21":"tag-capitale-de-gaule","22":"tag-cathedrale-gothique-de-saint-andre","23":"tag-etat","24":"tag-eu","25":"tag-europe","26":"tag-foret","27":"tag-fr","28":"tag-france","29":"tag-gironde","30":"tag-girondins-de-bordeaux","31":"tag-news","32":"tag-nouvelle-aquitaine","33":"tag-republique-francaise"},"share_on_mastodon":{"url":"","error":"Validation failed: Text character limit of 500 exceeded"},"_links":{"self":[{"href":"https:\/\/www.europesays.com\/fr\/wp-json\/wp\/v2\/posts\/195539","targetHints":{"allow":["GET"]}}],"collection":[{"href":"https:\/\/www.europesays.com\/fr\/wp-json\/wp\/v2\/posts"}],"about":[{"href":"https:\/\/www.europesays.com\/fr\/wp-json\/wp\/v2\/types\/post"}],"author":[{"embeddable":true,"href":"https:\/\/www.europesays.com\/fr\/wp-json\/wp\/v2\/users\/2"}],"replies":[{"embeddable":true,"href":"https:\/\/www.europesays.com\/fr\/wp-json\/wp\/v2\/comments?post=195539"}],"version-history":[{"count":0,"href":"https:\/\/www.europesays.com\/fr\/wp-json\/wp\/v2\/posts\/195539\/revisions"}],"wp:featuredmedia":[{"embeddable":true,"href":"https:\/\/www.europesays.com\/fr\/wp-json\/wp\/v2\/media\/195540"}],"wp:attachment":[{"href":"https:\/\/www.europesays.com\/fr\/wp-json\/wp\/v2\/media?parent=195539"}],"wp:term":[{"taxonomy":"category","embeddable":true,"href":"https:\/\/www.europesays.com\/fr\/wp-json\/wp\/v2\/categories?post=195539"},{"taxonomy":"post_tag","embeddable":true,"href":"https:\/\/www.europesays.com\/fr\/wp-json\/wp\/v2\/tags?post=195539"}],"curies":[{"name":"wp","href":"https:\/\/api.w.org\/{rel}","templated":true}]}}