{"id":195547,"date":"2025-06-22T09:38:09","date_gmt":"2025-06-22T09:38:09","guid":{"rendered":"https:\/\/www.europesays.com\/fr\/195547\/"},"modified":"2025-06-22T09:38:09","modified_gmt":"2025-06-22T09:38:09","slug":"pas-dimpunite-pour-les-delinquants-de-la-route-previent-la-prefete-de-police","status":"publish","type":"post","link":"https:\/\/www.europesays.com\/fr\/195547\/","title":{"rendered":"\u00ab\u00a0Pas d&rsquo;impunit\u00e9 pour les d\u00e9linquants de la route\u00a0\u00bb, pr\u00e9vient la pr\u00e9f\u00e8te de police"},"content":{"rendered":"<p>\u00ab\u00a0On r\u00e9p\u00e9tera l&rsquo;op\u00e9ration r\u00e9guli\u00e8rement\u00a0\u00bb avait promis le commissaire de police qui supervisait une op\u00e9ration de contr\u00f4le routier nocturne sur le <a href=\"https:\/\/www.laprovence.com\/article\/faits-divers-justice\/6027282067955714\/rodeo-urbain-grosses-cylindrees-les-controles-routiers-appeles-a-se-multiplier-aux-goudes-a-marseille\" target=\"_blank\" rel=\"noopener\">chemin des Goudes<\/a> le 5\u00a0juin dernier.<\/p>\n<p>Promesse tenue ce vendredi 20 juin, sur l&rsquo;avenue de Montrose, au terminus de la ligne de bus 19, avec en prime et pour le symbole, la pr\u00e9sence de la pr\u00e9f\u00e8te de police Corinne Simon, escort\u00e9e de la maire de secteur Nadia Boulainseur.<\/p>\n<p>Pendant pr\u00e8s de deux heures, policiers nationaux et municipaux ont filtr\u00e9 les v\u00e9hicules qui empruntaient la Madrague de Montredon et contr\u00f4l\u00e9 76 automobilistes ou pilotes de deux-roues.<\/p>\n<p>76 usagers de la route contr\u00f4l\u00e9s<\/p>\n<p>Objectif\u00a0: \u00ab\u00a0Montrer que les forces de l&rsquo;ordre sont <a href=\"https:\/\/www.laprovence.com\/article\/faits-divers-justice\/56613976653931\/face-a-lexplosion-du-crack-un-deploiement-duniformes-bleus-dans-les-rues-de-belsunce-a-marseille\" target=\"_blank\" rel=\"noopener\">partout, tout le temps et en m\u00eame temps<\/a>\u00ab\u00a0, a r\u00e9p\u00e9t\u00e9 inlassablement Corinne Simon qui entend aussi que les forces de l&rsquo;ordre traquent sans rel\u00e2che les amateurs de rod\u00e9o urbain qui s&rsquo;amusent \u00e0 faire vrombir leurs moteurs d\u00e8s l&rsquo;arriv\u00e9e des beaux jours et empoisonnent les oreilles et la vie des riverains de secteur du 8e arrondissement de Marseille\u00a0: \u00ab\u00a0Aucune impunit\u00e9 pour les d\u00e9linquants de la route et ceux qui troublent l&rsquo;ordre public\u00a0\u00bb.<\/p>\n<p>Bilan\u00a0: 25 contraventions, dont 4 inflig\u00e9es \u00e0 des motocyclistes qui ne portaient pas de gants, 7 immobilisations, 2 mises en fourri\u00e8re, 1 d\u00e9faut de permis, 1 d\u00e9faut d&rsquo;assurance et l&rsquo;interpellation d&rsquo;un individu avec combo gagnant puisqu&rsquo;il cumulait d\u00e9faut de permis et usage de faux documents.<\/p>\n","protected":false},"excerpt":{"rendered":"\u00ab\u00a0On r\u00e9p\u00e9tera l&rsquo;op\u00e9ration r\u00e9guli\u00e8rement\u00a0\u00bb avait promis le commissaire de police qui supervisait une op\u00e9ration de contr\u00f4le routier nocturne&hellip;\n","protected":false},"author":2,"featured_media":195548,"comment_status":"","ping_status":"","sticky":false,"template":"","format":"standard","meta":{"footnotes":""},"categories":[2814],"tags":[17,1111,11,1007,7325,33439,1777,674,274,1011,27,26956,884,12,1476,5261,882,25,30166],"class_list":{"0":"post-195547","1":"post","2":"type-post","3":"status-publish","4":"format-standard","5":"has-post-thumbnail","7":"category-marseille","8":"tag-17","9":"tag-actu","10":"tag-actualites","11":"tag-aux","12":"tag-controle","13":"tag-dimpunite","14":"tag-eu","15":"tag-europe","16":"tag-faits-divers-justice","17":"tag-fr","18":"tag-france","19":"tag-goudes","20":"tag-marseille","21":"tag-news","22":"tag-operation","23":"tag-pas","24":"tag-provence-alpes-cote-dazur","25":"tag-republique-francaise","26":"tag-routier"},"share_on_mastodon":{"url":"https:\/\/pubeurope.com\/@fr\/114726352073549302","error":""},"_links":{"self":[{"href":"https:\/\/www.europesays.com\/fr\/wp-json\/wp\/v2\/posts\/195547","targetHints":{"allow":["GET"]}}],"collection":[{"href":"https:\/\/www.europesays.com\/fr\/wp-json\/wp\/v2\/posts"}],"about":[{"href":"https:\/\/www.europesays.com\/fr\/wp-json\/wp\/v2\/types\/post"}],"author":[{"embeddable":true,"href":"https:\/\/www.europesays.com\/fr\/wp-json\/wp\/v2\/users\/2"}],"replies":[{"embeddable":true,"href":"https:\/\/www.europesays.com\/fr\/wp-json\/wp\/v2\/comments?post=195547"}],"version-history":[{"count":0,"href":"https:\/\/www.europesays.com\/fr\/wp-json\/wp\/v2\/posts\/195547\/revisions"}],"wp:featuredmedia":[{"embeddable":true,"href":"https:\/\/www.europesays.com\/fr\/wp-json\/wp\/v2\/media\/195548"}],"wp:attachment":[{"href":"https:\/\/www.europesays.com\/fr\/wp-json\/wp\/v2\/media?parent=195547"}],"wp:term":[{"taxonomy":"category","embeddable":true,"href":"https:\/\/www.europesays.com\/fr\/wp-json\/wp\/v2\/categories?post=195547"},{"taxonomy":"post_tag","embeddable":true,"href":"https:\/\/www.europesays.com\/fr\/wp-json\/wp\/v2\/tags?post=195547"}],"curies":[{"name":"wp","href":"https:\/\/api.w.org\/{rel}","templated":true}]}}