{"id":195551,"date":"2025-06-22T09:40:18","date_gmt":"2025-06-22T09:40:18","guid":{"rendered":"https:\/\/www.europesays.com\/fr\/195551\/"},"modified":"2025-06-22T09:40:18","modified_gmt":"2025-06-22T09:40:18","slug":"le-rhone-toujours-en-vigilance-orange-ce-dimanche","status":"publish","type":"post","link":"https:\/\/www.europesays.com\/fr\/195551\/","title":{"rendered":"le Rh\u00f4ne toujours en vigilance orange ce dimanche"},"content":{"rendered":"<p>La <a href=\"https:\/\/www.leprogres.fr\/environnement\/2025\/06\/18\/vague-de-chaleur-un-debut-de-phenomene-jeudi-le-pic-attendu-samedi-et-dimanche\" target=\"_blank\" rel=\"nofollow noopener\">vague de chaleur<\/a> se poursuit. Deux d\u00e9partements, l&rsquo;Is\u00e8re et le Rh\u00f4ne, restent ce dimanche en vigilance orange pour canicule, a annonc\u00e9 M\u00e9t\u00e9o-France, tout en pr\u00e9venant que de \u00ab tr\u00e8s fortes chaleurs \u00bb restent attendues dans la journ\u00e9e \u00ab sur une grande partie est du pays \u00bb.<\/p>\n<p>La vigilance orange canicule a \u00e9t\u00e9 lev\u00e9e \u00ab sur tous les d\u00e9partements de l&rsquo;ouest du pays \u00bb, a ajout\u00e9 M\u00e9t\u00e9o-France dans un bulletin de suivi. Samedi, une temp\u00e9rature maximale de 39 \u00b0C a \u00e9t\u00e9 relev\u00e9e \u00e0 Angoul\u00eame, a pr\u00e9cis\u00e9 l&rsquo;organisme.<\/p>\n<p>Jusqu&rsquo;\u00e0 \u00ab 37 \u00e0 38 degr\u00e9s, notamment sur Lyon \u00bb<\/p>\n<p>\u00ab Localement les 38 \u00b0C ont \u00e9t\u00e9 atteints en Vend\u00e9e \u00bb, signale M\u00e9t\u00e9o-France, qui a aussi relev\u00e9 comme temp\u00e9ratures maximales, dans l&rsquo;ouest, 38 \u00b0C \u00e0 Saintes et Niort, 37 \u00b0C \u00e0 Rennes, Angers, Tours et Poitiers, 36 \u00b0C au Mans, 35\u00b0C \u00e0 Laval, 34 \u00b0C \u00e0 Nantes, La Roche-sur-Yon et La Rochelle.<\/p>\n<p>Dans le Rh\u00f4ne et l&rsquo;Is\u00e8re, \u00ab les temp\u00e9ratures ont \u00e9t\u00e9 comprises entre 34 et 37 \u00b0C, avec par exemple 35 \u00b0C \u00e0 Lyon \u00bb, selon M\u00e9t\u00e9o-France.<\/p>\n<p>Pour ce dimanche, l&rsquo;organisme attend \u00ab souvent les 35-36 \u00b0C sur le Rh\u00f4ne et l&rsquo;Is\u00e8re \u00bb, mais les temp\u00e9ratures pourront grimper \u00ab localement \u00bb jusqu&rsquo;\u00e0 \u00ab 37 \u00e0 38 degr\u00e9s, notamment sur Lyon \u00bb, pr\u00e9vient-il.<\/p>\n","protected":false},"excerpt":{"rendered":"La vague de chaleur se poursuit. Deux d\u00e9partements, l&rsquo;Is\u00e8re et le Rh\u00f4ne, restent ce dimanche en vigilance orange&hellip;\n","protected":false},"author":2,"featured_media":195552,"comment_status":"","ping_status":"","sticky":false,"template":"","format":"standard","meta":{"footnotes":""},"categories":[1889],"tags":[1111,11,2430,436,1777,674,107,1011,27,329,2428,8423,12,5140,25],"class_list":{"0":"post-195551","1":"post","2":"type-post","3":"status-publish","4":"format-standard","5":"has-post-thumbnail","7":"category-lyon","8":"tag-actu","9":"tag-actualites","10":"tag-auvergne-rhone-alpes","11":"tag-environnement","12":"tag-eu","13":"tag-europe","14":"tag-fil-info","15":"tag-fr","16":"tag-france","17":"tag-france-monde","18":"tag-lyon","19":"tag-meteorologie-climat","20":"tag-news","21":"tag-rechauffement-climatique","22":"tag-republique-francaise"},"share_on_mastodon":{"url":"https:\/\/pubeurope.com\/@fr\/114726359795768848","error":""},"_links":{"self":[{"href":"https:\/\/www.europesays.com\/fr\/wp-json\/wp\/v2\/posts\/195551","targetHints":{"allow":["GET"]}}],"collection":[{"href":"https:\/\/www.europesays.com\/fr\/wp-json\/wp\/v2\/posts"}],"about":[{"href":"https:\/\/www.europesays.com\/fr\/wp-json\/wp\/v2\/types\/post"}],"author":[{"embeddable":true,"href":"https:\/\/www.europesays.com\/fr\/wp-json\/wp\/v2\/users\/2"}],"replies":[{"embeddable":true,"href":"https:\/\/www.europesays.com\/fr\/wp-json\/wp\/v2\/comments?post=195551"}],"version-history":[{"count":0,"href":"https:\/\/www.europesays.com\/fr\/wp-json\/wp\/v2\/posts\/195551\/revisions"}],"wp:featuredmedia":[{"embeddable":true,"href":"https:\/\/www.europesays.com\/fr\/wp-json\/wp\/v2\/media\/195552"}],"wp:attachment":[{"href":"https:\/\/www.europesays.com\/fr\/wp-json\/wp\/v2\/media?parent=195551"}],"wp:term":[{"taxonomy":"category","embeddable":true,"href":"https:\/\/www.europesays.com\/fr\/wp-json\/wp\/v2\/categories?post=195551"},{"taxonomy":"post_tag","embeddable":true,"href":"https:\/\/www.europesays.com\/fr\/wp-json\/wp\/v2\/tags?post=195551"}],"curies":[{"name":"wp","href":"https:\/\/api.w.org\/{rel}","templated":true}]}}