{"id":195557,"date":"2025-06-22T09:45:13","date_gmt":"2025-06-22T09:45:13","guid":{"rendered":"https:\/\/www.europesays.com\/fr\/195557\/"},"modified":"2025-06-22T09:45:13","modified_gmt":"2025-06-22T09:45:13","slug":"monaco-paris-basketball-les-enjeux-du-match-4-des-finales-avec-une-deuxieme-chance-de-titre-pour-les-parisiens","status":"publish","type":"post","link":"https:\/\/www.europesays.com\/fr\/195557\/","title":{"rendered":"Monaco-Paris Basketball\u00a0: les enjeux du match 4 des finales avec une deuxi\u00e8me chance de titre pour les Parisiens"},"content":{"rendered":"<p class=\"paragraph text_align_left lp-f-body-02\">Monaco ne \u00ab voulait pas que Paris c\u00e9l\u00e8bre \u00bb le titre de champion de France dans sa salle Gaston-M\u00e9decin. Port\u00e9e par un \u00e9norme Jaron Blossomgame (26 points dont 22 apr\u00e8s la pause), <a href=\"https:\/\/www.leparisien.fr\/sports\/basket\/monaco-paris-basketball-81-78-paris-perd-une-balle-de-match-et-relance-la-finale-du-championnat-de-france-20-06-2025-Y4C7LAD35RGFBFJCPXMDJYVW7I.php\" target=\"_blank\" rel=\"noreferrer noopener\">la Roca Team reste en vie<\/a> dans ces finales du championnat de France de <a href=\"https:\/\/www.leparisien.fr\/sports\/basket\/\" target=\"_blank\" rel=\"noreferrer noopener\">basket <\/a>apr\u00e8s trois matchs. <\/p>\n<p class=\"paragraph text_align_left lp-f-body-02\">D\u00e9sormais men\u00e9e 2-1, elle re\u00e7oit une nouvelle fois <a href=\"https:\/\/www.leparisien.fr\/sports\/basket\/gagner-des-titres-ensemble-est-la-chose-la-plus-extraordinaire-au-paris-basketball-lhistoire-secrit-avec-des-sy-20-06-2025-VMRUMSCVCVE3PHJBHVRNNX63CA.php\" target=\"_blank\" rel=\"noreferrer noopener\">le Paris Basketball<\/a> ce dimanche apr\u00e8s-midi (16h30) avec toujours la m\u00eame envie : retarder le sacre des Parisiens et s\u2019offrir un cinqui\u00e8me match, \u00e0 l\u2019Adidas Arena, mardi soir.<\/p>\n<p class=\"paragraph text_align_left lp-f-body-02\">\u00ab On a surv\u00e9cu dans le match le plus difficile apr\u00e8s un score de 2-0, souriait l\u2019entra\u00eeneur mon\u00e9gasque Vassilis Spanoulis apr\u00e8s la victoire de vendredi. Maintenant, c\u2019est psychologiquement diff\u00e9rent et je vois les gars commencer \u00e0 croire \u00e0 nouveau. Il y a cette flamme qu\u2019on avait perdue lors des deux premi\u00e8res manches et apr\u00e8s le Final 4 (NDLR : d\u2019Euroligue) \u00bb. \u00ab On est champion en titre, deuxi\u00e8me meilleure \u00e9quipe en Euroligue, donc on ne recule devant personne \u00bb, appuyait Jaron Blossomgame.<\/p>\n<p>D\u00e9passer les 80 points pour Paris<\/p>\n<p class=\"paragraph text_align_left lp-f-body-02\">Mais les Mon\u00e9gasques ont-ils les capacit\u00e9s de renouveler une telle performance, toujours priv\u00e9s des exp\u00e9riment\u00e9s Mike James (\u00e9cart\u00e9) ou Daniel Theis (bless\u00e9) ? Revenus du diable Vauvert (13 points de retard), ils ont fini par l\u2019emporter de trois points. \u00ab Un shoot, une faute peuvent tout changer \u00e0 la dynamique d\u2019une s\u00e9rie, on le sait, rappelait Tiago Splitter, entra\u00eeneur du Paris Basket. Il faut rester positif, on a perdu de trois points tout en ne faisant pas un grand match \u00bb.<\/p>\n<p class=\"paragraph text_align_left lp-f-body-02\">Leader de la saison r\u00e9guli\u00e8re, Paris n\u2019a perdu que son deuxi\u00e8me match dans ces play-offs 2025 apr\u00e8s celui en quarts de finale contre Dijon. Le point commun ? Le club de la capitale n\u2019avait pas r\u00e9ussi \u00e0 atteindre les 80 points (78 et 79). Les deux seules fois sur neuf rencontres de post-saison. En qu\u00eate du doubl\u00e9 Coupe de France-championnat, les hommes de Tiago Splitter savent qu\u2019ils doivent retrouver de l\u2019efficacit\u00e9 offensive pour s\u2019en sortir. Sous peine d\u2019un match 5 sous haute tension.<\/p>\n","protected":false},"excerpt":{"rendered":"Monaco ne \u00ab voulait pas que Paris c\u00e9l\u00e8bre \u00bb le titre de champion de France dans sa salle&hellip;\n","protected":false},"author":2,"featured_media":195558,"comment_status":"","ping_status":"","sticky":false,"template":"","format":"standard","meta":{"footnotes":""},"categories":[1888],"tags":[1111,1928,11,1927,1465,1777,674,1011,27,12,1926,626,1925,25,60],"class_list":{"0":"post-195557","1":"post","2":"type-post","3":"status-publish","4":"format-standard","5":"has-post-thumbnail","7":"category-paris","8":"tag-actu","9":"tag-actu-paris","10":"tag-actualites","11":"tag-actualites-paris","12":"tag-basket","13":"tag-eu","14":"tag-europe","15":"tag-fr","16":"tag-france","17":"tag-news","18":"tag-news-paris","19":"tag-paris","20":"tag-paris-news","21":"tag-republique-francaise","22":"tag-sports"},"share_on_mastodon":{"url":"https:\/\/pubeurope.com\/@fr\/114726379396543280","error":""},"_links":{"self":[{"href":"https:\/\/www.europesays.com\/fr\/wp-json\/wp\/v2\/posts\/195557","targetHints":{"allow":["GET"]}}],"collection":[{"href":"https:\/\/www.europesays.com\/fr\/wp-json\/wp\/v2\/posts"}],"about":[{"href":"https:\/\/www.europesays.com\/fr\/wp-json\/wp\/v2\/types\/post"}],"author":[{"embeddable":true,"href":"https:\/\/www.europesays.com\/fr\/wp-json\/wp\/v2\/users\/2"}],"replies":[{"embeddable":true,"href":"https:\/\/www.europesays.com\/fr\/wp-json\/wp\/v2\/comments?post=195557"}],"version-history":[{"count":0,"href":"https:\/\/www.europesays.com\/fr\/wp-json\/wp\/v2\/posts\/195557\/revisions"}],"wp:featuredmedia":[{"embeddable":true,"href":"https:\/\/www.europesays.com\/fr\/wp-json\/wp\/v2\/media\/195558"}],"wp:attachment":[{"href":"https:\/\/www.europesays.com\/fr\/wp-json\/wp\/v2\/media?parent=195557"}],"wp:term":[{"taxonomy":"category","embeddable":true,"href":"https:\/\/www.europesays.com\/fr\/wp-json\/wp\/v2\/categories?post=195557"},{"taxonomy":"post_tag","embeddable":true,"href":"https:\/\/www.europesays.com\/fr\/wp-json\/wp\/v2\/tags?post=195557"}],"curies":[{"name":"wp","href":"https:\/\/api.w.org\/{rel}","templated":true}]}}