{"id":195563,"date":"2025-06-22T09:48:13","date_gmt":"2025-06-22T09:48:13","guid":{"rendered":"https:\/\/www.europesays.com\/fr\/195563\/"},"modified":"2025-06-22T09:48:13","modified_gmt":"2025-06-22T09:48:13","slug":"le-naufrage-de-francis-lalanne-qui-chante-les-louanges-du-kremlin","status":"publish","type":"post","link":"https:\/\/www.europesays.com\/fr\/195563\/","title":{"rendered":"le naufrage de Francis Lalanne, qui chante les louanges du Kremlin"},"content":{"rendered":"<p>Vedette de la chanson dans les ann\u00e9es 1980, ce r\u00e9volt\u00e9 permanent a d\u00e9laiss\u00e9 la musique pour soutenir des causes souvent obscures. Derni\u00e8re fantaisie en date, un hymne \u00e0 la gloire de la Russie.<\/p>\n<p class=\"fig-paragraph\">Toute guerre est cruelle. Le Kremlin a\u00a0<a href=\"http:\/\/www.lefigaro.fr\/culture\/gerard-depardieu-proche-de-poutine-appelle-a-arreter-les-armes-et-negocier-20220301\" target=\"_blank\" data-fig-type=\"NewsFlash\" rel=\"noopener nofollow\" data-gtm-custom-categorie=\"navigation\" data-gtm-custom-action=\"crossclick\" data-gtm-custom-label=\"Contextuel\" data-gtm-event=\"customEventSPE\" data-fig-domain=\"LEFIGARO\">perdu G\u00e9rard Depardieu<\/a>, il a gagn\u00e9\u00a0<a href=\"http:\/\/www.lefigaro.fr\/culture\/francis-lalanne-veut-mettre-l-etat-hors-d-etat-de-nuire-l-enquete-classee-sans-suite-20210401\" data-fig-type=\"NewsFlash\" data-gtm-custom-categorie=\"navigation\" data-gtm-custom-action=\"crossclick\" data-gtm-custom-label=\"Contextuel\" data-gtm-event=\"customEventSPE\" data-fig-domain=\"LEFIGARO\" rel=\"nofollow noopener\" target=\"_blank\">Francis Lalanne<\/a>. L\u2019ancien troubadour romantique a r\u00e9cemment pos\u00e9 ses bottes de cuir sur les pav\u00e9s de Moscou afin de tourner une chanson \u00e0 la gloire de la Russie. Au c\u00f4t\u00e9 d\u2019une laur\u00e9ate du \u00ab\u00a0The Voice\u00a0\u00bb local, il livre une ode \u00e0 cette patrie \u00ab\u00a0ch\u00e8re \u00e0 [s]es yeux\u00a0\u00bb avec\u00a0<a href=\"http:\/\/www.lefigaro.fr\/flash-actu\/ma-russie-francis-lalanne-devoile-une-nouvelle-chanson-et-embrasse-le-drapeau-russe-20250606\" target=\"_blank\" data-fig-type=\"NewsFlash\" rel=\"noopener nofollow\" data-gtm-custom-categorie=\"navigation\" data-gtm-custom-action=\"crossclick\" data-gtm-custom-label=\"Contextuel\" data-gtm-event=\"customEventSPE\" data-fig-domain=\"LEFIGARO\">des accents lyriques et une chor\u00e9graphie de kermesse<\/a>. Arborant sur son pull le nom du parti pr\u00e9sidentiel, Le Front populaire. Un ruban de Saint-Georges, symbole de patriotisme, compl\u00e8te la tenue du chanteur.<\/p>\n<p class=\"fig-paragraph\">Celui-ci a \u00e9t\u00e9 vu dans le pays \u00e0 l\u2019occasion des c\u00e9l\u00e9brations du 9 mai, date anniversaire de la victoire de la Grande Guerre patriotique (1941 &#8211; 1945). Il a profit\u00e9 de son s\u00e9jour pour fustiger sur une t\u00e9l\u00e9vision la \u00ab\u00a0propagande relay\u00e9e en France\u00a0\u00bb et le \u00ab\u00a0r\u00e9gime totalitaire\u00a0\u00bb d\u2019Emmanuel Macron, estimant que jamais la Russie \u00ab\u00a0n\u2019a \u00e9t\u00e9 responsable\u00a0\u00bb des dissensions entre les deux pays. Plus t\u00f4t, en 2022, il se f\u00e9licitait que\u2026<\/p>\n<p class=\"fig-premium-paywall__infos\">\n        Cet article est r\u00e9serv\u00e9 aux abonn\u00e9s.        Il vous reste 86% \u00e0 d\u00e9couvrir.\n    <\/p>\n<p>                <img  data- alt=\"Le Figaro\" class=\"fig-img--complete fig-img\"\/><\/p>\n<p class=\"fig-premium-paywall__title\">Vente Flash<\/p>\n<p class=\"fig-premium-paywall__subtitle\">3,99\u20ac par mois pendant 12 mois. Sans engagement.<\/p>\n<p class=\"fig-premium-paywall__connect\">\n                D\u00e9j\u00e0 abonn\u00e9\u00a0?                <a class=\"fig-premium-paywall__connect-link\" href=\"https:\/\/connect.lefigaro.fr\/login?client=horizon_web&amp;type=main&amp;redirect_uri=https%3A%2F%2Fwww.lefigaro.fr%2Fmusique%2Fil-se-fiche-du-ridicule-le-naufrage-de-francis-lalanne-qui-chante-les-louanges-du-kremlin-20250622\" data-js-gtm=\"{&quot;customCategorie&quot;: &quot;conversion&quot;, &quot;customAction&quot;: &quot;before_Landing_Connexion_paywall_auto&quot;, &quot;customLabel&quot;: &quot;bGVmaWdhcm8uZnJfXzFmMDQ2YThkLTcxZDUtNjI3OC1hN2Q4LTk5YzMyMDg5NjU2Nl9fQXJ0aWNsZQ==_\u00ab\u00a0Il se fiche du ridicule\u00a0\u00bb\u00a0: le naufrage de Francis Lalanne, qui chante les louanges du Kremlin_440&quot;, &quot;customIDSPE&quot;: &quot;bGVmaWdhcm8uZnJfXzFmMDQ2YThkLTcxZDUtNjI3OC1hN2Q4LTk5YzMyMDg5NjU2Nl9fQXJ0aWNsZQ==&quot;, &quot;event&quot;: &quot;customEventSPE&quot;}\" rel=\"nofollow noopener\" target=\"_blank\"><br \/>\n                    Connectez-vous<br \/>\n                <\/a>\n            <\/p>\n","protected":false},"excerpt":{"rendered":"Vedette de la chanson dans les ann\u00e9es 1980, ce r\u00e9volt\u00e9 permanent a d\u00e9laiss\u00e9 la musique pour soutenir des&hellip;\n","protected":false},"author":2,"featured_media":195564,"comment_status":"","ping_status":"","sticky":false,"template":"","format":"standard","meta":{"footnotes":""},"categories":[1591],"tags":[11,2937,2932,1695,2935,1696,2934,2933,1887,21301,873,2936,1698,12,1885,1886,132],"class_list":{"0":"post-195563","1":"post","2":"type-post","3":"status-publish","4":"format-standard","5":"has-post-thumbnail","7":"category-russie","8":"tag-actualites","9":"tag-artistes","10":"tag-cd","11":"tag-chanson","12":"tag-chansons","13":"tag-chanteur","14":"tag-chason","15":"tag-dvd","16":"tag-federation-de-russie","17":"tag-francis-lalanne","18":"tag-musique","19":"tag-musique-classique","20":"tag-musiques","21":"tag-news","22":"tag-russia","23":"tag-russian-federation","24":"tag-russie"},"share_on_mastodon":{"url":"https:\/\/pubeurope.com\/@fr\/114726391199699504","error":""},"_links":{"self":[{"href":"https:\/\/www.europesays.com\/fr\/wp-json\/wp\/v2\/posts\/195563","targetHints":{"allow":["GET"]}}],"collection":[{"href":"https:\/\/www.europesays.com\/fr\/wp-json\/wp\/v2\/posts"}],"about":[{"href":"https:\/\/www.europesays.com\/fr\/wp-json\/wp\/v2\/types\/post"}],"author":[{"embeddable":true,"href":"https:\/\/www.europesays.com\/fr\/wp-json\/wp\/v2\/users\/2"}],"replies":[{"embeddable":true,"href":"https:\/\/www.europesays.com\/fr\/wp-json\/wp\/v2\/comments?post=195563"}],"version-history":[{"count":0,"href":"https:\/\/www.europesays.com\/fr\/wp-json\/wp\/v2\/posts\/195563\/revisions"}],"wp:featuredmedia":[{"embeddable":true,"href":"https:\/\/www.europesays.com\/fr\/wp-json\/wp\/v2\/media\/195564"}],"wp:attachment":[{"href":"https:\/\/www.europesays.com\/fr\/wp-json\/wp\/v2\/media?parent=195563"}],"wp:term":[{"taxonomy":"category","embeddable":true,"href":"https:\/\/www.europesays.com\/fr\/wp-json\/wp\/v2\/categories?post=195563"},{"taxonomy":"post_tag","embeddable":true,"href":"https:\/\/www.europesays.com\/fr\/wp-json\/wp\/v2\/tags?post=195563"}],"curies":[{"name":"wp","href":"https:\/\/api.w.org\/{rel}","templated":true}]}}