{"id":195565,"date":"2025-06-22T09:49:09","date_gmt":"2025-06-22T09:49:09","guid":{"rendered":"https:\/\/www.europesays.com\/fr\/195565\/"},"modified":"2025-06-22T09:49:09","modified_gmt":"2025-06-22T09:49:09","slug":"kiev-annonce-vouloir-intensifier-ses-frappes-en-profondeur-sur-la-russie","status":"publish","type":"post","link":"https:\/\/www.europesays.com\/fr\/195565\/","title":{"rendered":"Kiev annonce vouloir intensifier ses frappes en profondeur sur la Russie"},"content":{"rendered":"<p>L&rsquo;Ukraine compte intensifier ses frappes contre des cibles militaires dans la profondeur du territoire russe, a annonc\u00e9 le commandant en chef des arm\u00e9es ukrainiennes Oleksandr Syrsky, dans des remarques rendues publiques, ce dimanche 22 juin. <\/p>\n<p>Le commandant en chef ukrainien <strong><a href=\"https:\/\/www.rfi.fr\/fr\/podcasts\/europ%C3%A9en-de-la-semaine\/20221001-le-g%C3%A9n%C3%A9ral-oleksandr-syrsky-nomm%C3%A9-h%C3%A9ros-de-l-ukraine-par-volodymyr-zelensky\" rel=\"nofollow noopener\" target=\"_blank\" data-ylk=\"slk:Oleksandr Syrsky;elm:context_link;itc:0;sec:content-canvas\" class=\"link \">Oleksandr Syrsky<\/a><\/strong>, face \u00e0 des journalistes, dont ceux de l&rsquo;AFP, a affirm\u00e9 que les frappes dans la profondeur russe s&rsquo;av\u00e9raient \u00ab efficaces \u00bb et pr\u00e9cis\u00e9 que Kiev n&rsquo;attaquerait que des cibles militaires. \u00ab Bien s\u00fbr, nous continuerons. Nous augmenterons l&rsquo;ampleur et la profondeur \u00bb, a d\u00e9clar\u00e9 le militaire. Ses commentaires interviennent alors que les efforts diplomatiques pour mettre fin \u00e0 la guerre de plus de trois ans sont au point mort.<\/p>\n<p>\u00c0 lire aussi<a href=\"https:\/\/www.rfi.fr\/fr\/europe\/20250621-ukraine-les-derni%C3%A8res-d%C3%A9clarations-belliqueuses-de-vladimir-poutine-suscitent-de-vives-r%C3%A9actions\" class=\"link \" rel=\"nofollow noopener\" target=\"_blank\" data-ylk=\"slk:Ukraine: les derni\u00e8res d\u00e9clarations belliqueuses de Vladimir Poutine suscitent de vives r\u00e9actions;elm:context_link;itc:0;sec:content-canvas\">Ukraine: les derni\u00e8res d\u00e9clarations belliqueuses de Vladimir Poutine suscitent de vives r\u00e9actions<\/a><\/p>\n<p>\u00c0 lire aussi<a href=\"https:\/\/www.rfi.fr\/fr\/europe\/20250622-guerre-en-ukraine-kiev-d%C3%A9nonce-la-pr%C3%A9sence-de-corps-de-soldats-russes-dans-ceux-qui-lui-sont-rendus\" class=\"link \" rel=\"nofollow noopener\" target=\"_blank\" data-ylk=\"slk:Guerre en Ukraine: Kiev accuse Moscou de lui avoir remis vingt corps de soldats russes;elm:context_link;itc:0;sec:content-canvas\">Guerre en Ukraine: Kiev accuse Moscou de lui avoir remis vingt corps de soldats russes<\/a><\/p>\n<p><a href=\"https:\/\/www.rfi.fr\/fr\/europe\/20250622-ukraine-kiev-annonce-vouloir-intensifier-ses-frappes-en-profondeur-sur-la-russie\" rel=\"nofollow noopener\" target=\"_blank\" data-ylk=\"slk:Lire la suite sur RFI;elm:context_link;itc:0;sec:content-canvas\" class=\"link \">Lire la suite sur RFI<\/a><\/p>\n","protected":false},"excerpt":{"rendered":"L&rsquo;Ukraine compte intensifier ses frappes contre des cibles militaires dans la profondeur du territoire russe, a annonc\u00e9 le&hellip;\n","protected":false},"author":2,"featured_media":195566,"comment_status":"","ping_status":"","sticky":false,"template":"","format":"standard","meta":{"footnotes":""},"categories":[1590],"tags":[11,33441,1777,674,2535,5493,12,33440,220,135],"class_list":{"0":"post-195565","1":"post","2":"type-post","3":"status-publish","4":"format-standard","5":"has-post-thumbnail","7":"category-ukraine","8":"tag-actualites","9":"tag-commandant-en-chef","10":"tag-eu","11":"tag-europe","12":"tag-frappes","13":"tag-lukraine","14":"tag-news","15":"tag-oleksandr-syrsky","16":"tag-ukraine","17":"tag-vladimir-poutine"},"share_on_mastodon":{"url":"https:\/\/pubeurope.com\/@fr\/114726395178925022","error":""},"_links":{"self":[{"href":"https:\/\/www.europesays.com\/fr\/wp-json\/wp\/v2\/posts\/195565","targetHints":{"allow":["GET"]}}],"collection":[{"href":"https:\/\/www.europesays.com\/fr\/wp-json\/wp\/v2\/posts"}],"about":[{"href":"https:\/\/www.europesays.com\/fr\/wp-json\/wp\/v2\/types\/post"}],"author":[{"embeddable":true,"href":"https:\/\/www.europesays.com\/fr\/wp-json\/wp\/v2\/users\/2"}],"replies":[{"embeddable":true,"href":"https:\/\/www.europesays.com\/fr\/wp-json\/wp\/v2\/comments?post=195565"}],"version-history":[{"count":0,"href":"https:\/\/www.europesays.com\/fr\/wp-json\/wp\/v2\/posts\/195565\/revisions"}],"wp:featuredmedia":[{"embeddable":true,"href":"https:\/\/www.europesays.com\/fr\/wp-json\/wp\/v2\/media\/195566"}],"wp:attachment":[{"href":"https:\/\/www.europesays.com\/fr\/wp-json\/wp\/v2\/media?parent=195565"}],"wp:term":[{"taxonomy":"category","embeddable":true,"href":"https:\/\/www.europesays.com\/fr\/wp-json\/wp\/v2\/categories?post=195565"},{"taxonomy":"post_tag","embeddable":true,"href":"https:\/\/www.europesays.com\/fr\/wp-json\/wp\/v2\/tags?post=195565"}],"curies":[{"name":"wp","href":"https:\/\/api.w.org\/{rel}","templated":true}]}}