{"id":195571,"date":"2025-06-22T09:52:17","date_gmt":"2025-06-22T09:52:17","guid":{"rendered":"https:\/\/www.europesays.com\/fr\/195571\/"},"modified":"2025-06-22T09:52:17","modified_gmt":"2025-06-22T09:52:17","slug":"lancement-du-retour-du-service-de-lasean-express-en-allemagne-xinhua","status":"publish","type":"post","link":"https:\/\/www.europesays.com\/fr\/195571\/","title":{"rendered":"Lancement du retour du service de l&rsquo;ASEAN Express en Allemagne &#8211; Xinhua"},"content":{"rendered":"<p><img decoding=\"async\" style=\" display: block; margin-left: auto; margin-right: auto;\" src=\"https:\/\/www.europesays.com\/fr\/wp-content\/uploads\/2025\/06\/20250622ba2773c1bacd430aa92ba2588bb17a68_dd4917d767ba4053b4a9f9950f3ce8d9.JPG\"\/><\/p>\n<p style=\"text-align: center;\">DUISBOURG, 22 juin (Xinhua) &#8212; Sc\u00e8ne du lancement du retour du service de l&rsquo;ASEAN Express \u00e0 Duisbourg, en Allemagne, le 21 juin 2025.<\/p>\n<p style=\"text-align: center;\">Un train de marchandises transportant des produits maternels et de pu\u00e9riculture, de cosm\u00e9tiques et de fournitures m\u00e9dicales a quitt\u00e9 samedi la ville allemande de Duisbourg, marquant le lancement du retour du service de l&rsquo;ASEAN Express. (Xinhua\/Du Zheyu)<\/p>\n<p style=\"text-align: center;\"><img decoding=\"async\" src=\"https:\/\/www.europesays.com\/fr\/wp-content\/uploads\/2025\/06\/20250622ba2773c1bacd430aa92ba2588bb17a68_3a96b592f1a644568637d3869495562a.JPG\"\/><\/p>\n<p style=\"text-align: center;\">DUISBOURG, 22 juin (Xinhua) &#8212; Sc\u00e8ne de la promotion des services de l&rsquo;ASEAN Express \u00e0 Duisbourg, en Allemagne, le 21 juin 2025.<\/p>\n<p style=\"text-align: center;\">Un train de marchandises transportant des produits maternels et de pu\u00e9riculture, de cosm\u00e9tiques et de fournitures m\u00e9dicales a quitt\u00e9 samedi la ville allemande de Duisbourg, marquant le lancement du retour du service de l&rsquo;ASEAN Express. (Xinhua\/Du Zheyu)<\/p>\n<p style=\"text-align: center;\"><img decoding=\"async\" src=\"https:\/\/www.europesays.com\/fr\/wp-content\/uploads\/2025\/06\/20250622ba2773c1bacd430aa92ba2588bb17a68_284dfcff6fe64970a1450f0ea2bed3ba.JPG\"\/><\/p>\n<p style=\"text-align: center;\">DUISBOURG, 22 juin (Xinhua) &#8212; Sc\u00e8ne de la promotion des services de l&rsquo;ASEAN Express \u00e0 Duisbourg, en Allemagne, le 21 juin 2025.<\/p>\n<p style=\"text-align: center;\">Un train de marchandises transportant des produits maternels et de pu\u00e9riculture, de cosm\u00e9tiques et de fournitures m\u00e9dicales a quitt\u00e9 samedi la ville allemande de Duisbourg, marquant le lancement du retour du service de l&rsquo;ASEAN Express. (Xinhua\/Du Zheyu)<\/p>\n","protected":false},"excerpt":{"rendered":"DUISBOURG, 22 juin (Xinhua) &#8212; Sc\u00e8ne du lancement du retour du service de l&rsquo;ASEAN Express \u00e0 Duisbourg, en&hellip;\n","protected":false},"author":2,"featured_media":195572,"comment_status":"","ping_status":"","sticky":false,"template":"","format":"standard","meta":{"footnotes":""},"categories":[1587],"tags":[11,672,33442,1804,1805,1803,1777,674,1801,2726,12,1802],"class_list":{"0":"post-195571","1":"post","2":"type-post","3":"status-publish","4":"format-standard","5":"has-post-thumbnail","7":"category-allemagne","8":"tag-actualites","9":"tag-allemagne","10":"tag-asean","11":"tag-bundesrepublik-deutschland","12":"tag-de","13":"tag-deutschland","14":"tag-eu","15":"tag-europe","16":"tag-germany","17":"tag-logistique","18":"tag-news","19":"tag-republique-federale-dallemagne"},"share_on_mastodon":{"url":"https:\/\/pubeurope.com\/@fr\/114726407089880258","error":""},"_links":{"self":[{"href":"https:\/\/www.europesays.com\/fr\/wp-json\/wp\/v2\/posts\/195571","targetHints":{"allow":["GET"]}}],"collection":[{"href":"https:\/\/www.europesays.com\/fr\/wp-json\/wp\/v2\/posts"}],"about":[{"href":"https:\/\/www.europesays.com\/fr\/wp-json\/wp\/v2\/types\/post"}],"author":[{"embeddable":true,"href":"https:\/\/www.europesays.com\/fr\/wp-json\/wp\/v2\/users\/2"}],"replies":[{"embeddable":true,"href":"https:\/\/www.europesays.com\/fr\/wp-json\/wp\/v2\/comments?post=195571"}],"version-history":[{"count":0,"href":"https:\/\/www.europesays.com\/fr\/wp-json\/wp\/v2\/posts\/195571\/revisions"}],"wp:featuredmedia":[{"embeddable":true,"href":"https:\/\/www.europesays.com\/fr\/wp-json\/wp\/v2\/media\/195572"}],"wp:attachment":[{"href":"https:\/\/www.europesays.com\/fr\/wp-json\/wp\/v2\/media?parent=195571"}],"wp:term":[{"taxonomy":"category","embeddable":true,"href":"https:\/\/www.europesays.com\/fr\/wp-json\/wp\/v2\/categories?post=195571"},{"taxonomy":"post_tag","embeddable":true,"href":"https:\/\/www.europesays.com\/fr\/wp-json\/wp\/v2\/tags?post=195571"}],"curies":[{"name":"wp","href":"https:\/\/api.w.org\/{rel}","templated":true}]}}