{"id":195595,"date":"2025-06-22T10:07:13","date_gmt":"2025-06-22T10:07:13","guid":{"rendered":"https:\/\/www.europesays.com\/fr\/195595\/"},"modified":"2025-06-22T10:07:13","modified_gmt":"2025-06-22T10:07:13","slug":"philippe-caveriviere-se-moque-de-laccrochage-entre-rachida-dati-et-patrick-cohen-dans-c-a-vous","status":"publish","type":"post","link":"https:\/\/www.europesays.com\/fr\/195595\/","title":{"rendered":"Philippe Caverivi\u00e8re se moque de l\u2019accrochage entre Rachida Dati et Patrick Cohen dans \u00ab C \u00e0 vous \u00bb"},"content":{"rendered":"<p>La s\u00e9quence n&rsquo;a laiss\u00e9 personne indiff\u00e9rent. Mercredi\u00a018 juin, sur le plateau de C \u00e0 vous, sur France 5, les t\u00e9l\u00e9spectateurs assistaient \u00e0 une passe d&rsquo;armes entre Patrick Cohen et la ministre de la Culture, Rachida Dati. Cette derni\u00e8re, n&rsquo;appr\u00e9ciant pas\u00a0une question du journaliste sur <a class=\"link \" href=\"https:\/\/www.lepoint.fr\/politique\/que-revele-le-complement-d-enquete-sur-les-possibles-liens-entre-rachida-dati-et-gdf-suez-05-06-2025-2591322_20.php\" rel=\"nofollow noopener\" target=\"_blank\" data-ylk=\"slk:les honoraires qu&#039;elle aurait per\u00e7us de GDF Suez;elm:context_link;itc:0;sec:content-canvas\">les honoraires qu&rsquo;elle aurait per\u00e7us de GDF Suez<\/a>, r\u00e9pliquait en <a class=\"link \" href=\"https:\/\/www.lepoint.fr\/societe\/est-ce-que-vous-harcelez-vos-collaborateurs-la-sequence-choc-entre-rachida-dati-et-patrick-cohen-19-06-2025-2592422_23.php\" rel=\"nofollow noopener\" target=\"_blank\" data-ylk=\"slk:mettant en cause son interlocuteur sur son comportement avec les collaborateurs\u00a0de l&#039;\u00e9mission;elm:context_link;itc:0;sec:content-canvas\">mettant en cause son interlocuteur sur son comportement avec les collaborateurs\u00a0de l&rsquo;\u00e9mission<\/a>.<\/p>\n<p>L&rsquo;humoriste Philippe Caverivi\u00e8re, habitu\u00e9 aux billets poil-\u00e0-gratter\u00a0sur RTL, a une nouvelle fois choisi l&rsquo;humour piquant pour \u00e9voquer la s\u00e9quence. \u00ab\u00a0Rachida Dati a lanc\u00e9 des missiles courte port\u00e9e au-dessus de la table sur Patrick Cohen\u00a0\u00bb, a-t-il ainsi lanc\u00e9 <a class=\"link \" href=\"https:\/\/www.rtl.fr\/actu\/debats-societe\/video-caveriviere-la-grosse-actu-ce-sont-les-images-terribles-de-bombardements-sur-le-plateau-de-c-a-vous-7900517709\" rel=\"nofollow noopener\" target=\"_blank\" data-ylk=\"slk:lors de son intervention;elm:context_link;itc:0;sec:content-canvas\">lors de son intervention<\/a>, vendredi matin. Filant la m\u00e9taphore guerri\u00e8re, le chroniqueur radio a ajout\u00e9 que l&rsquo;\u00e9ditorialiste de C \u00e0 vous\u00a0\u00ab\u00a0a fait d\u00f4me de fer, il n&rsquo;a pas boug\u00e9\u00a0\u00bb.<\/p>\n<p>\u00ab\u00a0Anne-\u00c9lisabeth a pris une salve\u00a0\u00bb<\/p>\n<p>Philippe Caverivi\u00e8re n&rsquo;a pas omis d&rsquo;aborder\u00a0<a class=\"link \" href=\"https:\/\/www.lepoint.fr\/culture\/pas-tres-reluisant-anne-elisabeth-lemoine-repond-aux-attaques-de-rachida-dati-sur-l-ambiance-a-c-a-vous-19-06-2025-2592438_3.php\" rel=\"nofollow noopener\" target=\"_blank\" data-ylk=\"slk:les attaques de Rachida Dari \u00e0\u00a0l&#039;encontre d&#039;Anne-\u00c9lisabeth Lemoine;elm:context_link;itc:0;sec:content-canvas\">les attaques de Rachida Dari \u00e0\u00a0l&rsquo;encontre d&rsquo;Anne-\u00c9lisabeth Lemoine<\/a> lorsque cette derni\u00e8re\u00a0avait tent\u00e9 de calmer le jeu en plateau. \u00ab\u00a0Anne-\u00c9lisabeth, on la conna\u00eet, elle est gentille, elle est altruiste. Elle a voulu donner un coup de main et elle a pris une salve\u00a0\u00bb, a not\u00e9 l&rsquo;humoriste,\u00a0imitant le bruit d&rsquo;une mitraillette.<\/p>\n<p>\u00c0 LIRE AUSSI <strong class=\"strong\"><a href=\"https:\/\/www.lepoint.fr\/economie\/audiovisuel-public-le-bras-de-fer-social-qui-menace-france-televisions-21-05-2025-2590143_28.php\" rel=\"nofollow noopener\" target=\"_blank\" data-ylk=\"slk:Audiovisuel public\u00a0: le bras de fer social qui menace France T\u00e9l\u00e9visions;elm:context_link;itc:0;sec:content-canvas\" class=\"link \">Audiovisuel public\u00a0: le bras de fer social qui menace France T\u00e9l\u00e9visions<\/a><\/strong><\/p>\n<p>Face \u00e0 Philippe Caverivi\u00e8re, dans le studio de la station de radio, se trouvait <a class=\"link \" href=\"https:\/\/www.lepoint.fr\/politique\/jean-philippe-tanguy-je-suis-un-populiste-au-sens-strict-du-terme-22-03-2025-2585370_20.php\" rel=\"nofollow noopener\" target=\"_blank\" data-ylk=\"slk:le d\u00e9put\u00e9 du Rassemblement nation [...];elm:context_link;itc:0;sec:content-canvas\">le d\u00e9put\u00e9 du Rassemblement nation [&#8230;] <\/a><a href=\"https:\/\/www.lepoint.fr\/people\/des-missiles-courte-portee-philippe-caveriviere-se-moque-de-l-accrochage-entre-rachida-dati-et-patrick-cohen-dans-c-a-vous-22-06-2025-2592598_2116.php\" rel=\"nofollow noopener\" target=\"_blank\" data-ylk=\"slk:Lire la suite;elm:context_link;itc:0;sec:content-canvas\" class=\"link \">Lire la suite<\/a><\/p>\n","protected":false},"excerpt":{"rendered":"La s\u00e9quence n&rsquo;a laiss\u00e9 personne indiff\u00e9rent. Mercredi\u00a018 juin, sur le plateau de C \u00e0 vous, sur France 5,&hellip;\n","protected":false},"author":2,"featured_media":195596,"comment_status":"","ping_status":"","sticky":false,"template":"","format":"standard","meta":{"footnotes":""},"categories":[1359],"tags":[58,59,1011,27,2616,13960,973,3807,417],"class_list":{"0":"post-195595","1":"post","2":"type-post","3":"status-publish","4":"format-standard","5":"has-post-thumbnail","7":"category-people","8":"tag-divertissement","9":"tag-entertainment","10":"tag-fr","11":"tag-france","12":"tag-ministre-de-la-culture","13":"tag-patrick-cohen","14":"tag-people","15":"tag-philippe-caveriviere","16":"tag-rachida-dati"},"share_on_mastodon":{"url":"https:\/\/pubeurope.com\/@fr\/114726465997380472","error":""},"_links":{"self":[{"href":"https:\/\/www.europesays.com\/fr\/wp-json\/wp\/v2\/posts\/195595","targetHints":{"allow":["GET"]}}],"collection":[{"href":"https:\/\/www.europesays.com\/fr\/wp-json\/wp\/v2\/posts"}],"about":[{"href":"https:\/\/www.europesays.com\/fr\/wp-json\/wp\/v2\/types\/post"}],"author":[{"embeddable":true,"href":"https:\/\/www.europesays.com\/fr\/wp-json\/wp\/v2\/users\/2"}],"replies":[{"embeddable":true,"href":"https:\/\/www.europesays.com\/fr\/wp-json\/wp\/v2\/comments?post=195595"}],"version-history":[{"count":0,"href":"https:\/\/www.europesays.com\/fr\/wp-json\/wp\/v2\/posts\/195595\/revisions"}],"wp:featuredmedia":[{"embeddable":true,"href":"https:\/\/www.europesays.com\/fr\/wp-json\/wp\/v2\/media\/195596"}],"wp:attachment":[{"href":"https:\/\/www.europesays.com\/fr\/wp-json\/wp\/v2\/media?parent=195595"}],"wp:term":[{"taxonomy":"category","embeddable":true,"href":"https:\/\/www.europesays.com\/fr\/wp-json\/wp\/v2\/categories?post=195595"},{"taxonomy":"post_tag","embeddable":true,"href":"https:\/\/www.europesays.com\/fr\/wp-json\/wp\/v2\/tags?post=195595"}],"curies":[{"name":"wp","href":"https:\/\/api.w.org\/{rel}","templated":true}]}}