{"id":195606,"date":"2025-06-22T10:13:10","date_gmt":"2025-06-22T10:13:10","guid":{"rendered":"https:\/\/www.europesays.com\/fr\/195606\/"},"modified":"2025-06-22T10:13:10","modified_gmt":"2025-06-22T10:13:10","slug":"lappel-de-la-ligue-contre-le-cancer-pour-mettre-un-terme-a-un-cancer-frequent","status":"publish","type":"post","link":"https:\/\/www.europesays.com\/fr\/195606\/","title":{"rendered":"l&rsquo;appel de la Ligue contre le cancer pour \u00ab\u00a0mettre un terme\u00a0\u00bb \u00e0 un cancer fr\u00e9quent"},"content":{"rendered":"<p class=\"app_entry_lead\">\n                                    <a title=\"\u00a0\u00a9\u00a0as-artmedia - stock.adobe.com\" href=\"https:\/\/www.europesays.com\/fr\/wp-content\/uploads\/2025\/06\/74257092.jpg\" class=\"fancy\"><\/p>\n<p>                            <img loading=\"lazy\" decoding=\"async\" src=\"https:\/\/www.europesays.com\/fr\/wp-content\/uploads\/2025\/06\/74257092.jpg\" alt=\"&quot;Il est temps de rendre ce vaccin obligatoire&quot;\u00a0: l'appel de la Ligue contre le cancer pour &quot;mettre un terme&quot; \u00e0 un cancer fr\u00e9quent\" width=\"1500\" height=\"1001\"\/><\/p>\n<p>                    <\/a><br \/>\n                    M\u00eame si de plus en plus de personnes sont vaccin\u00e9es, cela reste insuffisant pour esp\u00e9rer \u00e9radiquer un cancer qui touche des milliers de Fran\u00e7ais chaque ann\u00e9e.\n            <\/p>\n<p>Il pourrait \u00eatre \u00e9radiqu\u00e9, ou presque, gr\u00e2ce \u00e0 la vaccination. Environ 6\u00a0400\u00a0cas de cancers pourraient ainsi \u00eatre \u00e9vit\u00e9s chaque ann\u00e9e en France. \u00ab\u00a0Nous pourrions (y) mettre un terme d\u00e8s demain gr\u00e2ce \u00e0 une solution simple et s\u00fbre\u00a0\u00bb, appelait au d\u00e9but du printemps\u00a0Philippe Bergerot, le pr\u00e9sident de la Ligue contre le cancer.<\/p>\n<p>Ce virus qui touche 80\u00a0% des femmes et des hommes dans leur vie peut \u00eatre \u00e0 l&rsquo;origine de cancers du col de l&rsquo;ut\u00e9rus, mais aussi du vagin, de la vulve, du p\u00e9nis, de l&rsquo;anus et de l&rsquo;oropharynx (une partie du pharynx situ\u00e9e dans la gorge). \u00ab\u00a0Pourtant, ces cancers pourraient \u00eatre \u00e9vit\u00e9s gr\u00e2ce \u00e0 une vaccination d\u00e8s l&rsquo;adolescence\u00a0\u00bb, rappelle la Ligue contre le cancer.\u00a0Cette solution, c&rsquo;est le vaccin contre le papillomavirus humain (HPV).<\/p>\n<p><img decoding=\"async\" alt=\"\" src=\"https:\/\/www.europesays.com\/fr\/wp-content\/uploads\/2025\/06\/74258314.jpg\"\/><\/p>\n<p>La vaccination contre le papillomavirus est recommand\u00e9e en France chez les filles et gar\u00e7ons entre 11 et 14 ans. Les adolescents jusque 19 ans peuvent \u00e9galement se faire vacciner en rattrapage, et jusqu&rsquo;\u00e0 26\u00a0ans pour les hommes ayant des rapports sexuels avec des hommes. Une campagne de vaccination gratuite dans les coll\u00e8ges est organis\u00e9e depuis l&rsquo;ann\u00e9e scolaire 2023-2024. Cette vaccination des \u00e9l\u00e8ves de 5e \u00ab\u00a0a permis une am\u00e9lioration importante de la couverture vaccinale\u00a0\u00bb, d&rsquo;apr\u00e8s <a href=\"https:\/\/www.ameli.fr\/assure\/sante\/themes\/vaccination\/vaccins-recommandes\" rel=\"nofollow noopener\" target=\"_blank\">l&rsquo;Assurance maladie<\/a>. Pr\u00e8s de 420 000\u00a0adolescents de 12\u00a0ans ont en effet \u00e9t\u00e9 vaccin\u00e9s, portant la couverture vaccinale \u00e0 pr\u00e8s de 50 % en France.<\/p>\n<p>Mais cela ne suffit pas. \u00ab\u00a0La couverture vaccinale reste insuffisante et in\u00e9galitaire selon les territoires\u00a0\u00bb, regrette la Ligue contre le cancer.\u00a0Alors que les objectifs de couverture vaccinale sont de 80\u00a0%, en Corse, en \u00cele-de-France en Provence-Alpes-C\u00f4te-d&rsquo;Azur, elle atteint \u00e0 peine 46\u00a0%. La situation est encore plus inqui\u00e9tante dans les DROM, o\u00f9 moins de 25\u00a0%\u00a0des adolescents sont vaccin\u00e9s en Martinique et \u00e0 la R\u00e9union.<\/p>\n<p>Pour la Ligue contre le cancer, la solution est simple : \u00ab\u00a0Il est temps de rendre ce vaccin obligatoire.\u00a0C&rsquo;est la seule mani\u00e8re d&rsquo;assurer une couverture universelle, d&rsquo;\u00e9liminer les in\u00e9galit\u00e9s et d&rsquo;\u00e9radiquer les cancers\u00a0\u00bb li\u00e9s au papillomavirus\u00a0\u00bb, estime Philippe Bergerot. Plusieurs pays ont prouv\u00e9 que cela \u00e9tait possible : l&rsquo;Australie et l&rsquo;Angleterre ont atteint l&rsquo;objectif des 80\u00a0%\u00a0d&rsquo;adolescents vaccin\u00e9s. La couverture vaccinale a m\u00eame atteint pr\u00e8s de 90\u00a0%\u00a0au Danemark, qui a r\u00e9cemment annonc\u00e9 que le cancer du col de l&rsquo;ut\u00e9rus devrait y \u00eatre \u00e9radiqu\u00e9 d&rsquo;ici 2040.<\/p>\n<p>La vaccination n&rsquo;est pas le seul moyen d&rsquo;\u00e9viter le cancer du col de l&rsquo;ut\u00e9rus : le d\u00e9pistage joue \u00e9galement un r\u00f4le majeur. Il reste n\u00e9cessaire, \u00e0 partir de 25 ans, m\u00eame chez les femmes vaccin\u00e9es contre le papillomavirus. En France, le d\u00e9pistage est lui aussi loin des objectifs fix\u00e9s. Des efforts sont donc encore \u00e0 faire, tant pour augmenter la vaccination contre les papillomavirus que le d\u00e9pistage du cancer du col de l&rsquo;ut\u00e9rus, pour esp\u00e9rer \u00e9radiquer ces infections et ce cancer au cours des prochaines d\u00e9cennies.<\/p>\n","protected":false},"excerpt":{"rendered":"M\u00eame si de plus en plus de personnes sont vaccin\u00e9es, cela reste insuffisant pour esp\u00e9rer \u00e9radiquer un cancer&hellip;\n","protected":false},"author":2,"featured_media":195607,"comment_status":"","ping_status":"","sticky":false,"template":"","format":"standard","meta":{"footnotes":""},"categories":[10],"tags":[1011,27,72,71],"class_list":{"0":"post-195606","1":"post","2":"type-post","3":"status-publish","4":"format-standard","5":"has-post-thumbnail","7":"category-sante","8":"tag-fr","9":"tag-france","10":"tag-health","11":"tag-sante"},"share_on_mastodon":{"url":"https:\/\/pubeurope.com\/@fr\/114726489605173006","error":""},"_links":{"self":[{"href":"https:\/\/www.europesays.com\/fr\/wp-json\/wp\/v2\/posts\/195606","targetHints":{"allow":["GET"]}}],"collection":[{"href":"https:\/\/www.europesays.com\/fr\/wp-json\/wp\/v2\/posts"}],"about":[{"href":"https:\/\/www.europesays.com\/fr\/wp-json\/wp\/v2\/types\/post"}],"author":[{"embeddable":true,"href":"https:\/\/www.europesays.com\/fr\/wp-json\/wp\/v2\/users\/2"}],"replies":[{"embeddable":true,"href":"https:\/\/www.europesays.com\/fr\/wp-json\/wp\/v2\/comments?post=195606"}],"version-history":[{"count":0,"href":"https:\/\/www.europesays.com\/fr\/wp-json\/wp\/v2\/posts\/195606\/revisions"}],"wp:featuredmedia":[{"embeddable":true,"href":"https:\/\/www.europesays.com\/fr\/wp-json\/wp\/v2\/media\/195607"}],"wp:attachment":[{"href":"https:\/\/www.europesays.com\/fr\/wp-json\/wp\/v2\/media?parent=195606"}],"wp:term":[{"taxonomy":"category","embeddable":true,"href":"https:\/\/www.europesays.com\/fr\/wp-json\/wp\/v2\/categories?post=195606"},{"taxonomy":"post_tag","embeddable":true,"href":"https:\/\/www.europesays.com\/fr\/wp-json\/wp\/v2\/tags?post=195606"}],"curies":[{"name":"wp","href":"https:\/\/api.w.org\/{rel}","templated":true}]}}