{"id":195609,"date":"2025-06-22T10:15:10","date_gmt":"2025-06-22T10:15:10","guid":{"rendered":"https:\/\/www.europesays.com\/fr\/195609\/"},"modified":"2025-06-22T10:15:10","modified_gmt":"2025-06-22T10:15:10","slug":"lea-salame-assure-se-mettre-en-retrait-si-son-compagnon-raphael-glucksmann-se-presente-a-la-presidentielle-en-2027-liberation","status":"publish","type":"post","link":"https:\/\/www.europesays.com\/fr\/195609\/","title":{"rendered":"L\u00e9a Salam\u00e9 assure se \u00abmettre en retrait\u00bb si son compagnon Rapha\u00ebl Glucksmann se pr\u00e9sente \u00e0 la pr\u00e9sidentielle en\u00a02027 \u2013 Lib\u00e9ration"},"content":{"rendered":"<p class=\"sc-ksZaOG ehjQrN text-element\">Depuis sa <a href=\"https:\/\/www.liberation.fr\/economie\/medias\/lea-salame-quitte-la-matinale-d-france-inter-pour-le-20-heures-de-france-2-20250619_2QRWHRZVYZHMDGUULDEKTTFV3E\/\" target=\"_blank\" rel=\"nofollow noopener\" title=\"https:\/\/www.liberation.fr\/economie\/medias\/lea-salame-quitte-la-matinale-d-france-inter-pour-le-20-heures-de-france-2-20250619_2QRWHRZVYZHMDGUULDEKTTFV3E\/\">nomination au journal de France 2<\/a>, la question est sur toutes les l\u00e8vres. Comment <a href=\"https:\/\/www.liberation.fr\/france\/2014\/12\/14\/lea-salame-timbale-libanaise_1163472\/\" target=\"_blank\" rel=\"nofollow noopener\" title=\"https:\/\/www.liberation.fr\/france\/2014\/12\/14\/lea-salame-timbale-libanaise_1163472\/\">L\u00e9a Salam\u00e9<\/a> peut-elle pr\u00e9senter le 20 heures si son compagnon est candidat en 2027 ? La journaliste apporte ce dimanche une r\u00e9ponse dans une interview \u00e0 La Tribune dimanche. Le chef de file de Place publique, possible pr\u00e9sidentiable \u00e0 gauche, \u00abest d\u00e9put\u00e9 europ\u00e9en depuis six ans et cela ne m\u2019a pas emp\u00each\u00e9e de pr\u00e9senter \u00abl\u2019Emission politique\u00bb pendant cinq ans, de faire l\u2019interview du 14 Juillet, le d\u00e9bat de l\u2019entre-deux-tours en 2022 ou d\u2019avoir tous les politiques au micro le matin sur France Inter\u00bb, d\u00e9marre L\u00e9a Salam\u00e9, interrog\u00e9e sur le risque de \u00abconflits d\u2019int\u00e9r\u00eats\u00bb depuis qu\u2019elle a \u00e9t\u00e9 d\u00e9sign\u00e9e, jeudi 19 juin, pour remplacer Anne-Sophie Lapix aux commandes du 20 heures.<\/p>\n<p class=\"sc-ksZaOG ehjQrN text-element\">\u00abD\u2019Emmanuel Macron \u00e0 Marine Le Pen en passant par Bruno Retailleau, Edouard Philippe ou Jean-Luc M\u00e9lenchon, je n\u2019ai jamais senti dans leurs yeux qu\u2019ils me prenaient pour \u00abla femme de\u2026\u00bb, encha\u00eene-t-elle. Les temps ont chang\u00e9 et les Fran\u00e7ais, politiques compris, sont beaucoup plus f\u00e9ministes qu\u2019on ne pourrait le croire\u00bb. \u00abMon couple n\u2019est un secret pour personne, mais on cloisonne \u00e9norm\u00e9ment nos activit\u00e9s. Et chacun a ses opinions, sa vision, ses convictions. Il n\u2019a \u00e9videmment jamais tenu mon stylo ! Ni moi le sien, d\u2019ailleurs\u00bb, ajoute-t-elle.<\/p>\n<p class=\"sc-ksZaOG ehjQrN text-element\">\u00abIl est \u00e9vident que [si <a href=\"https:\/\/www.liberation.fr\/politique\/raphael-glucksmann-se-prepare-a-la-presidentielle-tout-seul-dans-son-coin-20250422_W24YHNIAUNCKHAH6RYL2OBCG6M\/\" target=\"_blank\" rel=\"nofollow noopener\" title=\"https:\/\/www.liberation.fr\/politique\/raphael-glucksmann-se-prepare-a-la-presidentielle-tout-seul-dans-son-coin-20250422_W24YHNIAUNCKHAH6RYL2OBCG6M\/\">Rapha\u00ebl Glucksmann venait \u00e0 \u00eatre candidat en 2027]<\/a>, je me mettrais en retrait\u00bb, conclut la journaliste, interrog\u00e9e sur ce point, comme elle l\u2019avait fait en <a href=\"https:\/\/www.liberation.fr\/politique\/europeennes-raphael-glucksmann-candidat-lea-salame-va-se-mettre-en-retrait-des-interviews-politiques-20230914_GYSKAYUUWNH2BNXJELMZJVIMNQ\/\" target=\"_blank\" rel=\"nofollow noopener\" title=\"https:\/\/www.liberation.fr\/politique\/europeennes-raphael-glucksmann-candidat-lea-salame-va-se-mettre-en-retrait-des-interviews-politiques-20230914_GYSKAYUUWNH2BNXJELMZJVIMNQ\/\">se mettant en retrait de la matinale de France Inter<\/a> lorsqu\u2019il \u00e9tait candidat aux \u00e9lections europ\u00e9ennes.<\/p>\n<p class=\"sc-ksZaOG ehjQrN text-element\">Par le pass\u00e9, des journalistes comme Audrey Pulvar (alors en couple avec Arnaud Montebourg), Marie Drucker (avec Fran\u00e7ois Baroin), B\u00e9atrice Sch\u00f6nberg (mari\u00e9e \u00e0 Jean-Louis Borloo) ou Anne Sinclair (alors \u00e9pouse de Dominique Strauss-Kahn) ont d\u00fb mettre leur carri\u00e8re, au moins en partie, entre parenth\u00e8ses, du fait des activit\u00e9s politiques de leur conjoint.<\/p>\n<p class=\"sc-ksZaOG ehjQrN text-element\">L\u00e9a Salam\u00e9, qui pr\u00e9cise avoir \u00e9t\u00e9 \u00abtr\u00e8s tent\u00e9e de rejoindre BFMTV\u00bb, affirme que la pr\u00e9sidente de France T\u00e9l\u00e9visions Delphine Ernotte l\u2019a convaincue en appelant \u00ab\u00e0 (sa) responsabilit\u00e9 en cette p\u00e9riode chaotique\u00bb dans le monde. \u00abFaire appel \u00e0 moi pour le 20 heures est un choix tr\u00e8s audacieux\u00bb, d\u00e9clare L\u00e9a Salam\u00e9, qui a obtenu \u00abla garantie\u00bb de continuer \u00e0 pr\u00e9senter son talk-show hebdomadaire Quelle Epoque ! le samedi soir.<\/p>\n<p class=\"sc-ksZaOG ehjQrN text-element\">Elle confie qu\u2019en pr\u00e9sentant le journal, elle va \u00abd\u00e9couvrir un aspect de [son] m\u00e9tier [qu\u2019elle] ne conna\u00eet quasiment pas\u00bb. \u00abJ\u2019ai envie de d\u00e9velopper l\u2019international, sans \u00eatre non plus anxiog\u00e8ne, dit-elle. Mais je ne viens pas avec mon cahier des charges. Je mettrai ma patte petit \u00e0 petit.\u00bb<\/p>\n<p class=\"sc-ksZaOG ehjQrN text-element\">Sur la forme, \u00abmon objectif n\u2019est pas de heurter les t\u00e9l\u00e9spectateurs. Ce n\u2019est pas un lieu de spectacle ni le show d\u2019un pr\u00e9sentateur. [\u2026] Mais j\u2019entends garder ma libert\u00e9 et ne pas m\u2019interdire de sourire de temps en temps\u00bb, souligne-t-elle.<\/p>\n","protected":false},"excerpt":{"rendered":"Depuis sa nomination au journal de France 2, la question est sur toutes les l\u00e8vres. Comment L\u00e9a Salam\u00e9&hellip;\n","protected":false},"author":2,"featured_media":195610,"comment_status":"","ping_status":"","sticky":false,"template":"","format":"standard","meta":{"footnotes":""},"categories":[8],"tags":[58,59,1011,27,2400,15923],"class_list":{"0":"post-195609","1":"post","2":"type-post","3":"status-publish","4":"format-standard","5":"has-post-thumbnail","7":"category-divertissement","8":"tag-divertissement","9":"tag-entertainment","10":"tag-fr","11":"tag-france","12":"tag-france-televisions","13":"tag-raphael-glucksmann"},"share_on_mastodon":{"url":"https:\/\/pubeurope.com\/@fr\/114726497498477285","error":""},"_links":{"self":[{"href":"https:\/\/www.europesays.com\/fr\/wp-json\/wp\/v2\/posts\/195609","targetHints":{"allow":["GET"]}}],"collection":[{"href":"https:\/\/www.europesays.com\/fr\/wp-json\/wp\/v2\/posts"}],"about":[{"href":"https:\/\/www.europesays.com\/fr\/wp-json\/wp\/v2\/types\/post"}],"author":[{"embeddable":true,"href":"https:\/\/www.europesays.com\/fr\/wp-json\/wp\/v2\/users\/2"}],"replies":[{"embeddable":true,"href":"https:\/\/www.europesays.com\/fr\/wp-json\/wp\/v2\/comments?post=195609"}],"version-history":[{"count":0,"href":"https:\/\/www.europesays.com\/fr\/wp-json\/wp\/v2\/posts\/195609\/revisions"}],"wp:featuredmedia":[{"embeddable":true,"href":"https:\/\/www.europesays.com\/fr\/wp-json\/wp\/v2\/media\/195610"}],"wp:attachment":[{"href":"https:\/\/www.europesays.com\/fr\/wp-json\/wp\/v2\/media?parent=195609"}],"wp:term":[{"taxonomy":"category","embeddable":true,"href":"https:\/\/www.europesays.com\/fr\/wp-json\/wp\/v2\/categories?post=195609"},{"taxonomy":"post_tag","embeddable":true,"href":"https:\/\/www.europesays.com\/fr\/wp-json\/wp\/v2\/tags?post=195609"}],"curies":[{"name":"wp","href":"https:\/\/api.w.org\/{rel}","templated":true}]}}