{"id":195611,"date":"2025-06-22T10:16:10","date_gmt":"2025-06-22T10:16:10","guid":{"rendered":"https:\/\/www.europesays.com\/fr\/195611\/"},"modified":"2025-06-22T10:16:10","modified_gmt":"2025-06-22T10:16:10","slug":"et-si-la-matiere-noire-netait-quune-illusion-gravitationnelle-creee-par-des-defauts-invisibles-de-lespace-temps","status":"publish","type":"post","link":"https:\/\/www.europesays.com\/fr\/195611\/","title":{"rendered":"Et si la mati\u00e8re noire n&rsquo;\u00e9tait qu&rsquo;une illusion gravitationnelle\u2026 cr\u00e9\u00e9e par des d\u00e9fauts invisibles de l&rsquo;espace-temps ?"},"content":{"rendered":"<p style=\"text-align: justify;\"><strong>La mati\u00e8re noire, souvent<br \/>\nd\u00e9crite comme le \u00ab\u00a0poltergeist\u00a0\u00bb de l\u2019Univers, continue<br \/>\nde d\u00e9fier la compr\u00e9hension des scientifiques. Invisible et<br \/>\nind\u00e9tectable directement, ses effets gravitationnels sont pourtant<br \/>\nobservables sur les structures cosmiques comme les galaxies. Le<br \/>\nmyst\u00e8re de cette \u00ab\u00a0masse manquante\u00a0\u00bb est au c\u0153ur de la<br \/>\ncosmologie moderne, mais une nouvelle hypoth\u00e8se pourrait bien<br \/>\n<a href=\"https:\/\/sciencepost.fr\/la-terre-pourrait-nager-dans-un-ocean-de-matiere-noire\/\" target=\"_blank\" rel=\"noopener nofollow\">r\u00e9volutionner notre compr\u00e9hension de<br \/>\nce ph\u00e9nom\u00e8ne<\/a>.<\/strong><\/p>\n<p>Le probl\u00e8me de la masse<br \/>\nmanquante<\/p>\n<p style=\"text-align: justify;\">Lorsqu\u2019on mesure uniquement leur<br \/>\nmati\u00e8re visible (\u00e9toiles, gaz), les <a href=\"https:\/\/sciencepost.fr\/james-webb-repere-deux-des-galaxies-plus-lointaines-jamais-observees\/\" target=\"_blank\" rel=\"noopener nofollow\">galaxies<\/a> ne poss\u00e8dent pas assez<br \/>\nde masse pour expliquer leur coh\u00e9sion gravitationnelle. Selon les<br \/>\nlois de la physique actuelle, ces galaxies devraient se dissiper,<br \/>\nles \u00e9toiles et le gaz se dispersant dans l\u2019espace. Malgr\u00e9 tout,<br \/>\nelles restent intactes, ce qui sugg\u00e8re l\u2019existence de mati\u00e8re<br \/>\nsuppl\u00e9mentaire non visible : la mati\u00e8re noire. Cette substance<br \/>\nmyst\u00e9rieuse repr\u00e9senterait environ <strong>85 % de la masse de<br \/>\nl\u2019Univers<\/strong>.<\/p>\n<p style=\"text-align: justify;\">De nombreuses th\u00e9ories ont \u00e9t\u00e9<br \/>\npropos\u00e9es pour expliquer la nature de la mati\u00e8re noire, incluant<br \/>\ndes objets exotiques comme les trous noirs primordiaux, les axions<br \/>\net les WIMPs (Weakly Interacting Massive Particles). N\u00e9anmoins,<br \/>\nmalgr\u00e9 des d\u00e9cennies de recherche, aucune de ces hypoth\u00e8ses n\u2019a \u00e9t\u00e9<br \/>\nconfirm\u00e9e et la mati\u00e8re noire demeure insaisissable, ce qui nous<br \/>\nram\u00e8ne \u00e0 <a href=\"https:\/\/academic.oup.com\/mnras\/article\/531\/1\/1630\/7673084?login=false\" target=\"_blank\" rel=\"noopener nofollow\">ces travaux<\/a>. Des chercheurs de<br \/>\nl\u2019Universit\u00e9 d\u2019Alabama \u00e0 Huntsville proposent en effet une th\u00e9orie<br \/>\nalternative innovante.<\/p>\n<p><img loading=\"lazy\" data-lazyloaded=\"1\" decoding=\"async\" class=\"size-full wp-image-285258\" src=\"https:\/\/www.europesays.com\/fr\/wp-content\/uploads\/2025\/06\/Xn4KEkdHv55sywx8iqyWCj-970-80.jpg\" alt=\"mati\u00e8re noire\" width=\"970\" height=\"546\"  data-\/><br \/>\nLa mati\u00e8re noire (repr\u00e9sent\u00e9e en bleu sur cette image satellite<br \/>\ncomposite) domine jusqu\u2019\u00e0 85 % de la masse de la plupart des<br \/>\ngalaxies. Cr\u00e9dits : NASA, ESA, CFHT, CXO, MJ JeeUne nouvelle perspective<\/p>\n<p style=\"text-align: justify;\">Concr\u00e8tement, au lieu de chercher<br \/>\ndes particules sp\u00e9cifiques, les chercheurs sugg\u00e8rent que la<br \/>\nsolution pourrait r\u00e9sider dans des <strong>d\u00e9fauts<br \/>\ntopologiques<\/strong> pr\u00e9sents dans l\u2019Univers qui r\u00e9sultent des<br \/>\ntransitions de phase dans ses premiers stades. Dans le d\u00e9tail, un<br \/>\nd\u00e9faut topologique est une <strong>irr\u00e9gularit\u00e9 dans la structure<br \/>\nde l\u2019espace-temps<\/strong> qui peut se former lors des transitions<br \/>\nde phase. Pensez \u00e0 une transition de phase comme \u00e0 un changement<br \/>\nd\u2019\u00e9tat de la mati\u00e8re, par exemple, lorsque l\u2019eau se transforme en<br \/>\nglace. Dans l\u2019Univers primitif, des transitions similaires ont eu<br \/>\nlieu, changeant au passage les conditions fondamentales et cr\u00e9ant<br \/>\nces d\u00e9fauts.<\/p>\n<p style=\"text-align: justify;\">Les chercheurs proposent ainsi que<br \/>\ndes coques sph\u00e9riques de densit\u00e9 de mati\u00e8re \u00e9lev\u00e9e pourraient \u00eatre<br \/>\nun type de d\u00e9faut topologique. Ces coques seraient compos\u00e9es de<br \/>\ndeux couches : une fine couche de masse positive \u00e0 l\u2019int\u00e9rieur et<br \/>\nune fine couche de masse n\u00e9gative \u00e0 l\u2019ext\u00e9rieur. La masse totale de<br \/>\nces couches serait nulle, ce qui signifie qu\u2019elles n\u2019auraient<br \/>\n<strong>pas de masse mesurable directe<\/strong>. Cependant, elles<br \/>\npourraient <strong>exercer une force gravitationnelle sur d\u2019autres<br \/>\nobjets<\/strong>.<\/p>\n<p style=\"text-align: justify;\">Comme dit plus haut, ces coques<br \/>\ntopologiques auraient pu se former lors des transitions de phase.<br \/>\nUn exemple notable de transition est celui o\u00f9 l\u2019Univers s\u2019est<br \/>\nsuffisamment refroidi pour permettre \u00e0 la force forte de lier les<br \/>\nquarks en protons et neutrons. Selon les auteurs, ce<br \/>\nrefroidissement aurait pu entra\u00eener la formation de ces coques<br \/>\nsph\u00e9riques.<\/p>\n<p>Les observations et implications cosmiques<\/p>\n<p style=\"text-align: justify;\">Selon les chercheurs, des coques<br \/>\nsph\u00e9riques r\u00e9sultant de telles transitions pourraient cr\u00e9er des<br \/>\n<strong>effets similaires \u00e0 ceux attribu\u00e9s \u00e0 la mati\u00e8re<br \/>\nnoire<\/strong>. Par exemple, les <strong>lentilles<br \/>\ngravitationnelles<\/strong> sont des ph\u00e9nom\u00e8nes o\u00f9 la lumi\u00e8re des<br \/>\n\u00e9toiles est courb\u00e9e par la gravit\u00e9 d\u2019objets massifs. Si ces coques<br \/>\ntopologiques existent, elles pourraient alors courber la lumi\u00e8re de<br \/>\nla m\u00eame mani\u00e8re, cr\u00e9ant des lentilles gravitationnelles.<\/p>\n<p style=\"text-align: justify;\">De m\u00eame, comme dit pr\u00e9c\u00e9demment,<br \/>\nles astronomes ont observ\u00e9 que les galaxies et les amas de galaxies<br \/>\nsemblent avoir plus de masse que ce que l\u2019on peut voir. Cela<br \/>\nsugg\u00e8re qu\u2019il existe une mati\u00e8re suppl\u00e9mentaire, invisible, qui<br \/>\naide \u00e0 maintenir ces structures ensemble. L\u00e0 encore, ces coques<br \/>\ntopologiques pourraient expliquer cette coh\u00e9sion sans recourir \u00e0 la<br \/>\nmati\u00e8re noire traditionnelle.<\/p>\n<p style=\"text-align: justify;\">Enfin, la <a href=\"https:\/\/academic.oup.com\/mnras\/article\/516\/2\/1557\/6657809?login=false\" target=\"_blank\" rel=\"noopener nofollow\">d\u00e9couverte r\u00e9cente<\/a> d\u2019arcs g\u00e9ants<br \/>\net d\u2019autres structures sym\u00e9triques \u00e0 grande \u00e9chelle dans l\u2019Univers<br \/>\npourrait soutenir cette hypoth\u00e8se. Ces structures presque<br \/>\nsym\u00e9triques qui s\u2019\u00e9tendent sur des distances \u00e9normes pourraient<br \/>\n\u00eatre le r\u00e9sultat de la formation et de l\u2019alignement de ces coques<br \/>\ntopologiques. Cela offre une nouvelle perspective sur la formation<br \/>\net l\u2019\u00e9volution des galaxies.<\/p>\n<p style=\"text-align: justify;\">Bien qu\u2019elle soit encore en phase<br \/>\nexploratoire, cette hypoth\u00e8se ouvre donc de nouvelles voies de<br \/>\nrecherche. Les futures observations et recherches d\u00e9termineront si<br \/>\nces d\u00e9fauts topologiques existent r\u00e9ellement et s\u2019ils peuvent<br \/>\nexpliquer les effets gravitationnels attribu\u00e9s \u00e0 la mati\u00e8re noire.<br \/>\nSi cette th\u00e9orie est confirm\u00e9e, elle pourrait r\u00e9volutionner notre<br \/>\ncompr\u00e9hension de l\u2019Univers et r\u00e9soudre un des plus grands myst\u00e8res<br \/>\nde la cosmologie moderne.<\/p>\n","protected":false},"excerpt":{"rendered":"La mati\u00e8re noire, souvent d\u00e9crite comme le \u00ab\u00a0poltergeist\u00a0\u00bb de l\u2019Univers, continue de d\u00e9fier la compr\u00e9hension des scientifiques. Invisible&hellip;\n","protected":false},"author":2,"featured_media":195612,"comment_status":"","ping_status":"","sticky":false,"template":"","format":"standard","meta":{"footnotes":""},"categories":[7],"tags":[1011,27,43,40,41,39,42,44],"class_list":{"0":"post-195611","1":"post","2":"type-post","3":"status-publish","4":"format-standard","5":"has-post-thumbnail","7":"category-sciences-et-technologies","8":"tag-fr","9":"tag-france","10":"tag-science","11":"tag-science-and-technology","12":"tag-sciences","13":"tag-sciences-et-technologies","14":"tag-technologies","15":"tag-technology"},"share_on_mastodon":{"url":"https:\/\/pubeurope.com\/@fr\/114726501324646999","error":""},"_links":{"self":[{"href":"https:\/\/www.europesays.com\/fr\/wp-json\/wp\/v2\/posts\/195611","targetHints":{"allow":["GET"]}}],"collection":[{"href":"https:\/\/www.europesays.com\/fr\/wp-json\/wp\/v2\/posts"}],"about":[{"href":"https:\/\/www.europesays.com\/fr\/wp-json\/wp\/v2\/types\/post"}],"author":[{"embeddable":true,"href":"https:\/\/www.europesays.com\/fr\/wp-json\/wp\/v2\/users\/2"}],"replies":[{"embeddable":true,"href":"https:\/\/www.europesays.com\/fr\/wp-json\/wp\/v2\/comments?post=195611"}],"version-history":[{"count":0,"href":"https:\/\/www.europesays.com\/fr\/wp-json\/wp\/v2\/posts\/195611\/revisions"}],"wp:featuredmedia":[{"embeddable":true,"href":"https:\/\/www.europesays.com\/fr\/wp-json\/wp\/v2\/media\/195612"}],"wp:attachment":[{"href":"https:\/\/www.europesays.com\/fr\/wp-json\/wp\/v2\/media?parent=195611"}],"wp:term":[{"taxonomy":"category","embeddable":true,"href":"https:\/\/www.europesays.com\/fr\/wp-json\/wp\/v2\/categories?post=195611"},{"taxonomy":"post_tag","embeddable":true,"href":"https:\/\/www.europesays.com\/fr\/wp-json\/wp\/v2\/tags?post=195611"}],"curies":[{"name":"wp","href":"https:\/\/api.w.org\/{rel}","templated":true}]}}