{"id":195615,"date":"2025-06-22T10:18:11","date_gmt":"2025-06-22T10:18:11","guid":{"rendered":"https:\/\/www.europesays.com\/fr\/195615\/"},"modified":"2025-06-22T10:18:11","modified_gmt":"2025-06-22T10:18:11","slug":"en-israel-des-immeubles-residentiels-detruits-et-laeroport-de-tel-aviv-vise-par-des-missiles-iraniens","status":"publish","type":"post","link":"https:\/\/www.europesays.com\/fr\/195615\/","title":{"rendered":"En Isra\u00ebl, des immeubles r\u00e9sidentiels d\u00e9truits et l\u2019a\u00e9roport de Tel-Aviv vis\u00e9 par des missiles iraniens"},"content":{"rendered":"<p>        <img decoding=\"async\" loading=\"lazy\" src=\"https:\/\/www.europesays.com\/fr\/wp-content\/uploads\/2025\/06\/4ee0b7f_upload-1-n5oqt9gbazb0-000-63ay8rn.jpg\"  width=\"728\" height=\"410\" alt=\"Les forces de s\u00e9curit\u00e9 isra\u00e9liennes et les premiers secours rassembl\u00e9s sur le site d\u2019une frappe iranienne ayant touch\u00e9 un quartier r\u00e9sidentiel de Ramat Aviv, \u00e0 Tel-Aviv en Isra\u00ebl, le 22\u00a0juin 2025.\"\/>  <\/p>\n<p>JACK GUEZ \/ AFP<\/p>\n<p>Les forces de s\u00e9curit\u00e9 isra\u00e9liennes et les premiers secours rassembl\u00e9s sur le site d\u2019une frappe iranienne ayant touch\u00e9 un quartier r\u00e9sidentiel de Ramat Aviv, \u00e0 Tel-Aviv en Isra\u00ebl, le 22\u00a0juin 2025.<\/p>\n<p class=\"asset asset-text\">INTERNATIONAL &#8211; Isra\u00ebl cibl\u00e9 en plein c\u0153ur. Alors que les \u00c9tats-Unis ont men\u00e9 <a href=\"https:\/\/www.huffingtonpost.fr\/international\/video\/iran-les-premieres-frappes-americaines-ont-detruit-les-capacites-nucleaires-du-pays-annonce-donad-trump_251644.html\" rel=\"nofollow noopener\" target=\"_blank\">des frappes in\u00e9dites en Iran contre ses principaux\u00a0sites\u00a0nucl\u00e9aires<\/a> t\u00f4t ce dimanche 22\u00a0juin, le territoire d\u2019Isra\u00ebl a \u00e9t\u00e9 vis\u00e9 par des <a href=\"https:\/\/www.huffingtonpost.fr\/international\/article\/l-iran-menace-israel-d-une-riposte-encore-plus-devastatrice-tout-en-refusant-l-arret-du-nucleaire_251641.html\" rel=\"nofollow noopener\" target=\"_blank\">tirs de missiles venus d\u2019Iran<\/a> qui ont fait des d\u00e9g\u00e2ts consid\u00e9rables \u00ab\u00a0dans le centre\u00a0\u00bb du pays.<\/p>\n<p class=\"asset asset-text\">Sans r\u00e9elles pr\u00e9cisions sur la ou les zones touch\u00e9es, une organisation de premiers secours isra\u00e9lienne a annonc\u00e9 avoir pris en charge\u00a016\u00a0bless\u00e9s, au moment o\u00f9 la t\u00e9l\u00e9vision publique diffusait des images d\u2019importants d\u00e9g\u00e2ts. Les secouristes \u00ab\u00a0prodiguent des soins m\u00e9dicaux et \u00e9vacuent vers l\u2019h\u00f4pital\u00a016\u00a0bless\u00e9s, dont un homme de 30\u00a0ans dans un \u00e9tat mod\u00e9r\u00e9\u00a0\u00bb, indique un communiqu\u00e9 du Magen David Adom, un \u00e9quivalent isra\u00e9lien de la Croix-Rouge.<\/p>\n<p class=\"asset asset-text\">De son c\u00f4t\u00e9, la cha\u00eene publique KAN 11 a diffus\u00e9 des images des d\u00e9g\u00e2ts \u00ab\u00a0dans le centre du pays\u00a0\u00bb en montrant un immeuble de plusieurs \u00e9tages \u00e0 la fa\u00e7ade totalement d\u00e9truite et plusieurs b\u00e2timents gravement endommag\u00e9s autour. \u00ab\u00a0Certains (immeubles) se sont effondr\u00e9s\u00a0\u00bb, a d\u00e9crit un secouriste du Magen David Adom \u00e0 propos d\u2019un des sites d\u2019intervention de l\u2019organisation, sans pr\u00e9ciser lequel compte tenu des restrictions impos\u00e9es par la censure militaire.<\/p>\n<p> La lecture de ce contenu est susceptible d\u2019entra\u00eener un d\u00e9p\u00f4t de cookies de la part de l\u2019op\u00e9rateur tiers qui l\u2019h\u00e9berge. Compte-tenu des choix que vous avez exprim\u00e9s en mati\u00e8re de d\u00e9p\u00f4t de cookies, nous avons bloqu\u00e9 l\u2019affichage de ce contenu. Si vous souhaitez y acc\u00e9der, vous devez accepter la cat\u00e9gorie de cookies \u201cContenus tiers\u201d en cliquant sur le bouton ci-dessous. <\/p>\n<p> Lire la Vid\u00e9o           <\/p>\n<p> La lecture de ce contenu est susceptible d\u2019entra\u00eener un d\u00e9p\u00f4t de cookies de la part de l\u2019op\u00e9rateur tiers qui l\u2019h\u00e9berge. Compte-tenu des choix que vous avez exprim\u00e9s en mati\u00e8re de d\u00e9p\u00f4t de cookies, nous avons bloqu\u00e9 l\u2019affichage de ce contenu. Si vous souhaitez y acc\u00e9der, vous devez accepter la cat\u00e9gorie de cookies \u201cContenus tiers\u201d en cliquant sur le bouton ci-dessous. <\/p>\n<p> Lire la Vid\u00e9o        L\u2019a\u00e9roport Ben\u00a0Gourion cibl\u00e9 pr\u00e8s de Tel-Aviv    <\/p>\n<p class=\"asset asset-text\">Selon <a href=\"https:\/\/www.haaretz.com\/israel-news\/2025-06-22\/ty-article-live\/.premium\/netanyahu-says-u-s-attacks-on-irans-nuclear-sites-were-fully-coordinated-with-israel\/00000197-95b2-db6f-a9ff-b7fe0eec0000\" target=\"_blank\" rel=\"noopener nofollow\" title=\"Nouvelle fen\u00eatre\">Haaretz<\/a>, T\u00e9h\u00e9ran a lanc\u00e9 deux vagues de missiles ce dimanche, qui ont d\u00e9clench\u00e9 les sir\u00e8nes d\u2019alerte antia\u00e9rienne \u00e0 J\u00e9rusalem et Tel-Aviv. Le quotidien \u00e9voque au moins 27\u00a0missiles tir\u00e9s, dont 22\u00a0lors de la premi\u00e8re salve observ\u00e9e vers 6h30. La seconde a eu lieu plus d\u2019une demi-heure apr\u00e8s.<\/p>\n<p class=\"asset asset-text\">La police isra\u00e9lienne a dit \u00eatre d\u00e9ploy\u00e9e sur au moins deux points d\u2019impacts, un \u00e0 Ha\u00effa (nord) et un \u00e0 Ness Ziona (au sud de Tel-Aviv). L\u2019Iran, qui a jur\u00e9 de r\u00e9pondre aux attaques militaires de Donald Trump, principal alli\u00e9 d\u2019Isra\u00ebl, en \u00e9voquant des \u00ab\u00a0cons\u00e9quences\u00a0\u00e9ternelles\u00a0\u00bb a \u00e9galement cibl\u00e9 l\u2019a\u00e9roport\u00a0international\u00a0Ben\u00a0Gourion, pr\u00e8s de Tel-Aviv. Les forces arm\u00e9es iraniennes ont \u00e9voqu\u00e9 l\u2019utilisation d\u2019\u00ab\u00a0une combinaison de missiles \u00e0 carburant liquide et solide de longue port\u00e9e dot\u00e9s d\u2019une puissance d\u2019ogive d\u00e9vastatrice\u00a0\u00bb pour cibler l\u2019a\u00e9roport, un \u00ab\u00a0centre de recherche biologique\u00a0\u00bb, des bases logistiques et plusieurs niveaux de centres de commandement et de contr\u00f4le.<\/p>\n<p class=\"asset asset-text\">\u00c0 ce stade, les\u00a0tirs\u00a0de\u00a0missiles\u00a0et de drones iraniens ont fait 25 morts en\u00a0Isra\u00ebl depuis le 13\u00a0juin, date de lancement des hostilit\u00e9s militaires par l\u2019\u00c9tat h\u00e9breu. En\u00a0Iran, les frappes isra\u00e9liennes ont fait plus de 400 morts et 3\u00a0056\u00a0bless\u00e9s, en majorit\u00e9 des civils, selon un bilan \u00e9tabli samedi par le minist\u00e8re iranien de la Sant\u00e9.<\/p>\n<p class=\"asset asset-text\">Ce dimanche, Isra\u00ebl a \u00e9galement poursuivi son offensive sur l\u2019Iran. Car en plus <a href=\"https:\/\/www.huffingtonpost.fr\/international\/video\/sur-l-iran-donald-trump-se-donne-deux-semaines-une-duree-qu-il-aime-vraiment-beaucoup_251597.html\" rel=\"nofollow noopener\" target=\"_blank\">des frappes am\u00e9ricaines<\/a> contre les sites nucl\u00e9aires de Fordo, Natanz et Ispahan, l\u2019arm\u00e9e isra\u00e9lienne a fait \u00e9tat d\u2019une nouvelle s\u00e9rie d\u2019attaques dans l\u2019ouest de l\u2019Iran, peu apr\u00e8s les tirs de missiles de la R\u00e9publique islamique \u00e9voqu\u00e9s plus t\u00f4t. \u00ab\u00a0Ce matin, l\u2019Arm\u00e9e de l\u2019Air a \u00e9galement frapp\u00e9 des lanceurs de missiles pr\u00eats \u00e0 tirer sur le territoire isra\u00e9lien, ainsi que des soldats des forces arm\u00e9es iraniennes, et a rapidement neutralis\u00e9 les lanceurs qui avaient tir\u00e9 des missiles vers Isra\u00ebl peu auparavant\u00a0\u00bb, indique un communiqu\u00e9 militaire, au dixi\u00e8me jour de la guerre entre les deux pays ennemis.<\/p>\n","protected":false},"excerpt":{"rendered":"JACK GUEZ \/ AFP Les forces de s\u00e9curit\u00e9 isra\u00e9liennes et les premiers secours rassembl\u00e9s sur le site d\u2019une&hellip;\n","protected":false},"author":2,"featured_media":195616,"comment_status":"","ping_status":"","sticky":false,"template":"","format":"standard","meta":{"footnotes":""},"categories":[5],"tags":[11,1011,27,14,3019,664,12,25146,28],"class_list":{"0":"post-195615","1":"post","2":"type-post","3":"status-publish","4":"format-standard","5":"has-post-thumbnail","7":"category-international","8":"tag-actualites","9":"tag-fr","10":"tag-france","11":"tag-international","12":"tag-iran","13":"tag-israel","14":"tag-news","15":"tag-tel-aviv","16":"tag-world"},"share_on_mastodon":{"url":"https:\/\/pubeurope.com\/@fr\/114726509181621629","error":""},"_links":{"self":[{"href":"https:\/\/www.europesays.com\/fr\/wp-json\/wp\/v2\/posts\/195615","targetHints":{"allow":["GET"]}}],"collection":[{"href":"https:\/\/www.europesays.com\/fr\/wp-json\/wp\/v2\/posts"}],"about":[{"href":"https:\/\/www.europesays.com\/fr\/wp-json\/wp\/v2\/types\/post"}],"author":[{"embeddable":true,"href":"https:\/\/www.europesays.com\/fr\/wp-json\/wp\/v2\/users\/2"}],"replies":[{"embeddable":true,"href":"https:\/\/www.europesays.com\/fr\/wp-json\/wp\/v2\/comments?post=195615"}],"version-history":[{"count":0,"href":"https:\/\/www.europesays.com\/fr\/wp-json\/wp\/v2\/posts\/195615\/revisions"}],"wp:featuredmedia":[{"embeddable":true,"href":"https:\/\/www.europesays.com\/fr\/wp-json\/wp\/v2\/media\/195616"}],"wp:attachment":[{"href":"https:\/\/www.europesays.com\/fr\/wp-json\/wp\/v2\/media?parent=195615"}],"wp:term":[{"taxonomy":"category","embeddable":true,"href":"https:\/\/www.europesays.com\/fr\/wp-json\/wp\/v2\/categories?post=195615"},{"taxonomy":"post_tag","embeddable":true,"href":"https:\/\/www.europesays.com\/fr\/wp-json\/wp\/v2\/tags?post=195615"}],"curies":[{"name":"wp","href":"https:\/\/api.w.org\/{rel}","templated":true}]}}