{"id":195617,"date":"2025-06-22T10:19:09","date_gmt":"2025-06-22T10:19:09","guid":{"rendered":"https:\/\/www.europesays.com\/fr\/195617\/"},"modified":"2025-06-22T10:19:09","modified_gmt":"2025-06-22T10:19:09","slug":"enquete-et-emoi-a-disneyland-paris-apres-un-faux-mariage-impliquant-une-fillette-de-9-ans-liberation","status":"publish","type":"post","link":"https:\/\/www.europesays.com\/fr\/195617\/","title":{"rendered":"Enqu\u00eate et \u00e9moi \u00e0 Disneyland Paris apr\u00e8s un faux mariage impliquant une fillette de 9 ans \u2013 Lib\u00e9ration"},"content":{"rendered":"<p class=\"sc-ksZaOG ehjQrN text-element\">Et l\u00e0, tout le monde s\u2019aper\u00e7oit que la mari\u00e9e a 9 ans. Les personnels de Disneyland Paris ont v\u00e9cu une sc\u00e8ne surr\u00e9aliste ce samedi 21 juin. Dans le parc privatis\u00e9 pour un mariage, plusieurs d\u2019entre eux s\u2019aper\u00e7oivent que la mari\u00e9e est une fillette. La police est pr\u00e9venue, met fin aux festivit\u00e9s et embarque quatre personnes. Il s\u2019agit du \u00abmari\u00e9\u00bb suppos\u00e9 \u00e0 l\u2019origine de l\u2019\u00e9v\u00e8nement, \u00e2g\u00e9 de 22 ans et \u00abpr\u00e9sum\u00e9 britannique\u00bb, de la m\u00e8re de la fillette, une femme de 41 ans de nationalit\u00e9 ukrainienne, d\u2019une femme de 24 ans de nationalit\u00e9 lettone, et d\u2019un homme de 55 ans de nationalit\u00e9 lettone \u00e9galement.<\/p>\n<p class=\"sc-ksZaOG ehjQrN text-element\">En fin de journ\u00e9e, le procureur de la R\u00e9publique adjoint, Alexandre Verney, est revenu sur les faits par un communiqu\u00e9. \u00abL\u2019\u00e9v\u00e8nement s\u2019est av\u00e9r\u00e9 \u00eatre une mise en sc\u00e8ne, les convives \u00e9tant eux-m\u00eames des figurants\u00bb, a-t-il pr\u00e9cis\u00e9. Les investigations, dont l\u2019examen m\u00e9dical de la mineure ont permis de constater que \u00abcelle-ci n\u2019avait subi aucune violence ni aucun acte contraint\u00bb, a indiqu\u00e9 le parquet.<\/p>\n<p class=\"sc-ksZaOG ehjQrN text-element\">Tout ceci n\u2019\u00e9tait donc bien qu\u2019une vaste fumisterie. \u00abCe n\u2019\u00e9tait donc pas un mariage, mais une mise en sc\u00e8ne de mariage film\u00e9e avec une centaine de figurants, ils ont privatis\u00e9 Disneyland Paris en pr\u00e9tendant qu\u2019il s\u2019agissait d\u2019un vrai mariage\u00bb , a expliqu\u00e9 \u00e0 l\u2019AFP le magistrat. Mais dans quel but ?<\/p>\n<p class=\"sc-ksZaOG ehjQrN text-element\">L\u2019enqu\u00eate se poursuit. Les gardes \u00e0 vue de la m\u00e8re et une autre personne ont \u00e9t\u00e9 lev\u00e9es. En revanche, les auditions du suppos\u00e9 mari\u00e9 et d\u2019une autre personne ont \u00e9t\u00e9 prolong\u00e9es. La police les soup\u00e7onne d\u2019escroquerie et de blanchiment.<\/p>\n","protected":false},"excerpt":{"rendered":"Et l\u00e0, tout le monde s\u2019aper\u00e7oit que la mari\u00e9e a 9 ans. Les personnels de Disneyland Paris ont&hellip;\n","protected":false},"author":2,"featured_media":195618,"comment_status":"","ping_status":"","sticky":false,"template":"","format":"standard","meta":{"footnotes":""},"categories":[4],"tags":[11,520,1011,27,12,25],"class_list":{"0":"post-195617","1":"post","2":"type-post","3":"status-publish","4":"format-standard","5":"has-post-thumbnail","7":"category-france","8":"tag-actualites","9":"tag-disney","10":"tag-fr","11":"tag-france","12":"tag-news","13":"tag-republique-francaise"},"share_on_mastodon":{"url":"https:\/\/pubeurope.com\/@fr\/114726513081760404","error":""},"_links":{"self":[{"href":"https:\/\/www.europesays.com\/fr\/wp-json\/wp\/v2\/posts\/195617","targetHints":{"allow":["GET"]}}],"collection":[{"href":"https:\/\/www.europesays.com\/fr\/wp-json\/wp\/v2\/posts"}],"about":[{"href":"https:\/\/www.europesays.com\/fr\/wp-json\/wp\/v2\/types\/post"}],"author":[{"embeddable":true,"href":"https:\/\/www.europesays.com\/fr\/wp-json\/wp\/v2\/users\/2"}],"replies":[{"embeddable":true,"href":"https:\/\/www.europesays.com\/fr\/wp-json\/wp\/v2\/comments?post=195617"}],"version-history":[{"count":0,"href":"https:\/\/www.europesays.com\/fr\/wp-json\/wp\/v2\/posts\/195617\/revisions"}],"wp:featuredmedia":[{"embeddable":true,"href":"https:\/\/www.europesays.com\/fr\/wp-json\/wp\/v2\/media\/195618"}],"wp:attachment":[{"href":"https:\/\/www.europesays.com\/fr\/wp-json\/wp\/v2\/media?parent=195617"}],"wp:term":[{"taxonomy":"category","embeddable":true,"href":"https:\/\/www.europesays.com\/fr\/wp-json\/wp\/v2\/categories?post=195617"},{"taxonomy":"post_tag","embeddable":true,"href":"https:\/\/www.europesays.com\/fr\/wp-json\/wp\/v2\/tags?post=195617"}],"curies":[{"name":"wp","href":"https:\/\/api.w.org\/{rel}","templated":true}]}}