{"id":19563,"date":"2025-04-12T09:50:08","date_gmt":"2025-04-12T09:50:08","guid":{"rendered":"https:\/\/www.europesays.com\/fr\/19563\/"},"modified":"2025-04-12T09:50:08","modified_gmt":"2025-04-12T09:50:08","slug":"lue-envisage-de-creer-un-organisme-qui-acheterait-des-armes-pour-les-vingt-sept","status":"publish","type":"post","link":"https:\/\/www.europesays.com\/fr\/19563\/","title":{"rendered":"L&rsquo;UE envisage de cr\u00e9er un organisme qui ach\u00e8terait des armes pour les Vingt-sept"},"content":{"rendered":"<p>Cr\u00e9er un organisme pour regrouper les commandes d&rsquo;armement de l&rsquo;Europe. Voil\u00e0 l&rsquo;un des th\u00e8mes de la r\u00e9union des ministres des Finances de l&rsquo;Union europ\u00e9enne ce samedi. Ces derniers discutent actuellement de la cr\u00e9ation d&rsquo;un M\u00e9canisme europ\u00e9en de d\u00e9fense (EDM), un organisme supranational qui centraliserait l&rsquo;achat d&rsquo;armes et les mettrait \u00e0 disposition des pays europ\u00e9ens participants en \u00e9change d&rsquo;une contribution. \u00ab C&rsquo;est un bon point de d\u00e9part pour la discussion \u00bb, a estim\u00e9 le ministre portugais des Finances, Joaquim Miranda Sarmento.<\/p>\n<p>Cette proposition d&rsquo;inspiration britannique a \u00e9t\u00e9 soumise aux Vingt-Sept par le groupe de r\u00e9flexion \u00e9conomique Bruegel, bas\u00e9 \u00e0 Bruxelles, dans le but de permettre aux pays europ\u00e9ens de financer leur effort de r\u00e9armement sans avoir \u00e0 trop lourdement s&rsquo;endetter, sur fond de d\u00e9sengagement des \u00c9tats-Unis sur le continent. Dans ce contexte, plusieurs pays membres de l&rsquo;UE se sont dits int\u00e9ress\u00e9s par la mise en place d&rsquo;un tel m\u00e9canisme, dont l&rsquo;architecture rappelle celle du M\u00e9canisme europ\u00e9en de stabilit\u00e9 mis en place pendant la crise de la zone euro.<\/p>\n<p>Un plan de r\u00e9armement de 800 milliards d&rsquo;euros<\/p>\n<p>L&rsquo;UE met les bouch\u00e9es doubles sur le r\u00e9armement. La Commission europ\u00e9enne a notamment d\u00e9voil\u00e9 un plan de 800 milliards d&rsquo;euros sur quatre ans dans cette optique. Elle s&rsquo;est aussi dite pr\u00eate \u00e0 assouplir les r\u00e8gles budg\u00e9taires impos\u00e9es aux \u00c9tats, en excluant les d\u00e9penses militaires du calcul du d\u00e9ficit budg\u00e9taire, et \u00e0 lancer un emprunt commun de 150 milliards d&rsquo;euros.<\/p>\n<p>Mais cet engagement ne r\u00e9sout pas le probl\u00e8me de financement des pays tr\u00e8s endett\u00e9s, qui verraient leur dette s&rsquo;alourdir davantage m\u00eame si leur d\u00e9ficit reste dans les clous.<\/p>\n<p>L&rsquo;id\u00e9e d&rsquo;un fonds intergouvernemental a donc fait son chemin pour acqu\u00e9rir certains armements qui pourraient b\u00e9n\u00e9ficier \u00e0 la s\u00e9curit\u00e9 de l&rsquo;ensemble des pays participants, comme des missiles ou des syst\u00e8mes de satellites militaires. Cet EDM serait dot\u00e9 d&rsquo;un capital propre important, ce qui lui permettrait d&#8217;emprunter sur les march\u00e9s. Il pourrait en outre \u00eatre ouvert \u00e0 des pays ext\u00e9rieurs \u00e0 l&rsquo;UE qui partagent la m\u00eame pr\u00e9occupation face \u00e0 la menace d&rsquo;une attaque de la Russie, comme le Royaume-Uni, l&rsquo;Ukraine et la Norv\u00e8ge. L&rsquo;EDM \u00e9tant propri\u00e9taire des \u00e9quipements qu&rsquo;il ach\u00e8terait, la dette contract\u00e9e pour les payer serait inscrite dans les comptes de l&rsquo;EDM, plut\u00f4t que dans les comptes nationaux.<\/p>\n<p>Mieux financer le r\u00e9armement<\/p>\n<p>Un tel m\u00e9canisme favoriserait en outre l&rsquo;\u00e9mergence d&rsquo;un march\u00e9 europ\u00e9en de la d\u00e9fense, ce qui pourrait permettre de r\u00e9duire les co\u00fbts et de mettre en commun les ressources des \u00c9tats participants.<\/p>\n<p>De plus, \u00e0 l&rsquo;heure actuelle, le march\u00e9 europ\u00e9en de l&rsquo;armement est tr\u00e8s fragment\u00e9, avec par exemple pas moins de sept types de chars d&rsquo;assaut ou de v\u00e9hicules de combat d&rsquo;infanterie, ce qui r\u00e9duit l&rsquo;interop\u00e9rabilit\u00e9 entre les arm\u00e9es europ\u00e9ennes et emp\u00eache des \u00e9conomies d&rsquo;\u00e9chelle. L&rsquo;EDM pourrait dans un premier temps concentrer ses efforts sur des armements ou infrastructures strat\u00e9giques n\u00e9cessaires au bon fonctionnement des arm\u00e9es, pour lesquels l&rsquo;Europe est \u00e0 l&rsquo;heure actuelle tr\u00e8s d\u00e9pendante des \u00c9tats-Unis. Il s&rsquo;agit notamment de syst\u00e8mes de commandement et de contr\u00f4le interarm\u00e9es, du renseignement et de la communication par satellite, du d\u00e9veloppement de nouveaux syst\u00e8mes co\u00fbteux comme les avions de chasse de cinqui\u00e8me ou sixi\u00e8me g\u00e9n\u00e9ration, des syst\u00e8mes de d\u00e9fense a\u00e9rienne ou encore des missiles servant \u00e0 la dissuasion nucl\u00e9aire.<\/p>\n<p>Selon le document du groupe Bruegel, l&rsquo;UE ne\u00a0pourra r\u00e9duire sa d\u00e9pendance militaire \u00e0 l&rsquo;\u00e9gard des \u00c9tats-Unis d&rsquo;ici 2030 que si elle fait des achats en commun et cr\u00e9e un march\u00e9 europ\u00e9en de la d\u00e9fense qui r\u00e9int\u00e9grerait le Royaume-Uni, acteur industriel majeur du secteur.<\/p>\n","protected":false},"excerpt":{"rendered":"Cr\u00e9er un organisme pour regrouper les commandes d&rsquo;armement de l&rsquo;Europe. Voil\u00e0 l&rsquo;un des th\u00e8mes de la r\u00e9union des&hellip;\n","protected":false},"author":2,"featured_media":19564,"comment_status":"","ping_status":"","sticky":false,"template":"","format":"standard","meta":{"footnotes":""},"categories":[1586],"tags":[17,7588,11,1812,154,33,7556,1777,674,1779,1011,27,1861,12,7587,3583,25,1778,364],"class_list":{"0":"post-19563","1":"post","2":"type-post","3":"status-publish","4":"format-standard","5":"has-post-thumbnail","7":"category-europe","8":"tag-17","9":"tag-acheterait","10":"tag-actualites","11":"tag-creer","12":"tag-des","13":"tag-economie","14":"tag-envisage","15":"tag-eu","16":"tag-europe","17":"tag-european-union","18":"tag-fr","19":"tag-france","20":"tag-lue","21":"tag-news","22":"tag-organisme","23":"tag-qui","24":"tag-republique-francaise","25":"tag-ue","26":"tag-union-europeenne"},"share_on_mastodon":{"url":"https:\/\/pubeurope.com\/@fr\/114324375103397838","error":""},"_links":{"self":[{"href":"https:\/\/www.europesays.com\/fr\/wp-json\/wp\/v2\/posts\/19563","targetHints":{"allow":["GET"]}}],"collection":[{"href":"https:\/\/www.europesays.com\/fr\/wp-json\/wp\/v2\/posts"}],"about":[{"href":"https:\/\/www.europesays.com\/fr\/wp-json\/wp\/v2\/types\/post"}],"author":[{"embeddable":true,"href":"https:\/\/www.europesays.com\/fr\/wp-json\/wp\/v2\/users\/2"}],"replies":[{"embeddable":true,"href":"https:\/\/www.europesays.com\/fr\/wp-json\/wp\/v2\/comments?post=19563"}],"version-history":[{"count":0,"href":"https:\/\/www.europesays.com\/fr\/wp-json\/wp\/v2\/posts\/19563\/revisions"}],"wp:featuredmedia":[{"embeddable":true,"href":"https:\/\/www.europesays.com\/fr\/wp-json\/wp\/v2\/media\/19564"}],"wp:attachment":[{"href":"https:\/\/www.europesays.com\/fr\/wp-json\/wp\/v2\/media?parent=19563"}],"wp:term":[{"taxonomy":"category","embeddable":true,"href":"https:\/\/www.europesays.com\/fr\/wp-json\/wp\/v2\/categories?post=19563"},{"taxonomy":"post_tag","embeddable":true,"href":"https:\/\/www.europesays.com\/fr\/wp-json\/wp\/v2\/tags?post=19563"}],"curies":[{"name":"wp","href":"https:\/\/api.w.org\/{rel}","templated":true}]}}