{"id":195632,"date":"2025-06-22T10:31:17","date_gmt":"2025-06-22T10:31:17","guid":{"rendered":"https:\/\/www.europesays.com\/fr\/195632\/"},"modified":"2025-06-22T10:31:17","modified_gmt":"2025-06-22T10:31:17","slug":"video-quel-prix-pour-une-bonne-bouteille-de-cidre-on-a-teste-les-moins-chers-du-marche-pour-le-savoir","status":"publish","type":"post","link":"https:\/\/www.europesays.com\/fr\/195632\/","title":{"rendered":"VID\u00c9O. Quel prix pour une bonne bouteille de cidre ? On a test\u00e9 les moins chers du march\u00e9 pour le savoir"},"content":{"rendered":"<p>            Par<br \/>\n        <strong><br \/>\n            <a href=\"https:\/\/actu.fr\/auteur\/thomas-rideau\" title=\"Consulter tous les articles de Thomas Rideau\" rel=\"nofollow noopener\" target=\"_blank\">Thomas Rideau<\/a><br \/>\n        <\/strong><\/p>\n<p>        Publi\u00e9 le<\/p>\n<p>            22 juin 2025 \u00e0 11h56        <\/p>\n<p>D\u00e9j\u00e0, deux v\u00e9rit\u00e9s\u2009: il fait chaud en ce moment et nous sommes en Normandie. Deux raisons profondes de boire du cidre. Et\u00a0<a href=\"https:\/\/actu.fr\/76actu\/\" rel=\"nofollow noopener\" target=\"_blank\">76actu<\/a> a d\u00e9cid\u00e9 d\u2019avoir recours aux bons conseils d\u2019un sp\u00e9cialiste pour choisir la bonne bouteille. Mais avec une petite contrainte\u2009: nous avons voulu tester les cidres <strong>les moins chers du march\u00e9<\/strong> et voir s\u2019ils valent le coup (co\u00fbt). Pour nous aider dans cette <strong>qu\u00eate du bon et du bon march\u00e9<\/strong>, nous avons fait appel \u00e0 <strong>Emmanuel Guilbert<\/strong>, \u0153nologue \u00e0 <a href=\"https:\/\/actu.fr\/normandie\/rouen_76540\" rel=\"nofollow noopener\" target=\"_blank\">Rouen (Seine-Maritime)<\/a> pour Ar\u00f4mes et Passions.<\/p>\n<p>\u00ab\u2009\u00c7a fait un peu compote de pomme\u2009\u00bb<\/p>\n<p class=\" wall-content\">Les candidats. Nous avons d\u00e9cid\u00e9 de soumettre \u00e0 Emmanuel Guilbert le pire moins cher possible. En premier, nous avons vers\u00e9 un verre de cidre Super U, 1,24\u00a0euro le litre, dans une bouteille en plastique de 1,5 L. <strong>Une autre bouteille en plastique,<\/strong> de la marque Carrefour, \u00e0 1,40\u00a0euro le litre et enfin la bouteille de la marque distributeur Intermarch\u00e9\u2009: 1,25\u00a0euro le litre. Dans le m\u00eame temps, nous avons propos\u00e9 un quatri\u00e8me candidat\u2009: le cidre fermier de Michel Br\u00e9avoine, \u00e0 environ 5 \u00e0 6\u00a0\u20ac le litre (en fonction du revendeur).<\/p>\n<p class=\" wall-content\">\u00ab\u2009Quand on d\u00e9guste un cidre,<strong> il y a trois phases<\/strong>. Il y en a une visuelle, olfactive, puis une pour le go\u00fbt\u2009\u00bb, pr\u00e9sente Emmanuel Guilbert.<\/p>\n<p class=\" wall-content\">Nous lui servons (la bouteille est cach\u00e9e)<strong> un verre de ce cidre Super U<\/strong>. \u00ab\u2009L\u00e0, on est sur un cidre trouble. Avec une faible effervescence. Pas de nettet\u00e9, pas de brillance\u2026\u2009\u00bb L\u2019impression visuelle n\u2019est pas concluante. <strong>\u00ab\u2009Il y a peu d\u2019ar\u00f4me<\/strong>. Ou alors c\u2019est tr\u00e8s l\u00e9ger. \u00c7a fait un peu compote de pomme.\u2009\u00bb<\/p>\n<p>\u00ab\u2009M\u00eame pour faire de la cuisine, je ne l\u2019utilise pas\u2009\u00bb<\/p>\n<p class=\" wall-content\">L\u2019expert porte le verre \u00e0 ses l\u00e8vres. Grimace l\u00e9g\u00e8rement. \u00ab\u2009En fait, c\u2019est plat. Il n\u2019y a pas grand-chose \u00e0 dire. Mais m\u00eame pour faire de la cuisine, je ne l\u2019utilise pas. C\u2019est tr\u00e8s neutre quoi.\u2009\u00bb Sans go\u00fbt peut-\u00eatre.<\/p>\n<p class=\" wall-content\">Vient le tour la bouteille Intermarch\u00e9. \u00ab\u2009Ah\u2009! L\u00e0, <strong>il y a une belle robe<\/strong>. La couleur donne envie. C\u2019est dor\u00e9, pas trouble\u2026\u2009\u00bb, se r\u00e9jouit notre go\u00fbteur. \u00ab\u2009Il y a un c\u00f4t\u00e9 brut de pomme et v\u00e9g\u00e9tal. De la pomme cuite. J\u2019ai l\u2019impression d\u2019entrer dans une cr\u00eaperie\u2009!\u2009\u00bb Nous retenons notre souffle. Le cidre \u00e0 1,25\u20ac le litre va-t-il d\u00e9jouer tous les pronostics\u2009?<\/p>\n<p class=\" wall-content\">\u00ab\u2009<strong>Le nez est plaisant<\/strong>. Il y a une belle fra\u00eecheur. En revanche, en bouche\u2026 C\u2019est plat. Je suis vite ressorti de la cr\u00eaperie. On ne retrouve pas les promesses du nez\u2009\u00bb, regrette-t-il. Pour autant, Emmanuel Guilbert le juge sup\u00e9rieur \u00e0 la premi\u00e8re bouteille.<\/p>\n<p>\u00ab\u2009\u00c7a m\u2019inqui\u00e8te\u2009\u00bb<\/p>\n<p class=\" wall-content\">Vient le tour de Carrefour. \u00ab\u2009On a la m\u00eame couleur que pour le premier verre\u2009\u00bb, note-t-il. Mais la d\u00e9gustation va prendre une tournure compliqu\u00e9e pour notre troisi\u00e8me concurrent. Le nez plong\u00e9 dans le verre, notre <a href=\"https:\/\/actu.fr\/tag\/vin\" rel=\"nofollow noopener\" target=\"_blank\">\u0153nologue<\/a> l\u2019assure\u2009: \u00ab\u2009<strong>\u00c7a, je ne peux pas<\/strong>. Ce n\u2019est m\u00eame pas de la pomme. Il n\u2019y a pas d\u2019ar\u00f4me. \u00c7a m\u2019inqui\u00e8te.\u2009\u00bb<\/p>\n<p class=\" wall-content\">Le liquide en bouche, son pressentiment se confirme. \u00ab\u2009Je vous le dis, ce n\u2019est pas du cidre. \u00c7a n\u2019a pas lieu d\u2019avoir cette appellation. <strong>C\u2019est d\u00e9grader tout le travail<\/strong> des fermes cidricoles\u2026 \u00e7a ne devrait m\u00eame pas \u00eatre vendu dans le commerce en Normandie.\u2009\u00bb Ouch. Le jugement est s\u00e9v\u00e8re.<\/p>\n<p class=\" wall-content\">On termine sur une derni\u00e8re proposition qu\u2019on peut retrouver en grande surface avec le cidre fermier de Michel Br\u00e9avoine dont l\u2019exploitation se trouve du c\u00f4t\u00e9 de Pont-l\u2019\u00c9v\u00eaque. Et c\u2019est une premi\u00e8re, mais on peut retracer les origines du produit sur la bouteille.<\/p>\n<p>\u00ab\u2009Il ne faut pas mettre en dessous de trois euros la bouteille\u2009\u00bb<\/p>\n<p class=\" wall-content\">Emmanuel Guilbert est d\u2019abord mitig\u00e9 sur la couleur du cidre. Mais tr\u00e8s vite, avec le nez,<strong> \u00ab\u2009on sent la pomme. C\u2019est plaisant.\u2009\u00bb<\/strong> Et le go\u00fbt\u2009? \u00ab\u2009Il y a de la rondeur, c\u2019est sympa. Il y a une belle attaque en bouche. C\u2019est frais, c\u2019est agr\u00e9able. \u00c7a appelle \u00e0 manger. Il y a une diff\u00e9rence avec les autres assez marqu\u00e9es.\u2009\u00bb Ouf pour Michel Br\u00e9avoine et ses cidres.<\/p>\n<p class=\" wall-content\">Alors, faut-il forc\u00e9ment d\u00e9penser une certaine somme pour un bon cidre\u2009? \u00ab\u2009Non, pas forc\u00e9ment. Il ne faut <strong>pas mettre en dessous de trois euros la bouteille<\/strong>. Et dans une bouteille en verre\u2009!\u2009\u00bb, nous lance-t-il en zieutant nos bouteilles en plastique. \u00ab\u2009\u00e7a semble compliqu\u00e9 d\u2019avoir de la qualit\u00e9 sous trois euros.\u2009\u00bb<\/p>\n<p>    <img   decoding=\"async\" loading=\"lazy\" src=\"https:\/\/www.europesays.com\/fr\/wp-content\/uploads\/2025\/06\/emmanuel-guilbert-cidre-supermarche-rouen-2-960x640.jpg\" alt=\"Selon Emmanuel Guilbert, il ne faut pas mettre moins de 3 euros dans une bouteille. Son petit coup de c\u0153ur : \" width=\"960\" height=\"640\"\/><br \/>\n    Selon Emmanuel Guilbert, il ne faut pas mettre moins de 3 euros dans une bouteille. Son petit coup de c\u0153ur : le Pressoir d\u2019Or. (\u00a9YR\/76actu)<\/p>\n<p class=\" wall-content\">\u00ab\u2009Il y a de nombreux domaines qui ont d\u00e9cid\u00e9 de se lancer dans la grande distribution\u2009\u00bb, nous rassure-t-il. Et de citer son favori\u2009: \u00ab\u2009<a href=\"https:\/\/actu.fr\/normandie\/frenelles-en-vexin_27070\/eure-des-produits-medailles-a-decouvrir-aux-portes-ouvertes-du-pressoir-dor_60973554.html\" rel=\"nofollow noopener\" target=\"_blank\">le Pressoir d\u2019Or<\/a>. On peut les retrouver dans de nombreuses grandes surfaces.\u2009\u00bb Avec des mises \u00e0 prix autour de 3,50\u00a0euros. Vous savez avec quoi accompagner vos ap\u00e9ritifs <strong>cet \u00e9t\u00e9<\/strong>.<\/p>\n<p>Suivez l\u2019actualit\u00e9 de Rouen <a href=\"https:\/\/www.whatsapp.com\/channel\/0029VaKfnf99hXF2ddApFB1D\" rel=\"nofollow noopener\" target=\"_blank\">sur notre cha\u00eene WhatsApp<\/a> et <a href=\"https:\/\/www.tiktok.com\/@76actu.fr?lang=fr\" rel=\"nofollow noopener\" target=\"_blank\">sur notre compte TikTok<\/a><\/p>\n<p class=\" wall-content\">Suivez toute l\u2019actualit\u00e9 de vos villes et m\u00e9dias favoris en vous inscrivant \u00e0 <a href=\"https:\/\/moncompte.actu.fr\" title=\"D\u00e9couvez Mon Actu\" rel=\"nofollow noopener\" data-trk=\"{&quot;cta&quot;:{&quot;action&quot;:&quot;https:\\\/\\\/moncompte.actu.fr&quot;,&quot;category&quot;:&quot;mon compte&quot;,&quot;from&quot;:&quot;article footer&quot;,&quot;name&quot;:&quot;Mon actu&quot;,&quot;type&quot;:&quot;cta&quot;}}\" target=\"_blank\">Mon Actu<\/a>.<\/p>\n<p>                    <script async src=\"\/\/www.tiktok.com\/embed.js\"><\/script><\/p>\n","protected":false},"excerpt":{"rendered":"Par Thomas Rideau Publi\u00e9 le 22 juin 2025 \u00e0 11h56 D\u00e9j\u00e0, deux v\u00e9rit\u00e9s\u2009: il fait chaud en ce&hellip;\n","protected":false},"author":2,"featured_media":195633,"comment_status":"","ping_status":"","sticky":false,"template":"","format":"standard","meta":{"footnotes":""},"categories":[9587],"tags":[1111,11,327,1777,674,1011,27,1757,12,5161,25,9590,1662],"class_list":{"0":"post-195632","1":"post","2":"type-post","3":"status-publish","4":"format-standard","5":"has-post-thumbnail","7":"category-rouen","8":"tag-actu","9":"tag-actualites","10":"tag-agriculture","11":"tag-eu","12":"tag-europe","13":"tag-fr","14":"tag-france","15":"tag-insolite","16":"tag-news","17":"tag-normandie","18":"tag-republique-francaise","19":"tag-rouen","20":"tag-vin"},"share_on_mastodon":{"url":"https:\/\/pubeurope.com\/@fr\/114726560276491182","error":""},"_links":{"self":[{"href":"https:\/\/www.europesays.com\/fr\/wp-json\/wp\/v2\/posts\/195632","targetHints":{"allow":["GET"]}}],"collection":[{"href":"https:\/\/www.europesays.com\/fr\/wp-json\/wp\/v2\/posts"}],"about":[{"href":"https:\/\/www.europesays.com\/fr\/wp-json\/wp\/v2\/types\/post"}],"author":[{"embeddable":true,"href":"https:\/\/www.europesays.com\/fr\/wp-json\/wp\/v2\/users\/2"}],"replies":[{"embeddable":true,"href":"https:\/\/www.europesays.com\/fr\/wp-json\/wp\/v2\/comments?post=195632"}],"version-history":[{"count":0,"href":"https:\/\/www.europesays.com\/fr\/wp-json\/wp\/v2\/posts\/195632\/revisions"}],"wp:featuredmedia":[{"embeddable":true,"href":"https:\/\/www.europesays.com\/fr\/wp-json\/wp\/v2\/media\/195633"}],"wp:attachment":[{"href":"https:\/\/www.europesays.com\/fr\/wp-json\/wp\/v2\/media?parent=195632"}],"wp:term":[{"taxonomy":"category","embeddable":true,"href":"https:\/\/www.europesays.com\/fr\/wp-json\/wp\/v2\/categories?post=195632"},{"taxonomy":"post_tag","embeddable":true,"href":"https:\/\/www.europesays.com\/fr\/wp-json\/wp\/v2\/tags?post=195632"}],"curies":[{"name":"wp","href":"https:\/\/api.w.org\/{rel}","templated":true}]}}