{"id":195639,"date":"2025-06-22T10:39:40","date_gmt":"2025-06-22T10:39:40","guid":{"rendered":"https:\/\/www.europesays.com\/fr\/195639\/"},"modified":"2025-06-22T10:39:40","modified_gmt":"2025-06-22T10:39:40","slug":"une-soiree-antillaise-debarque-bientot-a-strasbourg","status":"publish","type":"post","link":"https:\/\/www.europesays.com\/fr\/195639\/","title":{"rendered":"une soir\u00e9e antillaise d\u00e9barque bient\u00f4t \u00e0 Strasbourg !"},"content":{"rendered":"<p>    <img loading=\"lazy\" width=\"1800\" height=\"900\" src=\"https:\/\/www.europesays.com\/fr\/wp-content\/uploads\/2025\/04\/jeanne-callthepolice.jpg\" class=\"attachment-full size-full\" alt=\"\" id=\"imageLove\" decoding=\"async\"  \/><\/p>\n<p id=\"breadcrumbs\"><a href=\"https:\/\/pokaa.fr\/\" target=\"_blank\" rel=\"noopener\">Accueil<\/a> \/ <a href=\"https:\/\/pokaa.fr\/categories\/ses-sorties\/\" target=\"_blank\" rel=\"noopener\">Sorties<\/a> \/ Cocktails, concert et plats cr\u00e9oles : une soir\u00e9e antillaise d\u00e9barque bient\u00f4t \u00e0 Strasbourg !<\/p>\n<p>                    Sorties<\/p>\n<p><b>Les temp\u00e9ratures se r\u00e9chauffent, le soleil br\u00fble notre peau\u2026 Manque plus que les vacances et le repos. Pour se mettre d\u00e8s \u00e0 pr\u00e9sent au rythme de l\u2019\u00e9t\u00e9, l\u2019H\u00f4tel voco The Garden nous propose le 27 juin un d\u00e9part imm\u00e9diat vers les Antilles depuis ses terrasses. Une soir\u00e9e <\/b><b>caliente<\/b><b>, gourmande et festive, pour une ambiance cr\u00e9ole sans m\u00eame quitter Stras\u2019.<\/b><\/p>\n<p>L\u2019ambiance \u00e0 Strasbourg se r\u00e9chauffe\u2026 Si le mois de juin commence enfin \u00e0 ressembler \u00e0 un mois d\u2019\u00e9t\u00e9, quelques \u00e9v\u00e9nements participent \u00e0 le rendre d\u2019autant plus caliente. Parmi eux\u00a0: <b>la soir\u00e9e antillaise de l\u2019H\u00f4tel voco The Garden du vendredi 27 juin<\/b>.<\/p>\n<p>Apr\u00e8s des soir\u00e9es apr\u00e8s-ski, et une premi\u00e8re \u00e9dition carib\u00e9enne, l\u2019h\u00f4tel strasbourgeois remet \u00e7a pour un d\u00e9part en vacances anticip\u00e9 vers les Antilles, \u00e0 c\u00f4t\u00e9 du centre-ville.<\/p>\n<p>                <img width=\"640\" height=\"480\" src=\"https:\/\/www.europesays.com\/fr\/wp-content\/uploads\/2025\/06\/tambuyers-1-jpg-1.jpeg\" class=\"attachment-gallery size-gallery\" alt=\"Voco + kreyol kadans\" data-full-url=\"https:\/\/www.europesays.com\/fr\/wp-content\/uploads\/2025\/06\/tambuyers-1-jpg-1.jpeg\" decoding=\"async\" loading=\"lazy\"  \/>            <\/p>\n<p>                <img width=\"640\" height=\"360\" src=\"https:\/\/www.europesays.com\/fr\/wp-content\/uploads\/2025\/06\/kreyol-kadans-elsau-2505-26jpg.jpeg\" class=\"attachment-gallery size-gallery\" alt=\"Voco + kreyol kadans\" data-full-url=\"https:\/\/www.europesays.com\/fr\/wp-content\/uploads\/2025\/06\/kreyol-kadans-elsau-2505-26jpg.jpeg\" decoding=\"async\" loading=\"lazy\"  \/>            <\/p>\n<p>                    \u00a9 Kr\u00e9yol&rsquo;Kadans \/ Documents remis<\/p>\n<p>Pour ensoleiller ses terrasses, <b>le voco invitera l\u2019association Kr\u00e9yol\u2019Kadans<\/b> de Souffelweyersheim, qui viendra avec musiciens, chanteuse et danseuses,<b> pour te faire chalouper au rythme de leurs danses et instruments traditionnels<\/b> <b>des Cara\u00efbes.<\/b><\/p>\n<p>    <img width=\"640\" height=\"480\" src=\"https:\/\/www.europesays.com\/fr\/wp-content\/uploads\/2025\/06\/kkd-14-1-jpg.jpeg\" class=\"attachment-image-size-L size-image-size-L\" alt=\"Voco + kreyol kadans\" decoding=\"async\" loading=\"lazy\"  \/>         \u00a9 Kr\u00e9yol&rsquo;Kadans \/ Document remis <\/p>\n<p>Les Antilles jusqu&rsquo;aux papilles<\/p>\n<p>Outre l\u2019animation, la soir\u00e9e promet aussi un<b> d\u00e9paysement des saveurs<\/b>.<\/p>\n<p>Pour <b>faire voyager les papilles jusqu\u2019aux Antilles<\/b>\u00a0? Une cuisine \u00e0 quatre mains, avec <b>le chef Brendan du voco et le chef cr\u00e9ole du restaurant O\u2019Salines<\/b>. Au menu\u00a0: des <b>sp\u00e9cialit\u00e9s cr\u00e9oles<\/b>, \u00ab\u00a0pleines de couleurs et de saveurs\u00a0\u00bb, \u00e0 manger en petites portions, ambiance <b>street food sur la terrasse<\/b>.<\/p>\n<p>\u00c0 la carte (postale)\u00a0: des <b>acras de l\u00e9gumes et de morue<\/b>, des minis <b>bokits poulet et v\u00e9g\u00e9tarien<\/b>, une salade cr\u00e9ole (mangue, avocat, crevette), des<b> gambas grill\u00e9es<\/b>, riz parfum\u00e9 patates douces et haricots rouges, et un poulet coco-curry et l\u00e9gumes r\u00f4tis aux \u00e9pices cr\u00e9oles. Et pour le dessert\u00a0: salade de fruits, flan coco et sorbet coco.<\/p>\n<p>    <img width=\"450\" height=\"600\" src=\"https:\/\/www.europesays.com\/fr\/wp-content\/uploads\/2025\/06\/475256446-122182754702264106-6946614045091887606-n-450x600.jpg\" class=\"attachment-image-size-M size-image-size-M\" alt=\"voco\" decoding=\"async\" loading=\"lazy\"  \/>         \u00a9 voco \/ Document remis <\/p>\n<p>Quant \u00e0 faire monter la temp\u00e9rature, le voco te r\u00e9galera de\u2026<b> cocktails tropicaux\u00a0! Planteur, ti-punch<\/b>. Ainsi que des <b>vieux rhums <\/b>\u00e0 savourer.<\/p>\n<p>Pour l\u2019occasion, voco s\u2019associera avec <b>Saint-James<\/b>, l\u2019une des marques embl\u00e9matiques de rhum agricole,<b> fond\u00e9e en 1765 en Martinique<\/b> (et b\u00e9n\u00e9ficiant de l\u2019AOC Rhum Agricole Martinique, gage de qualit\u00e9 et d\u2019authenticit\u00e9). Et en bonus\u00a0: quelques goodies et cadeaux.<\/p>\n<p>Pour r\u00e9viser son cr\u00e9ole antillais, avant d\u2019y aller\u00a0: est-ce qu\u2019on ne dirait pas d\u00e9j\u00e0 \u00ab\u00a0M\u00e9si\u00a0\u00bb [\u00ab\u00a0merci\u00a0\u00bb]\u00a0?<\/p>\n<p>    <img width=\"361\" height=\"600\" src=\"https:\/\/www.europesays.com\/fr\/wp-content\/uploads\/2025\/06\/clients-lors-de-precedente-soiree-cubaine-361x600.jpg\" class=\"attachment-image-size-M size-image-size-M\" alt=\"voco\" decoding=\"async\" loading=\"lazy\"  \/>         La pr\u00e9c\u00e9dente soir\u00e9e cubaine. \u00a9 voco \/ Document remis <\/p>\n<p>                <img width=\"750\" height=\"500\" src=\"https:\/\/www.europesays.com\/fr\/wp-content\/uploads\/2025\/06\/voco-strasbourg-centre-the-garden-terrasse01-750x500.jpg\" class=\"attachment-gallery size-gallery\" alt=\"voco\" data-full-url=\"https:\/\/pokaa.fr\/wp-content\/uploads\/2025\/06\/11\/voco-strasbourg-centre-the-garden-terrasse01.jpg\" decoding=\"async\" loading=\"lazy\"  \/>            <\/p>\n<p>                <img width=\"750\" height=\"500\" src=\"https:\/\/www.europesays.com\/fr\/wp-content\/uploads\/2025\/06\/voco-strasbourg-centre-the-garden-terrasse04-750x500.jpg\" class=\"attachment-gallery size-gallery\" alt=\"voco\" data-full-url=\"https:\/\/pokaa.fr\/wp-content\/uploads\/2025\/06\/11\/voco-strasbourg-centre-the-garden-terrasse04.jpg\" decoding=\"async\" loading=\"lazy\"  \/>            <\/p>\n<p>                    voco Strasbourg centre The Garden. \u00a9 voco \/ Documents remis<\/p>\n<p>            Soir\u00e9e antillaise \u00e0 l&rsquo;H\u00f4tel voco<\/p>\n<p>            Quoi ? <\/p>\n<p>Restauration cr\u00e9ole, cocktails antillais, musique et danses par l\u2019association Kr\u00e9yol\u2019Kadans<\/p>\n<p>                Quand ?<\/p>\n<p>Vendredi 27 juin \u00e0 partir de 19h30<\/p>\n<p>            o\u00f9 ?<\/p>\n<p>\u00c0 l\u2019H\u00f4tel voco The Garden, 9 rue des Magasins, \u00e0 Strasbourg<\/p>\n<p>                Plus d&rsquo;infos ?<\/p>\n<p><a href=\"https:\/\/www.vocostrasbourgexperiences.com\/#!\/e\/soir-e-antillaise-abf37019\" target=\"_blank\" rel=\"noopener\">Infos et r\u00e9servation<\/a><br \/>Entr\u00e9e 15\u20ac : un verre de planteur est inclus<\/p>\n","protected":false},"excerpt":{"rendered":"Accueil \/ Sorties \/ Cocktails, concert et plats cr\u00e9oles : une soir\u00e9e antillaise d\u00e9barque bient\u00f4t \u00e0 Strasbourg !&hellip;\n","protected":false},"author":2,"featured_media":195640,"comment_status":"","ping_status":"","sticky":false,"template":"","format":"standard","meta":{"footnotes":""},"categories":[2820],"tags":[1111,11,4763,33446,1697,33447,1777,674,1011,27,1661,775,1757,12,25,640,33448,4064],"class_list":{"0":"post-195639","1":"post","2":"type-post","3":"status-publish","4":"format-standard","5":"has-post-thumbnail","7":"category-strasbourg","8":"tag-actu","9":"tag-actualites","10":"tag-agenda","11":"tag-antilles","12":"tag-concert","13":"tag-creole","14":"tag-eu","15":"tag-europe","16":"tag-fr","17":"tag-france","18":"tag-gastronomie","19":"tag-grand-est","20":"tag-insolite","21":"tag-news","22":"tag-republique-francaise","23":"tag-strasbourg","24":"tag-voco","25":"tag-week-end"},"share_on_mastodon":{"url":"https:\/\/pubeurope.com\/@fr\/114726592399812780","error":""},"_links":{"self":[{"href":"https:\/\/www.europesays.com\/fr\/wp-json\/wp\/v2\/posts\/195639","targetHints":{"allow":["GET"]}}],"collection":[{"href":"https:\/\/www.europesays.com\/fr\/wp-json\/wp\/v2\/posts"}],"about":[{"href":"https:\/\/www.europesays.com\/fr\/wp-json\/wp\/v2\/types\/post"}],"author":[{"embeddable":true,"href":"https:\/\/www.europesays.com\/fr\/wp-json\/wp\/v2\/users\/2"}],"replies":[{"embeddable":true,"href":"https:\/\/www.europesays.com\/fr\/wp-json\/wp\/v2\/comments?post=195639"}],"version-history":[{"count":0,"href":"https:\/\/www.europesays.com\/fr\/wp-json\/wp\/v2\/posts\/195639\/revisions"}],"wp:featuredmedia":[{"embeddable":true,"href":"https:\/\/www.europesays.com\/fr\/wp-json\/wp\/v2\/media\/195640"}],"wp:attachment":[{"href":"https:\/\/www.europesays.com\/fr\/wp-json\/wp\/v2\/media?parent=195639"}],"wp:term":[{"taxonomy":"category","embeddable":true,"href":"https:\/\/www.europesays.com\/fr\/wp-json\/wp\/v2\/categories?post=195639"},{"taxonomy":"post_tag","embeddable":true,"href":"https:\/\/www.europesays.com\/fr\/wp-json\/wp\/v2\/tags?post=195639"}],"curies":[{"name":"wp","href":"https:\/\/api.w.org\/{rel}","templated":true}]}}