{"id":195647,"date":"2025-06-22T10:43:53","date_gmt":"2025-06-22T10:43:53","guid":{"rendered":"https:\/\/www.europesays.com\/fr\/195647\/"},"modified":"2025-06-22T10:43:53","modified_gmt":"2025-06-22T10:43:53","slug":"au-conseil-municipal-de-nantes-la-nuit-du-bien-commun-ressurgit","status":"publish","type":"post","link":"https:\/\/www.europesays.com\/fr\/195647\/","title":{"rendered":"Au conseil municipal de Nantes, la Nuit du bien commun ressurgit"},"content":{"rendered":"<p>Il \u00e9tait question, vendredi matin 20\u00a0juin, lors du conseil municipal de Nantes, du rapport annuel du Centre d\u2019action communal d\u2019action sociale (CCAS) et, dans les rangs de la majorit\u00e9 et de l\u2019opposition, les \u00e9lus ont \u00e9t\u00e9 unanimes pour saluer le travail des 650\u00a0agents qui accompagnent les plus pr\u00e9caires, gr\u00e2ce notamment \u00e0 des dispositifs de coups de pouce financiers. Une unanimit\u00e9 de courte dur\u00e9e.<\/p>\n<p>Pour rappeler que la solidarit\u00e9 <strong>\u00ab\u00a0n\u2019est pas l\u2019apanage des structures comme le CCAS et qu\u2019il y a des initiatives priv\u00e9es qui font \u0153uvre sur le territoire\u00a0\u00bb,<\/strong> Laurence Garnier (LR) est revenue sur la Nuit du bien commun. <a href=\"https:\/\/nantes.maville.com\/actu\/actudet_-plusieurs-manifestations-contre-la-nuit-du-bien-commun-a-nantes-ce-jeudi-en-fin-de-journee-_52716-6840737_actu.Htm\" target=\"_self\" rel=\"noopener\">Cette soir\u00e9e caritative organis\u00e9e le 5\u00a0juin, \u00e0 la cit\u00e9 des congr\u00e8s,<\/a> fond\u00e9e par le milliardaire proche de l\u2019extr\u00eame-droite Pierre-Edouard St\u00e9rin. La s\u00e9natrice a d\u00e9nonc\u00e9 la vague de critiques essuy\u00e9e par l\u2019initiative, dont l\u2019interdiction avait \u00e9t\u00e9 demand\u00e9e par des syndicats et des partis de gauche.<\/p>\n<p>\u00ab\u00a0Ces chefs d\u2019entreprise m\u00e9ritent le respect\u00a0\u00bb<\/p>\n<p><strong>\u00ab\u00a0Vous tous qui avez r\u00e9agi avec vigueur, votre attitude est susceptible d\u2019alimenter une certaine violence\u00a0\u00bb,<\/strong> a soulign\u00e9 l\u2019\u00e9lue, en faisant r\u00e9f\u00e9rence aux <strong>\u00ab\u00a0deux policiers bless\u00e9s\u00a0\u00bb <\/strong>lors de la manifestation des opposants \u00e0 la soir\u00e9e. <strong>\u00ab\u00a0420\u00a0000\u00a0\u20ac ont \u00e9t\u00e9 lev\u00e9s le 5\u00a0juin. Ces chefs d\u2019entreprise, qui font le choix de soutenir des associations, m\u00e9ritent le respect et certainement pas le m\u00e9pris dont vous avez fait preuve\u00a0\u00bb.<\/strong><\/p>\n<p>Guillaume Richard (Horizons) lui a fait \u00e9cho, en s\u2019adressant \u00e0 Johanna Rolland. <strong>\u00ab\u00a0Menez votre combat contre St\u00e9rin, mais laissez la Nuit du bien commun tranquille. Malheureusement, le bon travail du CCAS n\u2019est pas suffisant pour soutenir toutes les initiatives.\u00a0\u00bb<\/strong> Julien Bainvel, \u00e9lu LR, d\u00e9fend lui aussi le m\u00e9c\u00e9nat \u2013 <strong>\u00ab\u00a0notre mod\u00e8le social repose aussi l\u00e0-dessus\u00a0\u00bb <\/strong>\u2013 mais refuse pour autant de se voir tax\u00e9 de proximit\u00e9 avec les id\u00e9es d\u2019extr\u00eame-droite.<\/p>\n<p>\u00ab\u00a0Projet de permettre \u00e0 l\u2019extr\u00eame droite d\u2019arriver au pouvoir\u00a0\u00bb<\/p>\n<p>Car, ce que voit surtout la gauche derri\u00e8re ce gala caritatif, c\u2019est le profil de son fondateur. Un <strong>\u00ab\u00a0exil\u00e9 fiscal en Belgique dont le projet est de permettre \u00e0 l\u2019extr\u00eame-droite d\u2019arriver au pouvoir\u00a0\u00bb,<\/strong> soutient le communiste Robin Salecroix. C\u2019est, en d\u2019autres termes, ce qu\u2019a renvoy\u00e9 Johanna Rolland, la maire socialiste, aux \u00e9lus de droite. \u00c0 Laurence Garnier en particulier, qui soulignait que Pierre-Edouard St\u00e9rin a aujourd\u2019hui quitt\u00e9 l\u2019organisation de la Nuit du bien commun. <strong>\u00ab\u00a0St\u00e9rin a officiellement pass\u00e9 la main, le 3\u00a0juin, pour un \u00e9v\u00e9nement qui s\u2019est d\u00e9roul\u00e9 le 5\u00a0juin. Est-ce de la na\u00efvet\u00e9 ou de l\u2019hypocrisie, mais d\u00e9clarer qu\u2019il n\u2019y a pas de lien entre lui et la Nuit du bien commun ne me para\u00eet pas s\u00e9rieux.\u00a0\u00bb<\/strong><\/p>\n<p>\u00a0<\/p>\n","protected":false},"excerpt":{"rendered":"Il \u00e9tait question, vendredi matin 20\u00a0juin, lors du conseil municipal de Nantes, du rapport annuel du Centre d\u2019action&hellip;\n","protected":false},"author":2,"featured_media":195648,"comment_status":"","ping_status":"","sticky":false,"template":"","format":"standard","meta":{"footnotes":""},"categories":[2818],"tags":[1111,11,19001,7516,1777,674,1011,27,7517,766,12,293,2636,25,33449],"class_list":{"0":"post-195647","1":"post","2":"type-post","3":"status-publish","4":"format-standard","5":"has-post-thumbnail","7":"category-nantes","8":"tag-actu","9":"tag-actualites","10":"tag-commun","11":"tag-conseil","12":"tag-eu","13":"tag-europe","14":"tag-fr","15":"tag-france","16":"tag-municipal","17":"tag-nantes","18":"tag-news","19":"tag-nuit","20":"tag-pays-de-la-loire","21":"tag-republique-francaise","22":"tag-ressurgit"},"share_on_mastodon":{"url":"https:\/\/pubeurope.com\/@fr\/114726611467725614","error":""},"_links":{"self":[{"href":"https:\/\/www.europesays.com\/fr\/wp-json\/wp\/v2\/posts\/195647","targetHints":{"allow":["GET"]}}],"collection":[{"href":"https:\/\/www.europesays.com\/fr\/wp-json\/wp\/v2\/posts"}],"about":[{"href":"https:\/\/www.europesays.com\/fr\/wp-json\/wp\/v2\/types\/post"}],"author":[{"embeddable":true,"href":"https:\/\/www.europesays.com\/fr\/wp-json\/wp\/v2\/users\/2"}],"replies":[{"embeddable":true,"href":"https:\/\/www.europesays.com\/fr\/wp-json\/wp\/v2\/comments?post=195647"}],"version-history":[{"count":0,"href":"https:\/\/www.europesays.com\/fr\/wp-json\/wp\/v2\/posts\/195647\/revisions"}],"wp:featuredmedia":[{"embeddable":true,"href":"https:\/\/www.europesays.com\/fr\/wp-json\/wp\/v2\/media\/195648"}],"wp:attachment":[{"href":"https:\/\/www.europesays.com\/fr\/wp-json\/wp\/v2\/media?parent=195647"}],"wp:term":[{"taxonomy":"category","embeddable":true,"href":"https:\/\/www.europesays.com\/fr\/wp-json\/wp\/v2\/categories?post=195647"},{"taxonomy":"post_tag","embeddable":true,"href":"https:\/\/www.europesays.com\/fr\/wp-json\/wp\/v2\/tags?post=195647"}],"curies":[{"name":"wp","href":"https:\/\/api.w.org\/{rel}","templated":true}]}}