{"id":195655,"date":"2025-06-22T10:47:11","date_gmt":"2025-06-22T10:47:11","guid":{"rendered":"https:\/\/www.europesays.com\/fr\/195655\/"},"modified":"2025-06-22T10:47:11","modified_gmt":"2025-06-22T10:47:11","slug":"un-plan-prevoit-de-planter-670-000-arbres-en-25-ans","status":"publish","type":"post","link":"https:\/\/www.europesays.com\/fr\/195655\/","title":{"rendered":"un plan pr\u00e9voit de planter 670 000 arbres en 25 ans"},"content":{"rendered":"<p>            Par<br \/>\n        <strong><br \/>\n            <a href=\"https:\/\/actu.fr\/auteur\/gabriel-kenedi\" title=\"Consulter tous les articles de Gabriel Kenedi\" target=\"_blank\" rel=\"noopener\">Gabriel Kenedi<\/a><br \/>\n        <\/strong><\/p>\n<p>        Publi\u00e9 le<\/p>\n<p>            22 juin 2025 \u00e0 12h08        <\/p>\n<p>\u00ab\u00a0Exercice de communication\u00a0\u00bb, \u00ab\u00a0document de propagande \u00e9lectorale\u00a0\u00bb ou \u00ab\u00a0v\u00e9ritable feuille de route\u00a0\u00bb ? Vendredi 20 juin 2025, le conseil municipal a largement d\u00e9battu autour d\u2019une d\u00e9lib\u00e9ration qui fixe un cap sur les mesures \u00e0 prendre d\u2019ici 2050 pour lutter contre la <strong>surchauffe urbaine<\/strong> dans la Ville rose. Avec ce plan<strong> \u00ab\u00a0Toulouse + Fra\u00eeche 2050\u00a0\u00bb<\/strong>, qui a \u00e9t\u00e9 adopt\u00e9 vendredi, la mairie entend afficher son volontarisme pour limiter dans le temps les effets du r\u00e9chauffement climatique. On le sait, la Ville rose est particuli\u00e8rement expos\u00e9e : selon une \u00e9tude r\u00e9alis\u00e9e par M\u00e9t\u00e9o France,<a href=\"https:\/\/actu.fr\/occitanie\/toulouse_31555\/quel-sera-le-climat-de-toulouse-en-2050-un-rapport-de-meteo-france-tire-la-sonnette-d-alarme_62411572.html\" target=\"_blank\" rel=\"noopener\"> les Toulousains conna\u00eetront en 2050<\/a>, en \u00e9t\u00e9, des temp\u00e9ratures plus extr\u00eames et des nuits plus chaudes\u2026 et toujours moins de pr\u00e9cipitations. \u00ab\u00a0En 2050, on aura ici \u00e0 Toulouse <strong>le climat de la ville de S\u00e9ville<\/strong>\u00ab\u00a0, explique le maire de Toulouse, Jean-Luc Moudenc. Il est donc n\u00e9cessaire de s\u2019adapter. Que comporte ce plan qualifi\u00e9 de <strong>\u00ab\u00a0tr\u00e8s ambitieux\u00a0\u00bb<\/strong>, qui pr\u00e9voit notamment de planter <strong>670 000 arbres<\/strong> en 25 ans\u00a0 ? Quelles sont les r\u00e9serves de l\u2019opposition ? On fait le point.\u00a0<\/p>\n<p>\u00ab\u00a0Un cap d\u2019ici 2050\u00a0\u00bb pour faire face au d\u00e9r\u00e8glement climatique\u00a0<\/p>\n<p class=\" wall-content\">Ce plan Toulouse + Fra\u00eeche vise en premier lieu \u00e0 <strong>r\u00e9sorber les \u00eelots de chaleur<\/strong>, responsables de maintenir durant la nuit des temp\u00e9ratures bien plus \u00e9lev\u00e9es en ville qu\u2019\u00e0 la campagne. \u00ab\u00a0Nous avons command\u00e9 <strong>une \u00e9tude tr\u00e8s structurante<\/strong> aupr\u00e8s de M\u00e9t\u00e9o France, compl\u00e8te l\u2019\u00e9lu Cl\u00e9ment Riquet. Nous sommes d\u2019ailleurs <strong>la premi\u00e8re grande ville<\/strong> \u00e0 nous doter d\u2019une telle \u00e9tude. Nous leur avons demand\u00e9 ce que nous devions faire pour adapter notre ville d\u2019ici 2050\u2033.<\/p>\n<blockquote class=\"ac-article-quote wall-content\">\n<p>\u00ab\u00a0Il s&rsquo;agit d&rsquo;une d\u00e9marche au long cours qui nous permettra d\u2019investir et de r\u00e9am\u00e9nager la ville pour faire face \u00e0 cette difficult\u00e9. C\u2019est une transformation profonde qui exige des investissements consid\u00e9rables et des investissements d\u00e9cal\u00e9s\u00a0\u00bb<\/p>\n<p>    <strong>Jean-Luc Moudenc<\/strong><br \/>\n        Maire de Toulouse    <\/p><\/blockquote>\n<p>670 000 arbres \u00e0 planter d\u2019ici 2050\u00a0<br \/>\n    <img   decoding=\"async\" loading=\"lazy\" src=\"https:\/\/www.europesays.com\/fr\/wp-content\/uploads\/2025\/06\/daurade-toulouse-arbres-960x640.jpg\" alt=\"Le plan Toulouse+Fraiche pr\u00e9voit une s\u00e9rie de mesures pour lutter contre la surchaufe urbaine. \" width=\"960\" height=\"640\"\/><br \/>\n    Pour r\u00e9sorber la plupart des \u00eelots de chaleur, il faudrait notamment planter 670 000 arbres plant\u00e9s en 25 ans,\u00a0 (\u00a9Gabriel Kenedi \/ Actu Toulouse)<\/p>\n<p class=\" wall-content\">Cette \u00e9tude montre que pour r\u00e9sorber <strong>70% des \u00eelots de chaleur de la ville<\/strong> (et gagner 1,44\u00b0C) \u00e0 horizon 2050, il faudrait planter<strong> 670 000 arbres de haute-tige<\/strong>, d\u00e9sartificialiser 13km2 et faire \u00e9voluer <strong>l\u2019alb\u00e9do<\/strong> de la ville.\u00a0<\/p>\n<p class=\" wall-content\">\u00ab\u00a0Si on plante 670 000 arbres et que l\u2019on met en place un certain nombre de mesures, la ville sera devenue tellement v\u00e9g\u00e9tale et perm\u00e9able qu\u2019au bout de la nuit, au petit matin, les temp\u00e9ratures seront identiques au centre-ville qu\u2019\u00e0 la campagne\u00a0\u00bb, se projette Cl\u00e9ment Riquet.\u00a0 \u00ab\u00a0Cela n\u00e9cessite du temps long. Mais il s\u2019agit d\u2019aller encore plus fort et plus loin\u00a0\u00bb.\u00a0<\/p>\n<p>10 axes strat\u00e9giques<\/p>\n<p class=\" wall-content\">V\u00e9g\u00e9taliser, poursuivre le d\u00e9goudronnage, stocker l\u2019eau et utiliser les eaux pluviales, am\u00e9liorer l\u2019alb\u00e9do des mat\u00e9riaux des espaces publics et b\u00e2timents, installer des ombri\u00e8res figurent parmi les <strong>10 axes strat\u00e9giques<\/strong> du plan \u00ab\u00a0Toulouse + Fra\u00eeche 2050\u00a0\u00bb.\u00a0<\/p>\n<p class=\" wall-content\">La plantation de 670 000 arbres passerait notamment par la cr\u00e9ation \u00ab\u00a0de<strong> squares d\u2019une superficie de 500 m2 minimum<\/strong>\u00a0\u00bb dans les quartiers et par la cr\u00e9ation d\u2019une \u00ab\u00a0p\u00e9pini\u00e8re grands arbres\u00a0\u00bb, mais aussi par la d\u00e9simperm\u00e9alisation des sols, est-il not\u00e9 dans la d\u00e9lib\u00e9ration.\u00a0<\/p>\n<p>\u00ab\u00a0Un exercice de communication\u00a0\u00bb<\/p>\n<p class=\" wall-content\">Ce plan tr\u00e8s ambitieux dans ses principes, a suscit\u00e9 un <strong>vif d\u00e9bat<\/strong> au sein du conseil municipal. Maxime Le T\u00e9xier, au nom du groupe AMC, a ainsi d\u00e9nonc\u00e9 \u00ab\u00a0un exercice de communication\u00a0\u00bb, de \u00ab\u00a0<strong>l\u2019absence de financement\u00a0\u00bb,<\/strong> et s\u2019est \u00e9tonn\u00e9 du \u00ab\u00a0timing\u00a0\u00bb de son examen en conseil municipal, qui arrive en fin de mandature et \u00e0 moins d\u2019un an de l\u2019\u00e9lection municipal.\u00a0<\/p>\n<p class=\" wall-content\">\u00ab\u00a0On nous demande d\u2019adopter une d\u00e9marche qui tient en 4 pages et 30 phrases quand le projet de Paris a mobilis\u00e9 des centaines d\u2019agents, toutes les directions, 80 partenaires, 600 citoyens, 2 exercices grandeur r\u00e9elle\u2026 Ce n\u2019est pas s\u00e9rieux (\u2026). Pr\u00e9senter aujourd\u2019hui aux \u00e9lus de la R\u00e9publique <strong>un document si creux<\/strong>, je le r\u00e9p\u00e8te, ce n\u2019est pas s\u00e9rieux\u00a0\u00bb.<\/p>\n<p class=\" wall-content\">L\u2019\u00e9lu d\u2019opposition a notamment ajout\u00e9 :\u00a0<\/p>\n<blockquote class=\"ac-article-quote wall-content\">\n<p>\u00ab\u00a0Vous jouez un jeu dangereux, car vous jouez avec l\u2019espoir des gens qui croient que leur ville a un plan d\u2019\u00e9volution ambitieux, quand tout ce que vous offrez avec vos petits pas, ce sont des chiffres sur papier glac\u00e9. Oui, les Toulousaines et Toulousains auront besoin de douches froides \u00e0 l\u2019avenir, mais pas de celle que vous leur pr\u00e9parez\u00a0\u00bb.<\/p>\n<p>    <strong>Maxime Le Texier<\/strong><br \/>\n        Conseiller municipal d&rsquo;opposition    <\/p><\/blockquote>\n<p>\u00ab\u00a0Il \u00e9tait temps !\u00a0\u00bb<br \/>\n    <img   decoding=\"async\" loading=\"lazy\" src=\"https:\/\/www.europesays.com\/fr\/wp-content\/uploads\/2025\/06\/toulouse-ombriere-capitole-960x640.jpg\" alt=\"Le plan Toulouse+Fraiche pr\u00e9voit une s\u00e9rie de mesures pour lutter contre la surchaufe urbaine. \" width=\"960\" height=\"640\"\/><br \/>\n    Le plan Toulouse+Fraiche pr\u00e9voit \u00e9galement la multiplication des ombri\u00e8res. (\u00a9Gabriel Kenedi \/ Actu Toulouse)<\/p>\n<p class=\" wall-content\">H\u00e9l\u00e8ne Cabanes, au nom du groupe \u00e9cologiste, pr\u00e9cise : \u00ab\u00a0Voil\u00e0 enfin une feuille de route pour transformer Toulouse et se pr\u00e9parer au changement climatique. Certes, mon coll\u00e8gue l\u2019a dit Maxime Le Texier c\u2019est <strong>largement insuffisant<\/strong> et il y a beaucoup de choses qui sont \u00e9galement \u00e0 revoir, mais cette d\u00e9marche de cap 2050\u00a0 arrive enfin. Il \u00e9tait presque temps, j\u2019ai envie de dire\u2026 mais aucune \u00e9valuation financi\u00e8re n\u2019est indiqu\u00e9e dans la d\u00e9lib\u00e9ration. Il n\u2019y aucun \u00e9ch\u00e9ancier entre maintenant et 2050, compte tenu des annonces faites qui sont <strong>particuli\u00e8rement \u00e9lev\u00e9es et ambitieuses<\/strong>\u00ab\u00a0, a toutefois nuanc\u00e9 la conseill\u00e8re municipale.\u00a0<\/p>\n<blockquote class=\"ac-article-quote wall-content\">\n<p>\u00ab\u00a0Est-ce que est-ce vraiment une feuille de route atteignable ou est-ce juste un document de de propagande \u00e0 quelques mois d&rsquo;une campagne \u00e9lectorale ? <\/p>\n<p>    <strong>H\u00e9l\u00e8ne Cabanes<\/strong><br \/>\n        Conseill\u00e8re municipale d&rsquo;opposition    <\/p><\/blockquote>\n<p class=\" wall-content\">La conseill\u00e8re municipale d\u2019opposition ajoute encore : \u00ab\u00a0Bien qu\u2019arrivant en tard dans la mandature bien que ne sachant pas r\u00e9ellement les moyens qui y seront mis ni le rythme de mise en place, nous voterons pour cette d\u00e9marche prospective parce que nous la demandons depuis longtemps et nous l\u2019appelons de nos v\u0153ux\u00a0\u00bb.\u00a0<\/p>\n<p>\u00ab\u00a0Personne n\u2019a jamais fait autant\u00a0\u00bb\u00a0<\/p>\n<p class=\" wall-content\">\u00ab\u00a0Ce que nous avons fait depuis 2014, en mati\u00e8re de d\u00e9veloppement durable, de lutte contre le r\u00e9chauffement climatique, <strong>aucune municipalit\u00e9 toulousaine ne l\u2019a fait<\/strong>. Personne n\u2019a jamais fait autant, que ce soit au niveau de la mairie ou de la m\u00e9tropole\u00a0\u00bb a r\u00e9torqu\u00e9 Jean-Luc Moudenc.<\/p>\n<p class=\" wall-content\">Tout en nuan\u00e7ant \u00e9galement :\u00a0 \u00ab\u00a0On nous annonce que Toulouse aura le climat de S\u00e9ville en 20250.\u00a0 Alors effectivement, malgr\u00e9 les consid\u00e9rables progr\u00e8s effectu\u00e9s depuis 2014, c\u2019est insuffisant et <strong>il faut aller plus loin<\/strong>. Et si nous \u00e9tions dans l\u2019autosatisfaction, effectivement je ne pr\u00e9senterais pas cette d\u00e9lib\u00e9ration. Je suis heureux de tous les progr\u00e8s qui ont \u00e9t\u00e9 faits, mais je suis conscient de ce qui reste \u00e0 faire. Cette d\u00e9lib\u00e9ration n\u2019est pas une fin en soi. Quand on se projette sur une perspective de 25 ans, forc\u00e9ment, c\u2019est<strong> une d\u00e9lib\u00e9ration de principe<\/strong>, fond\u00e9e sur une \u00e9tude scientifique ext\u00e9rieure \u00e0 la collectivit\u00e9, et donc je pense que l\u2019on peut lui donner un cr\u00e9dit, notamment un caract\u00e8re non politique au sens de politicien\u00a0\u00bb.<\/p>\n<p class=\" wall-content\">Suivez toute l\u2019actualit\u00e9 de vos villes et m\u00e9dias favoris en vous inscrivant \u00e0 <a href=\"https:\/\/moncompte.actu.fr\" title=\"D\u00e9couvez Mon Actu\" rel=\"nofollow noopener\" data-trk=\"{&quot;cta&quot;:{&quot;action&quot;:&quot;https:\\\/\\\/moncompte.actu.fr&quot;,&quot;category&quot;:&quot;mon compte&quot;,&quot;from&quot;:&quot;article footer&quot;,&quot;name&quot;:&quot;Mon actu&quot;,&quot;type&quot;:&quot;cta&quot;}}\" target=\"_blank\">Mon Actu<\/a>.<\/p>\n<ul class=\"ac-article-tag wall-content\">\n<li><a href=\"https:\/\/actu.fr\/tag\/capitole\" data-trk=\"{&quot;cta&quot;:{&quot;action&quot;:&quot;Capitole&quot;,&quot;category&quot;:&quot;tag&quot;,&quot;from&quot;:&quot;article footer&quot;,&quot;name&quot;:&quot;Capitole&quot;,&quot;type&quot;:&quot;cta&quot;}}\" target=\"_blank\" rel=\"noopener\">#Capitole<\/a><\/li>\n<li><a href=\"https:\/\/actu.fr\/tag\/rechauffement-climatique\" data-trk=\"{&quot;cta&quot;:{&quot;action&quot;:&quot;R\\u00e9chauffement climatique&quot;,&quot;category&quot;:&quot;tag&quot;,&quot;from&quot;:&quot;article footer&quot;,&quot;name&quot;:&quot;R\\u00e9chauffement climatique&quot;,&quot;type&quot;:&quot;cta&quot;}}\" target=\"_blank\" rel=\"noopener\">#R\u00e9chauffement climatique<\/a><\/li>\n<\/ul>\n","protected":false},"excerpt":{"rendered":"Par Gabriel Kenedi Publi\u00e9 le 22 juin 2025 \u00e0 12h08 \u00ab\u00a0Exercice de communication\u00a0\u00bb, \u00ab\u00a0document de propagande \u00e9lectorale\u00a0\u00bb ou&hellip;\n","protected":false},"author":2,"featured_media":195656,"comment_status":"","ping_status":"","sticky":false,"template":"","format":"standard","meta":{"footnotes":""},"categories":[2816],"tags":[1111,11,4519,1777,674,1011,27,12,2680,316,5140,25,2312],"class_list":{"0":"post-195655","1":"post","2":"type-post","3":"status-publish","4":"format-standard","5":"has-post-thumbnail","7":"category-toulouse","8":"tag-actu","9":"tag-actualites","10":"tag-capitole","11":"tag-eu","12":"tag-europe","13":"tag-fr","14":"tag-france","15":"tag-news","16":"tag-occitanie","17":"tag-politique","18":"tag-rechauffement-climatique","19":"tag-republique-francaise","20":"tag-toulouse"},"share_on_mastodon":{"url":"https:\/\/pubeurope.com\/@fr\/114726623530934232","error":""},"_links":{"self":[{"href":"https:\/\/www.europesays.com\/fr\/wp-json\/wp\/v2\/posts\/195655","targetHints":{"allow":["GET"]}}],"collection":[{"href":"https:\/\/www.europesays.com\/fr\/wp-json\/wp\/v2\/posts"}],"about":[{"href":"https:\/\/www.europesays.com\/fr\/wp-json\/wp\/v2\/types\/post"}],"author":[{"embeddable":true,"href":"https:\/\/www.europesays.com\/fr\/wp-json\/wp\/v2\/users\/2"}],"replies":[{"embeddable":true,"href":"https:\/\/www.europesays.com\/fr\/wp-json\/wp\/v2\/comments?post=195655"}],"version-history":[{"count":0,"href":"https:\/\/www.europesays.com\/fr\/wp-json\/wp\/v2\/posts\/195655\/revisions"}],"wp:featuredmedia":[{"embeddable":true,"href":"https:\/\/www.europesays.com\/fr\/wp-json\/wp\/v2\/media\/195656"}],"wp:attachment":[{"href":"https:\/\/www.europesays.com\/fr\/wp-json\/wp\/v2\/media?parent=195655"}],"wp:term":[{"taxonomy":"category","embeddable":true,"href":"https:\/\/www.europesays.com\/fr\/wp-json\/wp\/v2\/categories?post=195655"},{"taxonomy":"post_tag","embeddable":true,"href":"https:\/\/www.europesays.com\/fr\/wp-json\/wp\/v2\/tags?post=195655"}],"curies":[{"name":"wp","href":"https:\/\/api.w.org\/{rel}","templated":true}]}}