{"id":195657,"date":"2025-06-22T10:48:19","date_gmt":"2025-06-22T10:48:19","guid":{"rendered":"https:\/\/www.europesays.com\/fr\/195657\/"},"modified":"2025-06-22T10:48:19","modified_gmt":"2025-06-22T10:48:19","slug":"toulouse-les-bonnes-adresses-de-jeremie-moles-patron-des-restaurants-ephemeres-turbine-et-brasa","status":"publish","type":"post","link":"https:\/\/www.europesays.com\/fr\/195657\/","title":{"rendered":"Toulouse. Les bonnes adresses de J\u00e9r\u00e9mie Moles, patron des restaurants \u00e9ph\u00e9m\u00e8res Turbine et Brasa"},"content":{"rendered":"<p>            Par<br \/>\n        <strong><br \/>\n            <a href=\"https:\/\/actu.fr\/auteur\/nina-hossein-zadeh\" title=\"Consulter tous les articles de Nina Hossein-Zadeh\" rel=\"nofollow noopener\" target=\"_blank\">Nina Hossein-Zadeh<\/a><br \/>\n        <\/strong><\/p>\n<p>        Publi\u00e9 le<\/p>\n<p>            22 juin 2025 \u00e0 12h42        <\/p>\n<p>Comme tout bon Toulousain qui se respecte, <strong>J\u00e9r\u00e9mie Moles<\/strong> a fait ses armes \u00e0 Toulouse sur les terrains de rugby. Demi de m\u00eal\u00e9e pour le Blagnac sporting club rugby, il a entam\u00e9 sa reconversion. D\u00e9sormais patron des restaurants \u00e9ph\u00e9m\u00e8res<strong> Turbine<\/strong> \u00e0 l\u2019espace Bazacle EDF et <strong>Brasa<\/strong> au ch\u00e2teau de la Th\u00e9gra \u00e0 Balma, ses deux enseignes ont (re)ouvert courant mai pour la saison estivale 2025.<\/p>\n<p>Brasa, une adresse conviviale et champ\u00eatre<\/p>\n<p class=\" wall-content\">Dans un \u00e9crin de verdure, J\u00e9r\u00e9mie Moles se lance dans un tout nouveau projet. Apr\u00e8s avoir repris l\u2019ancienne guinguette Flonflon, connue pour ses brunchs, il profite du cadre champ\u00eatre pour lancer Brasa, ouvert depuis le 16 mai 2025.<\/p>\n<p class=\" wall-content\">\u00ab\u00a0Ici, c\u2019est un lieu de s\u00e9r\u00e9nit\u00e9 et d\u2019apaisement. On entend la nature et j\u2019y retrouve aussi les odeurs et les bruits de la ferme de ma grand-m\u00e8re qui \u00e9tait agricultrice.\u00a0\u00bb Pour rendre hommage \u00e0 ce lieu, J\u00e9r\u00e9mie Moles et ses associ\u00e9s, dont<strong> Sebastien Ochoa<\/strong> ont mis\u00e9 sur une adresses conviviales o\u00f9 <strong>se retrouver autour d\u2019un brasero.<\/strong><\/p>\n<p class=\" wall-content\">Install\u00e9 sous une pergola, \u00e0 la vue des clients, c\u00f4te de boeuf, poulet paillard ou encore pluma de porc ib\u00e9rique, vont griller doucement mais surement durant tout l\u2019\u00e9t\u00e9.<strong> \u00ab\u2009On veut que les gens puissent le voir, le sentir mais aussi l\u2019entendre\u2009\u00bb<\/strong>, s\u2019\u00e9merveille J\u00e9r\u00e9mie Moles.<\/p>\n<p class=\" wall-content\">Les clients vont aussi profiter de plats plus traditionnels comme le p\u00e2t\u00e9 en cro\u00fbte Richelieu ou le tartare de boeuf \u00e0 la fran\u00e7aise. On tente aussi la d\u00e9couverte avec l\u2019aguachile au riz coco, gambas nacr\u00e9es et mangue ou encore la brochette kefta.<\/p>\n<p>Turbine et sa vue imprenable sur la Garonne<\/p>\n<p class=\" wall-content\">Si Brasa s\u00e8me un vent de nouveaut\u00e9, J\u00e9r\u00e9mie Moles n\u2019,a pour autant, pas abandonn\u00e9 l\u2019une des adresses les plus en vues de Toulouse en \u00e9t\u00e9 : <strong>Turbine, le restaurant \u00e9ph\u00e9m\u00e8re des bords de Garonne avec une vue imprenable.\u00a0<\/strong><\/p>\n<p>Vid\u00e9os : en ce moment sur Actu<\/p>\n<p class=\" wall-content\">Pour la quatri\u00e8me ann\u00e9e cons\u00e9cutive, cette adresse de l\u2019espace Bazacle a rouvert le 24 mai 2025. <strong>Midi et soir<\/strong>, les Toulousains peuvent venir profiter du lieu pour siroter un cocktail et profiter des plats travaill\u00e9s.\u00a0<\/p>\n<p class=\" wall-content\">Tatin d\u2019oignon doux, tarama de homard, salades fra\u00eeches ou encore poulpe entier smash\u00e9, il y en a pour tous les go\u00fbts dans cette toute nouvelle carte.\u00a0<\/p>\n<p class=\" wall-content\">En attendant de vous retrouver sur place, J\u00e9r\u00e9mie Moles nous livre ses bonnes adresses \u00e0 Toulouse !<\/p>\n<p>#1 Un restaurant :\u00a0<\/p>\n<p class=\" wall-content\">Non deux ?!<strong> Le bistrot d\u2019Hercule<\/strong>, j\u2019aime allez voir Xavier, c\u2019est un vrai restaurant de quartier, c\u2019est toujours bon, \u00e7a rigole, \u00e7a chambre, tout ce que j\u2019aime. Dans un autre registre, je viens de d\u00e9couvrir<strong> Pellestor Veyrier <\/strong>\u00e0 Colomiers, \u00e9tablissement d\u2019exception, sa cuisine est juste, les go\u00fbts sont francs et font ressentir la sinc\u00e9rit\u00e9 et la chaleur du personnage.<\/p>\n<p>    <img   decoding=\"async\" loading=\"lazy\" src=\"https:\/\/www.europesays.com\/fr\/wp-content\/uploads\/2025\/06\/restaurant-colomiers-gastronomie-960x640.png\" alt=\"L'ancien restaurant de Yannick Delpech, relook\u00e9.\" width=\"960\" height=\"640\"\/><br \/>\n    Le restaurant Pellestor Veyrier, dirig\u00e9 par le chef Quentin Pellestor-Veyrier, est situ\u00e9 \u00e0 Colomiers. (\u00a9agenceverri)#2 Une balade :\u00a0<\/p>\n<p class=\" wall-content\">Un soir d\u2019\u00e9t\u00e9 quand la journ\u00e9e a \u00e9t\u00e9 tr\u00e8s chaude, pour chercher un peu de fra\u00eecheur, on se balade<strong> sur les bords de Garonne<\/strong> jusqu\u2019\u00e0 la prairie des filtres, et l\u00e0 j\u2019admire mes enfants, j\u2019essaie de me convaincre que ne ce sont pas forc\u00e9ment les plus beaux mais je n\u2019y arrive pas.<\/p>\n<p>    <img   decoding=\"async\" loading=\"lazy\" src=\"https:\/\/www.europesays.com\/fr\/wp-content\/uploads\/2025\/06\/soleil-quai-garonne-toulouse-lf-960x640.jpg\" alt=\"La journ\u00e9e s'annonce plut\u00f4t belle \u00e0 Toulouse, ce mercredi 12 juin 2024.\" width=\"960\" height=\"640\"\/><br \/>\n    Les quais de la Garonne et sa prairie des filtres \u00e0 gauche. (\u00a9Actu.fr\/L.F.)#3 Un lieu culturel :\u00a0<\/p>\n<p class=\" wall-content\"><strong>Chez Tonton<\/strong>, haut lieu de la culture toulousaine\u2026 Les traditions c\u2019est important !<\/p>\n<p>    <img   decoding=\"async\" loading=\"lazy\" src=\"https:\/\/www.europesays.com\/fr\/wp-content\/uploads\/2025\/06\/chez-tonton-place-saint-pierre-actu-toulouse-960x640-1-960x640.jpg\" alt=\"Le mythique ba de la place Saint-Pierre, Chez Tonton, ouvre une guinguette les jours des matchs du Toulouse FC.\" width=\"960\" height=\"640\"\/><br \/>\n    Le mythique bar de la place Saint-Pierre, Chez Tonton. (\u00a9Archives Actu Toulouse\/ David Saint-Sernin)#4 Un quartier :\u00a0<\/p>\n<p class=\" wall-content\"><strong>Saint-Cyprien<\/strong> parce que j\u2019y ai mes rep\u00e8res : son march\u00e9 couvert, la proximit\u00e9 avec la Garonne, ses art\u00e8res populaires et mon coup de c\u0153ur pour la place de l\u2019estrapade.<\/p>\n<p>    <img   decoding=\"async\" loading=\"lazy\" src=\"https:\/\/www.europesays.com\/fr\/wp-content\/uploads\/2025\/06\/nocturne-saint-cyprien-toulouse-censored-960x640.jpg\" alt=\"Pour \u00e9viter l'inconfort de la masse, les Nocturnes du march\u00e9 Saint-Cyprien sont r\u00e9duite \u00e0 une jauge de 3 000 personnes. C'est la plus petite de Toulouse.\" width=\"960\" height=\"640\"\/><br \/>\n    Le march\u00e9 de Saint-Cyprien se d\u00e9ploie aussi en nocturne en \u00e9t\u00e9. (\u00a9Mar\u00e9va Laville \/ Actu Toulouse)#5 Une destination pour un week-end :\u00a0<\/p>\n<p class=\" wall-content\"><strong>Bidart<\/strong> au pays basque, j\u2019en suis tomb\u00e9 amoureux. L\u2019auberge Koskenia sur la place du village est un endroit fabuleux\u2026<\/p>\n<p>    <img   decoding=\"async\" loading=\"lazy\" src=\"https:\/\/www.europesays.com\/fr\/wp-content\/uploads\/2025\/06\/img-20201121-123117-resized-20201122-111949040-960x640.jpg\" alt=\"Les plages de Bidart depuis la Chapelle de la madeleine.\" width=\"960\" height=\"640\"\/><br \/>\n    Les plages de Bidart depuis la Chapelle de la madeleine. (\u00a9Actu Pays Basque)<\/p>\n<p class=\" wall-content\">Suivez toute l\u2019actualit\u00e9 de vos villes et m\u00e9dias favoris en vous inscrivant \u00e0 <a href=\"https:\/\/moncompte.actu.fr\" title=\"D\u00e9couvez Mon Actu\" rel=\"nofollow noopener\" data-trk=\"{&quot;cta&quot;:{&quot;action&quot;:&quot;https:\\\/\\\/moncompte.actu.fr&quot;,&quot;category&quot;:&quot;mon compte&quot;,&quot;from&quot;:&quot;article footer&quot;,&quot;name&quot;:&quot;Mon actu&quot;,&quot;type&quot;:&quot;cta&quot;}}\" target=\"_blank\">Mon Actu<\/a>.<\/p>\n","protected":false},"excerpt":{"rendered":"Par Nina Hossein-Zadeh Publi\u00e9 le 22 juin 2025 \u00e0 12h42 Comme tout bon Toulousain qui se respecte, J\u00e9r\u00e9mie&hellip;\n","protected":false},"author":2,"featured_media":195658,"comment_status":"","ping_status":"","sticky":false,"template":"","format":"standard","meta":{"footnotes":""},"categories":[2816],"tags":[1111,11,1777,674,1011,27,12,2680,25,104,1341,2312],"class_list":{"0":"post-195657","1":"post","2":"type-post","3":"status-publish","4":"format-standard","5":"has-post-thumbnail","7":"category-toulouse","8":"tag-actu","9":"tag-actualites","10":"tag-eu","11":"tag-europe","12":"tag-fr","13":"tag-france","14":"tag-news","15":"tag-occitanie","16":"tag-republique-francaise","17":"tag-societe","18":"tag-sortir-a-toulouse","19":"tag-toulouse"},"share_on_mastodon":{"url":"https:\/\/pubeurope.com\/@fr\/114726627487290874","error":""},"_links":{"self":[{"href":"https:\/\/www.europesays.com\/fr\/wp-json\/wp\/v2\/posts\/195657","targetHints":{"allow":["GET"]}}],"collection":[{"href":"https:\/\/www.europesays.com\/fr\/wp-json\/wp\/v2\/posts"}],"about":[{"href":"https:\/\/www.europesays.com\/fr\/wp-json\/wp\/v2\/types\/post"}],"author":[{"embeddable":true,"href":"https:\/\/www.europesays.com\/fr\/wp-json\/wp\/v2\/users\/2"}],"replies":[{"embeddable":true,"href":"https:\/\/www.europesays.com\/fr\/wp-json\/wp\/v2\/comments?post=195657"}],"version-history":[{"count":0,"href":"https:\/\/www.europesays.com\/fr\/wp-json\/wp\/v2\/posts\/195657\/revisions"}],"wp:featuredmedia":[{"embeddable":true,"href":"https:\/\/www.europesays.com\/fr\/wp-json\/wp\/v2\/media\/195658"}],"wp:attachment":[{"href":"https:\/\/www.europesays.com\/fr\/wp-json\/wp\/v2\/media?parent=195657"}],"wp:term":[{"taxonomy":"category","embeddable":true,"href":"https:\/\/www.europesays.com\/fr\/wp-json\/wp\/v2\/categories?post=195657"},{"taxonomy":"post_tag","embeddable":true,"href":"https:\/\/www.europesays.com\/fr\/wp-json\/wp\/v2\/tags?post=195657"}],"curies":[{"name":"wp","href":"https:\/\/api.w.org\/{rel}","templated":true}]}}