{"id":195661,"date":"2025-06-22T10:50:10","date_gmt":"2025-06-22T10:50:10","guid":{"rendered":"https:\/\/www.europesays.com\/fr\/195661\/"},"modified":"2025-06-22T10:50:10","modified_gmt":"2025-06-22T10:50:10","slug":"le-meilleur-jour-de-ma-vie-pierre-garnier-a-rejoint-ed-sheeran-sur-scene-a-lille","status":"publish","type":"post","link":"https:\/\/www.europesays.com\/fr\/195661\/","title":{"rendered":"\u00ab\u00a0Le meilleur jour de ma vie\u00a0\u00bb\u00a0: Pierre Garnier a rejoint Ed Sheeran sur sc\u00e8ne \u00e0 Lille"},"content":{"rendered":"<p class=\"paragraph text_align_left lp-f-body-02\">Les fans s\u2019en souviendront longtemps. Ce samedi soir, lors de son concert au Stade Pierre-Mauroy de <a href=\"https:\/\/www.leparisien.fr\/nord-59\/on-na-aucun-repit-serrage-de-vis-contre-les-nuisances-et-linsecurite-dans-le-vieux-lille-23-05-2025-DSYRCFGZXNCKXJ3EV5WYMZDBYY.php\" target=\"_blank\" rel=\"noreferrer nofollow noopener\">Lille<\/a> (Nord), <a href=\"https:\/\/www.leparisien.fr\/culture-loisirs\/musique\/ed-sheeran-en-concert-au-stade-velodrome-a-marseille-duo-avec-soprano-drapeau-tricolore-et-public-en-folie-07-06-2025-2QHFRCGSMBBBRAH3JHQRVEVGJE.php\" target=\"_blank\" rel=\"noreferrer nofollow noopener\">Ed Sheeran<\/a>, actuellement en tourn\u00e9e europ\u00e9enne, a fait monter Pierre Garnier sur sc\u00e8ne. Le chanteur anglais et le gagnant de l\u2019\u00e9dition 2023 de la \u00ab <a href=\"https:\/\/www.leparisien.fr\/culture-loisirs\/tv\/star-academy\/\" target=\"_blank\" rel=\"noreferrer nofollow noopener\">Star Academy<\/a> \u00bb sur TF 1 ont repris ensemble \u00ab Ceux qu\u2019on \u00e9tait \u00bb, en version acoustique, devant 66 000 fans conquis.<\/p>\n<p class=\"paragraph text_align_left lp-f-body-02\">\u00ab Vraiment le meilleur jour de ma vie, c\u2019\u00e9tait fou \u00bb, a comment\u00e9 Pierre Garnier sur Instagram, apr\u00e8s avoir repost\u00e9 la vid\u00e9o de leur duo. \u00c0 l\u2019image, son sourire \u00e0 la fois \u00e9merveill\u00e9 et presque incr\u00e9dule parle pour lui. Il y a fort \u00e0 parier que ce moment hallucinant va galvaniser celui qui remplira le z\u00e9nith de Paris ce dimanche.<\/p>\n<p class=\"paragraph text_align_left lp-f-body-02\">L\u2019ancien du t\u00e9l\u00e9-crochet de la Une, pr\u00e9sent \u00e0 Lille d\u00e8s vendredi pour participer au concert de la promo 2025 de la \u00ab Star Ac \u00bb capt\u00e9 au Zenith Arena pour TF 1, avait depuis longtemps signifi\u00e9 son admiration pour l\u2019artiste britannique de 34 ans. \u00ab C\u2019est mon idole, assurait-il en d\u00e9cembre dernier, alors qu\u2019il \u00e9tait invit\u00e9 dans l\u2019\u00e9mission \u00ab C \u00e0 vous \u00bb, sur France 5. Il fait tout tout seul. Il \u00e9crit, il compose, il fait ses concerts aussi tout seul. C\u2019est quelqu\u2019un d\u2019extraordinaire qui a l\u2019air de rester simple et c\u2019est \u00e7a que j\u2019aime aussi. \u00bb<\/p>\n<p>\u00ab Il a une superbe voix \u00bb<\/p>\n<p class=\"paragraph text_align_left lp-f-body-02\">Sur NRJ, Ed Sheeran avait de son c\u00f4t\u00e9 r\u00e9cemment gliss\u00e9 qu\u2019ils \u00e9taient \u00ab en contact \u00bb. \u00ab Il a une superbe voix \u00bb, admirait-il, avant d\u2019affirmer qu\u2019il aimerait partager la sc\u00e8ne avec Pierre Garnier. Ce samedi, il a encore salu\u00e9 le talent de l\u2019artiste fran\u00e7ais, avec qui il a pass\u00e9 du temps avant le spectacle et dont il parle comme d\u2019un \u00ab mec si charmant \u00bb.<\/p>\n<p class=\"paragraph text_align_left lp-f-body-02\">L\u2019interpr\u00e8te de \u00ab Thinking out loud \u00bb, \u00ab Perfect \u00bb et \u00ab Shape of you \u00bb a l\u2019habitude de s\u2019entourer de chanteurs \u00ab locaux \u00bb, dans les villes o\u00f9 il se produit. D\u00e9but juin, c\u2019est Soprano qui le rejoignait au stade V\u00e9lodrome de Marseille (Bouches-du-Rh\u00f4ne)\u2026 apr\u00e8s une improbable partie de p\u00e9tanque !<\/p>\n","protected":false},"excerpt":{"rendered":"Les fans s\u2019en souviendront longtemps. Ce samedi soir, lors de son concert au Stade Pierre-Mauroy de Lille (Nord),&hellip;\n","protected":false},"author":2,"featured_media":195662,"comment_status":"","ping_status":"","sticky":false,"template":"","format":"standard","meta":{"footnotes":""},"categories":[2815],"tags":[1111,11,872,459,1777,674,1011,27,811,1307,873,12,25],"class_list":{"0":"post-195661","1":"post","2":"type-post","3":"status-publish","4":"format-standard","5":"has-post-thumbnail","7":"category-lille","8":"tag-actu","9":"tag-actualites","10":"tag-culture-et-loisirs","11":"tag-departements-horsidfo","12":"tag-eu","13":"tag-europe","14":"tag-fr","15":"tag-france","16":"tag-hauts-de-france","17":"tag-lille","18":"tag-musique","19":"tag-news","20":"tag-republique-francaise"},"share_on_mastodon":{"url":"https:\/\/pubeurope.com\/@fr\/114726634991265645","error":""},"_links":{"self":[{"href":"https:\/\/www.europesays.com\/fr\/wp-json\/wp\/v2\/posts\/195661","targetHints":{"allow":["GET"]}}],"collection":[{"href":"https:\/\/www.europesays.com\/fr\/wp-json\/wp\/v2\/posts"}],"about":[{"href":"https:\/\/www.europesays.com\/fr\/wp-json\/wp\/v2\/types\/post"}],"author":[{"embeddable":true,"href":"https:\/\/www.europesays.com\/fr\/wp-json\/wp\/v2\/users\/2"}],"replies":[{"embeddable":true,"href":"https:\/\/www.europesays.com\/fr\/wp-json\/wp\/v2\/comments?post=195661"}],"version-history":[{"count":0,"href":"https:\/\/www.europesays.com\/fr\/wp-json\/wp\/v2\/posts\/195661\/revisions"}],"wp:featuredmedia":[{"embeddable":true,"href":"https:\/\/www.europesays.com\/fr\/wp-json\/wp\/v2\/media\/195662"}],"wp:attachment":[{"href":"https:\/\/www.europesays.com\/fr\/wp-json\/wp\/v2\/media?parent=195661"}],"wp:term":[{"taxonomy":"category","embeddable":true,"href":"https:\/\/www.europesays.com\/fr\/wp-json\/wp\/v2\/categories?post=195661"},{"taxonomy":"post_tag","embeddable":true,"href":"https:\/\/www.europesays.com\/fr\/wp-json\/wp\/v2\/tags?post=195661"}],"curies":[{"name":"wp","href":"https:\/\/api.w.org\/{rel}","templated":true}]}}