{"id":195667,"date":"2025-06-22T10:53:13","date_gmt":"2025-06-22T10:53:13","guid":{"rendered":"https:\/\/www.europesays.com\/fr\/195667\/"},"modified":"2025-06-22T10:53:13","modified_gmt":"2025-06-22T10:53:13","slug":"les-seances-de-cinema-en-plein-air-a-ne-pas-manquer-a-lyon-et-ses-alentours","status":"publish","type":"post","link":"https:\/\/www.europesays.com\/fr\/195667\/","title":{"rendered":"les s\u00e9ances de cin\u00e9ma en plein air \u00e0 ne pas manquer \u00e0 Lyon et ses alentours"},"content":{"rendered":"<p>  Mise en lumi\u00e8re du 8e arrondissement<\/p>\n<p>Comment parler cin\u00e9ma \u00e0 Lyon sans citer l\u2019Institut Lumi\u00e8re\u00a0? Comme chaque ann\u00e9e depuis plus de 20 ans, \u00ab\u00a0L\u2019\u00e9t\u00e9 en cin\u00e9mascope\u00a0\u00bb est de retour et s\u2019installe dans le 8 e arrondissement, place Ambroise-Courtois. Cette ann\u00e9e, huit projections gratuites auront lieu tout au long de l\u2019\u00e9t\u00e9. Au programme, Little Miss Sunshine , Le gar\u00e7on et la b\u00eate ou encore Alabama Monroe.\u00a0Attention cependant \u00e0 venir t\u00f4t et \u00e9quip\u00e9s d\u2019assises et coussins en tout genre, car ce rendez-vous estival gratuit \u00e0 toujours du succ\u00e8s.<\/p>\n<p class=\"note\">Du 24\u00a0juin au 26\u00a0ao\u00fbt 2025. Place Ambroise-Courtois, 69008 Lyon. Gratuit. Films \u00e9trangers pr\u00e9sent\u00e9s en VOSTFR. Programmation et horaires\u00a0: <a href=\"https:\/\/www.institut-lumiere.org\/ete-en-cinemascope-2025\" target=\"_blank\" rel=\"nofollow noopener\">www.institut-lumiere.org\/ete-en-cinemascope-2025.<\/a><\/p>\n<p>  Long m\u00e9trage \u00e0 l\u2019ombre des platanes<\/p>\n<p>Plus intimiste, une association du 5 e arrondissement \u00ab\u00a0Le Cercle Saint-Ir\u00e9n\u00e9e\u00a0\u00bb organise son \u00ab\u00a0Cin\u00e9 sous les platanes\u00a0\u00bb, et il y en a pour tous les go\u00fbts\u00a0: Mon voisin Totoro , Furiosa.  En prime, la s\u00e9ance est gratuite pour les enfants et les adh\u00e9rents de l\u2019association. Si vous n\u2019\u00eates ni l\u2019un ni l\u2019autre, il vous faudra d\u00e9bourser 4\u00a0euros.<\/p>\n<p class=\"note\">32 rue des Anges, 69005 Lyon. Le 27\u00a0juin, puis les 4, 11 et 18\u00a0juillet. 21\u00a0h\u00a030. Gratuit \u00e0 4\u00a0\u20ac.<\/p>\n<p>  L\u2019Allemagne s\u2019invite avec le festival Sommerkino\u00a0!<\/p>\n<p>Le parvis de la basilique d\u2019Ainay accueille le festival du film allemand en plein air \u00ab\u00a0Sommerkino\u00a0!\u00a0\u00bb. Organis\u00e9 par le Goethe Institut Lyon et ses partenaires, ce sont quatre soir\u00e9es de projection en VOSTFR qui animeront le deuxi\u00e8me arrondissement \u00e0 compter du 3\u00a0juillet. Au programme, la com\u00e9die La Belle affaire (Zwein zu eins) de N. Brunckhorst ou encore Franky Five Stars de B.M\u00f6ller.<\/p>\n<p class=\"note\">Place d\u2019Ainay, 69002 Lyon. Du 3 au 6\u00a0juillet. S\u00e9ances \u00e0 23\u00a0h\u00a030. D\u00e8s 12 ans. Gratuit. <a href=\"https:\/\/www.lyon.fr\/evenement\/cinema\/sommerkino-0\" target=\"_blank\" rel=\"nofollow noopener\">www.lyon.fr\/evenement\/cinema\/sommerkino-0.<\/a><\/p>\n<p>  Cin\u00e9 cheval \u00e0 l\u2019Hippodrome<\/p>\n<p>Samedi 28\u00a0juin, <a href=\"https:\/\/www.leprogres.fr\/societe\/2025\/05\/01\/l-hippodrome-de-lyon-parilly-fete-ses-60-ans\" target=\"_blank\" rel=\"nofollow noopener\">l\u2019Hippodrome de Lyon-Parilly<\/a> m\u00e9lange courses et cin\u00e9ma. Apr\u00e8s avoir suivi les courses de plat, le film Temp\u00eate , avec M\u00e9lanie Laurent et Pio Marma\u00ef sera diffus\u00e9 sur la pelouse du terrain de cross.<\/p>\n<p class=\"note\">4-6 avenue Mend\u00e8s-France, 69500 Bron. 28\u00a0juin de 16\u00a0h\u00a030 \u00e0 00\u00a0h. De 3,50\u00a0\u20ac \u00e0 8,50\u00a0\u20ac. Gratuit pour les enfants, personnes \u00e0 mobilit\u00e9 r\u00e9duites et licenci\u00e9s FFE. R\u00e9servations\u00a0: <a href=\"https:\/\/www.leshippodromesdelyon.fr\/courses\/28-06-2025\/\" target=\"_blank\" rel=\"nofollow noopener\">www.leshippodromesdelyon.fr\/courses\/28-06-2025.<\/a><\/p>\n<p>  Programme familial \u00e0 Saint-Genis-Laval<\/p>\n<p>D\u00e8s la fin d\u2019apr\u00e8s-midi, des animations comme du basket ou des lectures sous parasol invitent \u00e0 passer du bon temps avant les projections de films familiaux\u00a0: Moi, moche et m\u00e9chant 4 , Le gar\u00e7on et le h\u00e9ron ou encore Wonka. En tout, ce seront six soir\u00e9es qui seront plac\u00e9es sous le signe de la convivialit\u00e9.<\/p>\n<p class=\"note\">69 Rue des Collonges, 69230 Saint-Genis-Laval. Du 10\u00a0juillet au 21\u00a0ao\u00fbt. Gratuit. D\u00e8s 17\u00a0h\u00a030. <a href=\"https:\/\/www.saintgenislaval.fr\/actualites-agenda\/les-jeudis-de-lete\" target=\"_blank\" rel=\"nofollow noopener\">www.saintgenislaval.fr\/actualites-agenda\/les-jeudis-de-lete.<\/a><\/p>\n","protected":false},"excerpt":{"rendered":"Mise en lumi\u00e8re du 8e arrondissement Comment parler cin\u00e9ma \u00e0 Lyon sans citer l\u2019Institut Lumi\u00e8re\u00a0? Comme chaque ann\u00e9e&hellip;\n","protected":false},"author":2,"featured_media":195668,"comment_status":"","ping_status":"","sticky":false,"template":"","format":"standard","meta":{"footnotes":""},"categories":[1889],"tags":[1111,11,2430,9492,650,1687,2757,1777,674,1011,27,2428,12497,12,4043,25,2429,5151,953],"class_list":{"0":"post-195667","1":"post","2":"type-post","3":"status-publish","4":"format-standard","5":"has-post-thumbnail","7":"category-lyon","8":"tag-actu","9":"tag-actualites","10":"tag-auvergne-rhone-alpes","11":"tag-bron","12":"tag-cinema","13":"tag-culture-loisirs","14":"tag-edition-lyon-villeurbanne","15":"tag-eu","16":"tag-europe","17":"tag-fr","18":"tag-france","19":"tag-lyon","20":"tag-meyzieu","21":"tag-news","22":"tag-repas-et-the-dansant","23":"tag-republique-francaise","24":"tag-rhone","25":"tag-saint-genis-laval","26":"tag-soiree"},"share_on_mastodon":{"url":"https:\/\/pubeurope.com\/@fr\/114726646821945326","error":""},"_links":{"self":[{"href":"https:\/\/www.europesays.com\/fr\/wp-json\/wp\/v2\/posts\/195667","targetHints":{"allow":["GET"]}}],"collection":[{"href":"https:\/\/www.europesays.com\/fr\/wp-json\/wp\/v2\/posts"}],"about":[{"href":"https:\/\/www.europesays.com\/fr\/wp-json\/wp\/v2\/types\/post"}],"author":[{"embeddable":true,"href":"https:\/\/www.europesays.com\/fr\/wp-json\/wp\/v2\/users\/2"}],"replies":[{"embeddable":true,"href":"https:\/\/www.europesays.com\/fr\/wp-json\/wp\/v2\/comments?post=195667"}],"version-history":[{"count":0,"href":"https:\/\/www.europesays.com\/fr\/wp-json\/wp\/v2\/posts\/195667\/revisions"}],"wp:featuredmedia":[{"embeddable":true,"href":"https:\/\/www.europesays.com\/fr\/wp-json\/wp\/v2\/media\/195668"}],"wp:attachment":[{"href":"https:\/\/www.europesays.com\/fr\/wp-json\/wp\/v2\/media?parent=195667"}],"wp:term":[{"taxonomy":"category","embeddable":true,"href":"https:\/\/www.europesays.com\/fr\/wp-json\/wp\/v2\/categories?post=195667"},{"taxonomy":"post_tag","embeddable":true,"href":"https:\/\/www.europesays.com\/fr\/wp-json\/wp\/v2\/tags?post=195667"}],"curies":[{"name":"wp","href":"https:\/\/api.w.org\/{rel}","templated":true}]}}