{"id":195669,"date":"2025-06-22T10:54:10","date_gmt":"2025-06-22T10:54:10","guid":{"rendered":"https:\/\/www.europesays.com\/fr\/195669\/"},"modified":"2025-06-22T10:54:10","modified_gmt":"2025-06-22T10:54:10","slug":"rhone-aston-martin-lyon-veut-faire-un-bond","status":"publish","type":"post","link":"https:\/\/www.europesays.com\/fr\/195669\/","title":{"rendered":"Rh\u00f4ne. Aston Martin Lyon veut faire un bond"},"content":{"rendered":"<p>Dans les coulisses d\u2019Aston Martin Lyon implant\u00e9 avenue Foch \u00e0 Lyon 6 e se cache, selon les Wings Awards de la marque britannique, le Meilleur concessionnaire de l\u2019ann\u00e9e en Europe pour le service apr\u00e8s-vente. Une vraie distinction -qui s\u2019appuie sur la satisfaction clients- lorsque l\u2019on sait qu\u2019Aston Martin a pour coutume de pousser le luxe \u00e0 son paroxysme.<\/p>\n<p>Une des cl\u00e9s de vo\u00fbte de cette r\u00e9ussite, c\u2019est David Pinto, le chef d\u2019atelier d\u2019Aston Martin Lyon, qui a op\u00e9r\u00e9 sur des centaines d\u2019Aston Martin depuis pr\u00e8s de dix-huit ans. Un h\u00e9ritage qu\u2019il transmet aujourd\u2019hui \u00e0 son \u00e9quipe de trois collaborateurs dont son chef m\u00e9canicien Marco Ribeiro.<\/p>\n<p>Trois voitures prises en charge par jour<\/p>\n<p>Aston Martin Lyon ne g\u00e8re que trois voitures par jour. Objectif\u00a0: ne rien trahir des&#8230;<\/p>\n","protected":false},"excerpt":{"rendered":"Dans les coulisses d\u2019Aston Martin Lyon implant\u00e9 avenue Foch \u00e0 Lyon 6 e se cache, selon les Wings&hellip;\n","protected":false},"author":2,"featured_media":195670,"comment_status":"","ping_status":"","sticky":false,"template":"","format":"standard","meta":{"footnotes":""},"categories":[1889],"tags":[1111,11,646,2430,4406,130,33,2757,1777,674,3183,1011,27,693,5015,2428,2756,12,2922,25,2429,602,216],"class_list":{"0":"post-195669","1":"post","2":"type-post","3":"status-publish","4":"format-standard","5":"has-post-thumbnail","7":"category-lyon","8":"tag-actu","9":"tag-actualites","10":"tag-automobile","11":"tag-auvergne-rhone-alpes","12":"tag-commerce-et-services","13":"tag-consommation","14":"tag-economie","15":"tag-edition-lyon-villeurbanne","16":"tag-eu","17":"tag-europe","18":"tag-finance-et-fiscalite","19":"tag-fr","20":"tag-france","21":"tag-industrie","22":"tag-innovation-et-start-up","23":"tag-lyon","24":"tag-lyon-bassin","25":"tag-news","26":"tag-pouvoir-dachat","27":"tag-republique-francaise","28":"tag-rhone","29":"tag-tourisme","30":"tag-vie-des-entreprises"},"share_on_mastodon":{"url":"https:\/\/pubeurope.com\/@fr\/114726650717230265","error":""},"_links":{"self":[{"href":"https:\/\/www.europesays.com\/fr\/wp-json\/wp\/v2\/posts\/195669","targetHints":{"allow":["GET"]}}],"collection":[{"href":"https:\/\/www.europesays.com\/fr\/wp-json\/wp\/v2\/posts"}],"about":[{"href":"https:\/\/www.europesays.com\/fr\/wp-json\/wp\/v2\/types\/post"}],"author":[{"embeddable":true,"href":"https:\/\/www.europesays.com\/fr\/wp-json\/wp\/v2\/users\/2"}],"replies":[{"embeddable":true,"href":"https:\/\/www.europesays.com\/fr\/wp-json\/wp\/v2\/comments?post=195669"}],"version-history":[{"count":0,"href":"https:\/\/www.europesays.com\/fr\/wp-json\/wp\/v2\/posts\/195669\/revisions"}],"wp:featuredmedia":[{"embeddable":true,"href":"https:\/\/www.europesays.com\/fr\/wp-json\/wp\/v2\/media\/195670"}],"wp:attachment":[{"href":"https:\/\/www.europesays.com\/fr\/wp-json\/wp\/v2\/media?parent=195669"}],"wp:term":[{"taxonomy":"category","embeddable":true,"href":"https:\/\/www.europesays.com\/fr\/wp-json\/wp\/v2\/categories?post=195669"},{"taxonomy":"post_tag","embeddable":true,"href":"https:\/\/www.europesays.com\/fr\/wp-json\/wp\/v2\/tags?post=195669"}],"curies":[{"name":"wp","href":"https:\/\/api.w.org\/{rel}","templated":true}]}}