{"id":195673,"date":"2025-06-22T10:56:08","date_gmt":"2025-06-22T10:56:08","guid":{"rendered":"https:\/\/www.europesays.com\/fr\/195673\/"},"modified":"2025-06-22T10:56:08","modified_gmt":"2025-06-22T10:56:08","slug":"sept-personnes-arretees-en-ile-de-france","status":"publish","type":"post","link":"https:\/\/www.europesays.com\/fr\/195673\/","title":{"rendered":"sept personnes arr\u00eat\u00e9es en \u00cele-de-France"},"content":{"rendered":"<p>            Par<br \/>\n        <strong><br \/>\n            <a href=\"https:\/\/actu.fr\/auteur\/antoine-grotteria02\" title=\"Consulter tous les articles de Antoine Grotteria\" rel=\"nofollow noopener\" target=\"_blank\">Antoine Grotteria<\/a><br \/>\n        <\/strong><\/p>\n<p>        Publi\u00e9 le<\/p>\n<p>            22 juin 2025 \u00e0 12h37        <\/p>\n<p>Sous haute surveillance en raison du <strong>contexte international<\/strong>, le <a href=\"https:\/\/actu.fr\/ile-de-france\/le-bourget_93013\/salon-du-bourget-quatre-ans-apres-sa-derniere-edition-la-grand-messe-aeronautique-redecolle_59748056.html\" rel=\"nofollow noopener\" target=\"_blank\">Salon international de l\u2019A\u00e9ronautique et de l\u2019Espace<\/a> (SIAE) du <strong>Bourget<\/strong> (Seine-Saint-Denis) arrive son terme. Alors que l\u2019\u00e9v\u00e9nement doit s\u2019achever ce dimanche 22\u00a0juin 2025, la <a href=\"https:\/\/actu.fr\/tag\/prefecture-de-police-de-paris\" rel=\"nofollow noopener\" target=\"_blank\">pr\u00e9fecture de Police de Paris<\/a> a r\u00e9cemment d\u00e9jou\u00e9 un <strong>projet d\u2019action<\/strong> visant \u00e0 troubler sa tenue. <strong>Sept personnes<\/strong> ont \u00e9t\u00e9 interpell\u00e9es en \u00cele-de-France dans le cadre d\u2019une enqu\u00eate pour association de malfaiteurs, a appris actu Paris aupr\u00e8s du parquet de Paris, confirmant une information du <a href=\"https:\/\/www.leparisien.fr\/faits-divers\/projet-daction-contre-le-salon-du-bourget-coup-de-filet-dans-la-mouvance-de-lultra-gauche-21-06-2025-A2BIG2VTTJB5LEHNASEXWVIC2A.php\" rel=\"nofollow noopener\" target=\"_blank\">Parisien<\/a>.<\/p>\n<p>Une bonbonne de gaz d\u00e9couverte<\/p>\n<p class=\" wall-content\">Six des sept suspects ont \u00e9t\u00e9 arr\u00eat\u00e9es vendredi 20\u00a0juin, \u00e0 l\u2019aube de l\u2019ouverture du Salon au grand public. Le septi\u00e8me a \u00e9t\u00e9 interpell\u00e9 ce samedi 21\u00a0juin. D\u2019apr\u00e8s le quotidien r\u00e9gional, cela se serait d\u00e9roul\u00e9 \u00e0 <strong>Bobigny<\/strong> (Seine-Saint-Denis), d\u2019o\u00f9 sont parties des <strong>centaines de manifestants<\/strong> oppos\u00e9s \u00e0 la pr\u00e9sence d\u2019Isra\u00ebl au Salon du Bourget. Le parquet n\u2019a pas confirm\u00e9 cette information.<\/p>\n<p class=\" wall-content\">En revanche, des perquisitions ont \u00e9t\u00e9 men\u00e9es, avec, \u00e0 leur issue, plusieurs d\u00e9couvertes. Le minist\u00e8re public indique qu\u2019une \u00ab<strong>\u2009bonbonne d\u2019h\u00e9lium et pr\u00e8s de 200 ballons<\/strong>\u2009\u00bb ont \u00e9t\u00e9 retrouv\u00e9s. \u00ab\u2009Des surveillances\u2009\u00bb men\u00e9es par la pr\u00e9fecture de Police ont \u00e9galement r\u00e9v\u00e9l\u00e9 des \u00ab\u2009regroupements des personnes suspect\u00e9es, et la pr\u00e9sence de bonbonne de gaz de grande taille\u2009\u00bb. Le parquet n\u2019a pas d\u00e9voil\u00e9 le profil des suspects, ni le d\u00e9tail des actions foment\u00e9es. D\u2019apr\u00e8s Le Parisien, il pourrait s\u2019agir d\u2019<strong>activistes li\u00e9s \u00e0 l\u2019ultra-gauche<\/strong>, membres de diverses organisations.<\/p>\n<p class=\" wall-content\">Ces faits s\u2019inscrivent dans une \u00e9dition particuli\u00e8rement mouvement\u00e9e. Plusieurs \u00e9lus de Seine-Saint-Denis et le pr\u00e9sident du d\u00e9partement <a href=\"https:\/\/actu.fr\/tag\/stephane-troussel\" rel=\"nofollow noopener\" target=\"_blank\">St\u00e9phane Troussel<\/a> ont boycott\u00e9 les all\u00e9es pour d\u00e9noncer la pr\u00e9sence d\u2019entreprises isra\u00e9liennes engag\u00e9es dans la <strong>guerre \u00e0 Gaza<\/strong> et \u00ab\u2009l\u2019inaction de l\u2019\u00c9tat fran\u00e7ais, qui accepte la pr\u00e9sence d\u2019un \u00c9tat accus\u00e9 de violations du droit international et faisant l\u2019objet d\u2019une alerte de la Cour internationale de justice sur un risque de g\u00e9nocide\u2009\u00bb. D\u2019apr\u00e8s l\u2019Autorit\u00e9 palestinienne, <strong>54\u2009000\u00a0personnes<\/strong> sont d\u00e9c\u00e9d\u00e9es, dont 16\u2009000\u00a0enfants.<\/p>\n<p class=\" wall-content\">Suivez toute l\u2019actualit\u00e9 de vos villes et m\u00e9dias favoris en vous inscrivant \u00e0 <a href=\"https:\/\/moncompte.actu.fr\" title=\"D\u00e9couvez Mon Actu\" rel=\"nofollow noopener\" data-trk=\"{&quot;cta&quot;:{&quot;action&quot;:&quot;https:\\\/\\\/moncompte.actu.fr&quot;,&quot;category&quot;:&quot;mon compte&quot;,&quot;from&quot;:&quot;article footer&quot;,&quot;name&quot;:&quot;Mon actu&quot;,&quot;type&quot;:&quot;cta&quot;}}\" target=\"_blank\">Mon Actu<\/a>.<\/p>\n","protected":false},"excerpt":{"rendered":"Par Antoine Grotteria Publi\u00e9 le 22 juin 2025 \u00e0 12h37 Sous haute surveillance en raison du contexte international,&hellip;\n","protected":false},"author":2,"featured_media":180602,"comment_status":"","ping_status":"","sticky":false,"template":"","format":"standard","meta":{"footnotes":""},"categories":[1592],"tags":[1111,11,1777,674,1011,27,665,662,303,12,626,1072,25,104],"class_list":{"0":"post-195673","1":"post","2":"type-post","3":"status-publish","4":"format-standard","5":"has-post-thumbnail","7":"category-ile-de-france","8":"tag-actu","9":"tag-actualites","10":"tag-eu","11":"tag-europe","12":"tag-fr","13":"tag-france","14":"tag-gaza","15":"tag-ile-de-france","16":"tag-justice","17":"tag-news","18":"tag-paris","19":"tag-police","20":"tag-republique-francaise","21":"tag-societe"},"share_on_mastodon":{"url":"https:\/\/pubeurope.com\/@fr\/114726658733768006","error":""},"_links":{"self":[{"href":"https:\/\/www.europesays.com\/fr\/wp-json\/wp\/v2\/posts\/195673","targetHints":{"allow":["GET"]}}],"collection":[{"href":"https:\/\/www.europesays.com\/fr\/wp-json\/wp\/v2\/posts"}],"about":[{"href":"https:\/\/www.europesays.com\/fr\/wp-json\/wp\/v2\/types\/post"}],"author":[{"embeddable":true,"href":"https:\/\/www.europesays.com\/fr\/wp-json\/wp\/v2\/users\/2"}],"replies":[{"embeddable":true,"href":"https:\/\/www.europesays.com\/fr\/wp-json\/wp\/v2\/comments?post=195673"}],"version-history":[{"count":0,"href":"https:\/\/www.europesays.com\/fr\/wp-json\/wp\/v2\/posts\/195673\/revisions"}],"wp:featuredmedia":[{"embeddable":true,"href":"https:\/\/www.europesays.com\/fr\/wp-json\/wp\/v2\/media\/180602"}],"wp:attachment":[{"href":"https:\/\/www.europesays.com\/fr\/wp-json\/wp\/v2\/media?parent=195673"}],"wp:term":[{"taxonomy":"category","embeddable":true,"href":"https:\/\/www.europesays.com\/fr\/wp-json\/wp\/v2\/categories?post=195673"},{"taxonomy":"post_tag","embeddable":true,"href":"https:\/\/www.europesays.com\/fr\/wp-json\/wp\/v2\/tags?post=195673"}],"curies":[{"name":"wp","href":"https:\/\/api.w.org\/{rel}","templated":true}]}}