{"id":195674,"date":"2025-06-22T10:57:09","date_gmt":"2025-06-22T10:57:09","guid":{"rendered":"https:\/\/www.europesays.com\/fr\/195674\/"},"modified":"2025-06-22T10:57:09","modified_gmt":"2025-06-22T10:57:09","slug":"rachida-dati-en-pole-le-ps-menace-par-les-ecologistes-et-lfi-selon-un-sondage","status":"publish","type":"post","link":"https:\/\/www.europesays.com\/fr\/195674\/","title":{"rendered":"Rachida Dati en pole, le PS menac\u00e9 par Les \u00c9cologistes et LFI, selon un sondage"},"content":{"rendered":"<p>            Par<br \/>\n        <strong><br \/>\n            <a href=\"https:\/\/actu.fr\/auteur\/antoine-grotteria02\" title=\"Consulter tous les articles de Antoine Grotteria\" target=\"_blank\" rel=\"noopener\">Antoine Grotteria<\/a><br \/>\n        <\/strong><\/p>\n<p>        Publi\u00e9 le<\/p>\n<p>            22 juin 2025 \u00e0 11h02        <\/p>\n<p>Sa notori\u00e9t\u00e9, son influence et sa verve l\u2019emportent pour le moment sur les <a href=\"https:\/\/actu.fr\/ile-de-france\/paris_75056\/a-un-an-des-municipales-a-paris-un-complement-d-enquete-sur-france-2-devastateur-pour-rachida-dati_62734786.html\" target=\"_blank\" rel=\"noopener\"><strong>affaires<\/strong><\/a>. Dans un sondage r\u00e9alis\u00e9 par l\u2019institut Elabe pour <a href=\"https:\/\/www.latribune.fr\/la-tribune-dimanche\/politique\/sondage-municipales-exclusif-rachida-dati-en-tete-la-gauche-divisee-1027874.html\" target=\"_blank\" rel=\"noopener\">La Tribune Dimanche<\/a> et BFMTV, la ministre de la Culture <a href=\"https:\/\/actu.fr\/tag\/rachida-dati\" target=\"_blank\" rel=\"noopener\">Rachida Dati<\/a> prend la pole position avant les <strong>\u00e9lections municipales<\/strong> \u00e0 <a href=\"https:\/\/actu.fr\/paris\/\" target=\"_blank\" rel=\"noopener\">Paris<\/a>, qui se d\u00e9rouleront en 2026. La maire du 7e arrondissement, repr\u00e9sentante putative d\u2019une partie de la droite et du bloc central, serait la <strong>favorite<\/strong> pour succ\u00e9der \u00e0 la maire sortante <a href=\"https:\/\/actu.fr\/tag\/anne-hidalgo\" target=\"_blank\" rel=\"noopener\">Anne Hidalgo<\/a> (PS).<\/p>\n<p>Les \u00e9lecteurs macronistes soutiennent majoritairement Rachida Dati<\/p>\n<p class=\" wall-content\">D\u2019apr\u00e8s l\u2019\u00e9tude, elle obtiendrait entre <strong>28 et 34\u2009% des voix<\/strong>, selon les sc\u00e9narios. Car son \u00e9tiage sera conditionn\u00e9 \u00e0 la liste des candidats de droite. Pour le moment, seul <strong>Pierre-Yves Bournazel<\/strong>, soutenu par l\u2019ex-Premier ministre <a href=\"https:\/\/actu.fr\/tag\/edouard-philippe\" target=\"_blank\" rel=\"noopener\">\u00c9douard Philippe<\/a> et plusieurs anciens membres du gouvernement, a <a href=\"https:\/\/actu.fr\/ile-de-france\/paris_75056\/un-cote-macron-a-paris-les-soutiens-de-pierre-yves-bournazel-voient-une-alternative-a-rachida-dati_62726030.html\" target=\"_blank\" rel=\"noopener\">lanc\u00e9<\/a> sa campagne. S\u2019il se maintient, il devrait rallier quelques \u00e9lecteurs macronistes soucieux de conjurer Rachida Dati et ses tribulations judiciaires.<\/p>\n<p class=\" wall-content\">Pourtant, la majorit\u00e9 de la Macronie observe sa candidature avec <strong>bienveillance<\/strong>. Le sondage indique que <strong>64\u2009%<\/strong> des \u00e9lecteurs Renaissance, Horizons et MoDem du premier tour des l\u00e9gislatives de 2024 lui portent une opinion favorable. Un niveau proche des \u00e9lecteurs LR, qui sont 60\u2009% \u00e0 d\u00e9clarer leur appr\u00e9ciation de l\u2019ancienne Garde des Sceaux du gouvernement de Fran\u00e7ois Fillon. Une dynamique peu surprenante \u00e9tant donn\u00e9 <a href=\"https:\/\/actu.fr\/ile-de-france\/paris_75056\/elections-municipales-a-paris-en-2026-la-droite-se-met-en-ordre-de-marche-autour-de-rachida-dati_62144750.html\" target=\"_blank\" rel=\"noopener\">les soutiens<\/a> apport\u00e9s par plusieurs caciques locaux du parti de droite.<\/p>\n<p class=\" wall-content\">Si le programme de Rachida Dati devrait laisser une grande part \u00e0 la s\u00e9curit\u00e9 et \u00e0 la propret\u00e9, les accents devraient r\u00e9sonner \u00e0 <strong>l\u2019extr\u00eame droite<\/strong>. L\u2019eurod\u00e9put\u00e9 du Rassemblement national <strong>Thierry Mariani<\/strong>, qui a d\u00e9clar\u00e9 sa flamme \u00e0 la mairie de Paris, pourrait rassembler 7 \u00e0 8\u2009% des voix. De son c\u00f4t\u00e9, sa coll\u00e8gue au Parlement de Strasbourg <strong>Sarah Knafo<\/strong>, membre du parti Reconqu\u00eate\u2009!, glanerait 5 \u00e0 6\u2009%. Dans les deux cas, il s\u2019agirait d\u2019une hausse. Signe que la progression des id\u00e9es de l\u2019extr\u00eame droite infuse m\u00eame la capitale.<\/p>\n<p>La progression de LFI<\/p>\n<p class=\" wall-content\">\u00c0 gauche, trois blocs obtiennent des scores entre 14 et 22\u2009%, traduction des <strong>divisions<\/strong> en cours. Le <strong>PS<\/strong> doit investir son candidat d\u00e9but juillet. Mais quel qu\u2019il soit, il se r\u00e9v\u00e8le loin de Rachida Dati. Le d\u00e9put\u00e9 <a href=\"https:\/\/actu.fr\/ile-de-france\/paris_75056\/dans-la-continuite-mais-comment-emmanuel-gregoire-souhaite-s-emparer-de-la-mairie-de-paris_61993900.html\" target=\"_blank\" rel=\"noopener\">Emmanuel Gr\u00e9goire<\/a> obtiendrait entre 16 et 19\u2009%, selon les cas de figure. Parmi ses derniers, la candidature de Pierre-Yves Bournazel, qui pourrait lui \u00f4ter des voix de macronistes.\u00a0Le s\u00e9nateur <a href=\"https:\/\/actu.fr\/ile-de-france\/paris_75056\/municipales-2026-qui-est-remi-feraud-favori-d-anne-hidalgo-pour-prendre-sa-suite-a-la-mairie-de-paris_61916811.html\" target=\"_blank\" rel=\"noopener\">R\u00e9mi F\u00e9raud<\/a>, soutenu par Anne Hidalgo, ferait 14 \u00e0 15\u2009%. L\u2019autre candidate <a href=\"https:\/\/actu.fr\/ile-de-france\/paris_75056\/municipales-2026-marion-waller-benjamine-de-la-primaire-du-ps-a-paris-je-suis-la-plus-avant-gardiste_62767239.html\" target=\"_blank\" rel=\"noopener\">Marion Waller<\/a> n\u2019a pas \u00e9t\u00e9 int\u00e9gr\u00e9e au sondage.<\/p>\n<p>Vid\u00e9os : en ce moment sur Actu<\/p>\n<p class=\" wall-content\">Les b\u00e9n\u00e9ficiaires de cette faiblesse relative du parti \u00e0 la rose sont <strong>Les Ecologistes<\/strong> et <strong>LFI<\/strong>. Emmen\u00e9e par l\u2019adjoint aux Transports <a href=\"https:\/\/actu.fr\/ile-de-france\/paris_75056\/municipales-2026-a-paris-david-belliard-une-personnalite-complexe-passee-d-outsider-a-champion-des-verts_62381904.html\" target=\"_blank\" rel=\"noopener\">David Belliard<\/a>, la premi\u00e8re organisation prendrait 17 \u00e0 22\u2009% des voix. De son c\u00f4t\u00e9, la d\u00e9put\u00e9e LFI <strong>Sophia Chikirou<\/strong>, fid\u00e8le du mouvement Insoumis, accumulerait entre 14 et 17\u2009%. Un niveau qui se situerait dans les m\u00eames eaux que celui enregistr\u00e9 lors des derni\u00e8res \u00e9lections europ\u00e9ennes, mais qui serait pr\u00e8s de trois fois sup\u00e9rieur aux municipales de 2021.<\/p>\n<p class=\" wall-content\">Suivez toute l\u2019actualit\u00e9 de vos villes et m\u00e9dias favoris en vous inscrivant \u00e0 <a href=\"https:\/\/moncompte.actu.fr\" title=\"D\u00e9couvez Mon Actu\" rel=\"nofollow noopener\" data-trk=\"{&quot;cta&quot;:{&quot;action&quot;:&quot;https:\\\/\\\/moncompte.actu.fr&quot;,&quot;category&quot;:&quot;mon compte&quot;,&quot;from&quot;:&quot;article footer&quot;,&quot;name&quot;:&quot;Mon actu&quot;,&quot;type&quot;:&quot;cta&quot;}}\" target=\"_blank\">Mon Actu<\/a>.<\/p>\n","protected":false},"excerpt":{"rendered":"Par Antoine Grotteria Publi\u00e9 le 22 juin 2025 \u00e0 11h02 Sa notori\u00e9t\u00e9, son influence et sa verve l\u2019emportent&hellip;\n","protected":false},"author":2,"featured_media":195675,"comment_status":"","ping_status":"","sticky":false,"template":"","format":"standard","meta":{"footnotes":""},"categories":[1888],"tags":[1111,1928,11,1927,1777,674,7430,1011,27,12,1926,626,1925,4484,316,417,25],"class_list":{"0":"post-195674","1":"post","2":"type-post","3":"status-publish","4":"format-standard","5":"has-post-thumbnail","7":"category-paris","8":"tag-actu","9":"tag-actu-paris","10":"tag-actualites","11":"tag-actualites-paris","12":"tag-eu","13":"tag-europe","14":"tag-europe-ecologie-les-verts-eelv","15":"tag-fr","16":"tag-france","17":"tag-news","18":"tag-news-paris","19":"tag-paris","20":"tag-paris-news","21":"tag-parti-socialiste-ps","22":"tag-politique","23":"tag-rachida-dati","24":"tag-republique-francaise"},"share_on_mastodon":{"url":"https:\/\/pubeurope.com\/@fr\/114726663026621127","error":""},"_links":{"self":[{"href":"https:\/\/www.europesays.com\/fr\/wp-json\/wp\/v2\/posts\/195674","targetHints":{"allow":["GET"]}}],"collection":[{"href":"https:\/\/www.europesays.com\/fr\/wp-json\/wp\/v2\/posts"}],"about":[{"href":"https:\/\/www.europesays.com\/fr\/wp-json\/wp\/v2\/types\/post"}],"author":[{"embeddable":true,"href":"https:\/\/www.europesays.com\/fr\/wp-json\/wp\/v2\/users\/2"}],"replies":[{"embeddable":true,"href":"https:\/\/www.europesays.com\/fr\/wp-json\/wp\/v2\/comments?post=195674"}],"version-history":[{"count":0,"href":"https:\/\/www.europesays.com\/fr\/wp-json\/wp\/v2\/posts\/195674\/revisions"}],"wp:featuredmedia":[{"embeddable":true,"href":"https:\/\/www.europesays.com\/fr\/wp-json\/wp\/v2\/media\/195675"}],"wp:attachment":[{"href":"https:\/\/www.europesays.com\/fr\/wp-json\/wp\/v2\/media?parent=195674"}],"wp:term":[{"taxonomy":"category","embeddable":true,"href":"https:\/\/www.europesays.com\/fr\/wp-json\/wp\/v2\/categories?post=195674"},{"taxonomy":"post_tag","embeddable":true,"href":"https:\/\/www.europesays.com\/fr\/wp-json\/wp\/v2\/tags?post=195674"}],"curies":[{"name":"wp","href":"https:\/\/api.w.org\/{rel}","templated":true}]}}