{"id":195680,"date":"2025-06-22T11:00:10","date_gmt":"2025-06-22T11:00:10","guid":{"rendered":"https:\/\/www.europesays.com\/fr\/195680\/"},"modified":"2025-06-22T11:00:10","modified_gmt":"2025-06-22T11:00:10","slug":"fete-de-la-musique-a-paris-six-personnes-poignardees-onze-femmes-se-disent-victimes-de-piqures","status":"publish","type":"post","link":"https:\/\/www.europesays.com\/fr\/195680\/","title":{"rendered":"F\u00eate de la musique \u00e0 Paris\u00a0: six personnes poignard\u00e9es, onze femmes se disent victimes de piq\u00fbres"},"content":{"rendered":"<p class=\"paragraph text_align_left lp-f-body-02\">La nuit a \u00e9t\u00e9 agit\u00e9e pour les forces de l\u2019ordre et les sapeurs-pompiers \u00e0 Paris. Alors que plus d\u2019un million de personnes ont profit\u00e9 de la capitale pour cette nouvelle <a href=\"https:\/\/www.leparisien.fr\/paris-75\/fete-de-la-musique-a-paris-circulation-coupee-metro-ferme-fouilles-securite-xxl-pour-le-concert-aux-tuileries-20-06-2025-S5ERPCZS7ZGBFJUYQ3A4OHRMUY.php\" target=\"_self\" rel=\"nofollow noopener\">F\u00eate de la musique<\/a>, les secours ont d\u00fb intervenir \u00e0 de nombreuses reprises. Selon une source polici\u00e8re, dans la nuit de samedi \u00e0 ce dimanche matin, \u00e0 7 heures, on comptait 102 personnes interpell\u00e9es dont 93 ont \u00e9t\u00e9 plac\u00e9es en garde \u00e0 vue.<\/p>\n<p class=\"paragraph text_align_left lp-f-body-02\">Un autre chiffre interpelle, celui des jeunes femmes qui ont indiqu\u00e9 avoir \u00e9t\u00e9 <a href=\"https:\/\/www.leparisien.fr\/faits-divers\/paris-4-adolescentes-se-disent-victimes-de-piqures-sauvages-dans-une-teen-party-23-03-2025-Q7ONYP2VJFFWNI435HWCA5GFPU.php\" target=\"_self\" rel=\"nofollow noopener\">victimes de piq\u00fbres<\/a> au cours de la soir\u00e9e. \u00c0 Paris, elles sont onze \u2014 dans diff\u00e9rents arrondissements \u2014 \u00e0 s\u2019\u00eatre fait conna\u00eetre aupr\u00e8s des services de police et de secours. On en compte une \u00e0 Ch\u00e2telet (IIe), quatre du c\u00f4t\u00e9 de R\u00e9publique, du canal Saint-Martin et de la rue Albert Thomas (Xe), une rue Saint-M\u00e9ry (IVe), trois rue Princesse dans le VIe, dont l\u2019une est une mineure de 15 ans, une rue de Lyon (XIIe) et une derni\u00e8re du c\u00f4t\u00e9 de la Butte-aux-Cailles (XIIIe).<\/p>\n<p class=\"paragraph text_align_left lp-f-body-02\">Alors que certaines ont \u00e9t\u00e9 prises en charge par les secours sur place, au moins deux d\u2019entre elles ont \u00e9t\u00e9 transport\u00e9es \u00e0 l\u2019h\u00f4pital. Selon nos informations, aucun individu n\u2019a \u00e9t\u00e9 interpell\u00e9.<\/p>\n<p class=\"paragraph text_align_left lp-f-body-02\">En p\u00e9riph\u00e9rie de Paris, d\u2019autres faits similaires ont eu lieu. \u00c0 Asni\u00e8res (Hauts-de-Seine), alors qu\u2019un important rassemblement avait lieu sur la place de la mairie, huit jeunes femmes se sont rapproch\u00e9es de la Croix-Rouge pour leur indiquer qu\u2019elles avaient victimes de piq\u00fbres, l\u2019une d\u2019entre elles a \u00e9t\u00e9 \u00e9galement transport\u00e9e \u00e0 l\u2019h\u00f4pital. M\u00eame chose, mais cette fois au sud de l\u2019\u00cele-de-France. \u00c0 Brunoy (Essonne), le maire indique que cinq jeunes filles auraient \u00e9t\u00e9 piqu\u00e9es hier soir pendant un concert sur l\u2019\u00eele de Brunoy.<\/p>\n<p>Coups de ciseaux chez Burger King<\/p>\n<p class=\"paragraph text_align_left lp-f-body-02\">Dans la capitale, ces piq\u00fbres ne sont pas les seuls faits marquants de la nuit. Six personnes ont \u00e9t\u00e9 poignard\u00e9es. Pour trois d\u2019entre elles, le pronostic vital \u00e9tait engag\u00e9. Un adolescent a ainsi \u00e9t\u00e9 agress\u00e9 rue Pierre-Lescot (Ier), \u00e0 coups de ciseaux. L\u2019attaque aurait eu lieu \u00e0 l\u2019int\u00e9rieur du Burger King. Selon les premiers \u00e9l\u00e9ments, l\u2019adolescent serait intervenu alors que deux personnes agressaient sexuellement sa petite amie. L\u2019un d\u2019eux aurait r\u00e9pliqu\u00e9 en lui donnant un coup de ciseaux. La victime a \u00e9t\u00e9 conduite dans un \u00e9tat critique \u00e0 l\u2019h\u00f4pital. Deux suspects, d\u00e9sign\u00e9s par des t\u00e9moins, ont \u00e9t\u00e9 interpell\u00e9s.<\/p>\n<p class=\"paragraph text_align_left lp-f-body-02\">M\u00eame chose dans le IIIe arrondissement, rue R\u00e9aumur. Deux personnes ont \u00e9t\u00e9 prises \u00e0 partie et poignard\u00e9es. L\u2019une d\u2019entre elles, lourdement bless\u00e9e au dos, a \u00e9t\u00e9 secourue, avec un pronostic vital engag\u00e9. Dans le XIXe arrondissement, un homme a \u00e9t\u00e9 transport\u00e9 entre la vie et la mort apr\u00e8s avoir re\u00e7u des coups de couteau, rue L\u00e9on-Giraud. Selon les premiers \u00e9l\u00e9ments, l\u2019homme pourrait \u00eatre impliqu\u00e9 dans une rixe.<\/p>\n<p class=\"paragraph text_align_left lp-f-body-02\">Par ailleurs, plusieurs tirs de mortiers ont eu lieu au cours de la soir\u00e9e. Des policiers ont \u00e9t\u00e9 victimes de jets de projectiles, notamment rue du Pont-Neuf o\u00f9 ils ont fait usage de gaz lacrymog\u00e8ne. Deux personnes ont \u00e9t\u00e9 interpell\u00e9es. Vers 5 heures, du c\u00f4t\u00e9 de Ch\u00e2telet cette fois, un magasin Nike a \u00e9t\u00e9 pris pour cible. Les policiers ont mis en fuite un petit groupe qui tentait de fracturer la vitrine.<\/p>\n","protected":false},"excerpt":{"rendered":"La nuit a \u00e9t\u00e9 agit\u00e9e pour les forces de l\u2019ordre et les sapeurs-pompiers \u00e0 Paris. Alors que plus&hellip;\n","protected":false},"author":2,"featured_media":195681,"comment_status":"","ping_status":"","sticky":false,"template":"","format":"standard","meta":{"footnotes":""},"categories":[1888],"tags":[11,1777,674,118,1011,27,1944,12,626,25],"class_list":{"0":"post-195680","1":"post","2":"type-post","3":"status-publish","4":"format-standard","5":"has-post-thumbnail","7":"category-paris","8":"tag-actualites","9":"tag-eu","10":"tag-europe","11":"tag-faits-divers","12":"tag-fr","13":"tag-france","14":"tag-ma-ville","15":"tag-news","16":"tag-paris","17":"tag-republique-francaise"},"share_on_mastodon":{"url":"https:\/\/pubeurope.com\/@fr\/114726674359173396","error":""},"_links":{"self":[{"href":"https:\/\/www.europesays.com\/fr\/wp-json\/wp\/v2\/posts\/195680","targetHints":{"allow":["GET"]}}],"collection":[{"href":"https:\/\/www.europesays.com\/fr\/wp-json\/wp\/v2\/posts"}],"about":[{"href":"https:\/\/www.europesays.com\/fr\/wp-json\/wp\/v2\/types\/post"}],"author":[{"embeddable":true,"href":"https:\/\/www.europesays.com\/fr\/wp-json\/wp\/v2\/users\/2"}],"replies":[{"embeddable":true,"href":"https:\/\/www.europesays.com\/fr\/wp-json\/wp\/v2\/comments?post=195680"}],"version-history":[{"count":0,"href":"https:\/\/www.europesays.com\/fr\/wp-json\/wp\/v2\/posts\/195680\/revisions"}],"wp:featuredmedia":[{"embeddable":true,"href":"https:\/\/www.europesays.com\/fr\/wp-json\/wp\/v2\/media\/195681"}],"wp:attachment":[{"href":"https:\/\/www.europesays.com\/fr\/wp-json\/wp\/v2\/media?parent=195680"}],"wp:term":[{"taxonomy":"category","embeddable":true,"href":"https:\/\/www.europesays.com\/fr\/wp-json\/wp\/v2\/categories?post=195680"},{"taxonomy":"post_tag","embeddable":true,"href":"https:\/\/www.europesays.com\/fr\/wp-json\/wp\/v2\/tags?post=195680"}],"curies":[{"name":"wp","href":"https:\/\/api.w.org\/{rel}","templated":true}]}}