{"id":195690,"date":"2025-06-22T11:05:10","date_gmt":"2025-06-22T11:05:10","guid":{"rendered":"https:\/\/www.europesays.com\/fr\/195690\/"},"modified":"2025-06-22T11:05:10","modified_gmt":"2025-06-22T11:05:10","slug":"lallemagne-saisie-par-une-fievre-olympique","status":"publish","type":"post","link":"https:\/\/www.europesays.com\/fr\/195690\/","title":{"rendered":"L&rsquo;Allemagne saisie par une fi\u00e8vre olympique"},"content":{"rendered":"<p>L\u2019engouement populaire des JO de Paris a donn\u00e9 des id\u00e9es outre-Rhin. Trois m\u00e9tropoles (Berlin, Munich, Hambourg) et la conurbation Rhin-Ruhr, qui regroupe notamment Cologne, D\u00fcsseldorf et Dortmund, sont sur les rangs pour une candidature allemande pour l&rsquo;\u00e9dition 2036, 2040 ou 2044. \u00ab\u00a0La plus-value des grands \u00e9v\u00e9nements sportifs pour l\u2019ensemble de la soci\u00e9t\u00e9 est de plus en plus reconnue\u00a0\u00bb, salue le pr\u00e9sident du comit\u00e9 olympique allemand (DOSB) Thomas Weikert.<\/p>\n","protected":false},"excerpt":{"rendered":"L\u2019engouement populaire des JO de Paris a donn\u00e9 des id\u00e9es outre-Rhin. Trois m\u00e9tropoles (Berlin, Munich, Hambourg) et la&hellip;\n","protected":false},"author":2,"featured_media":195691,"comment_status":"","ping_status":"","sticky":false,"template":"","format":"standard","meta":{"footnotes":""},"categories":[1587],"tags":[11,672,1804,1805,1803,1777,674,1801,12,1802],"class_list":{"0":"post-195690","1":"post","2":"type-post","3":"status-publish","4":"format-standard","5":"has-post-thumbnail","7":"category-allemagne","8":"tag-actualites","9":"tag-allemagne","10":"tag-bundesrepublik-deutschland","11":"tag-de","12":"tag-deutschland","13":"tag-eu","14":"tag-europe","15":"tag-germany","16":"tag-news","17":"tag-republique-federale-dallemagne"},"share_on_mastodon":{"url":"https:\/\/pubeurope.com\/@fr\/114726694037599035","error":""},"_links":{"self":[{"href":"https:\/\/www.europesays.com\/fr\/wp-json\/wp\/v2\/posts\/195690","targetHints":{"allow":["GET"]}}],"collection":[{"href":"https:\/\/www.europesays.com\/fr\/wp-json\/wp\/v2\/posts"}],"about":[{"href":"https:\/\/www.europesays.com\/fr\/wp-json\/wp\/v2\/types\/post"}],"author":[{"embeddable":true,"href":"https:\/\/www.europesays.com\/fr\/wp-json\/wp\/v2\/users\/2"}],"replies":[{"embeddable":true,"href":"https:\/\/www.europesays.com\/fr\/wp-json\/wp\/v2\/comments?post=195690"}],"version-history":[{"count":0,"href":"https:\/\/www.europesays.com\/fr\/wp-json\/wp\/v2\/posts\/195690\/revisions"}],"wp:featuredmedia":[{"embeddable":true,"href":"https:\/\/www.europesays.com\/fr\/wp-json\/wp\/v2\/media\/195691"}],"wp:attachment":[{"href":"https:\/\/www.europesays.com\/fr\/wp-json\/wp\/v2\/media?parent=195690"}],"wp:term":[{"taxonomy":"category","embeddable":true,"href":"https:\/\/www.europesays.com\/fr\/wp-json\/wp\/v2\/categories?post=195690"},{"taxonomy":"post_tag","embeddable":true,"href":"https:\/\/www.europesays.com\/fr\/wp-json\/wp\/v2\/tags?post=195690"}],"curies":[{"name":"wp","href":"https:\/\/api.w.org\/{rel}","templated":true}]}}