{"id":195694,"date":"2025-06-22T11:07:33","date_gmt":"2025-06-22T11:07:33","guid":{"rendered":"https:\/\/www.europesays.com\/fr\/195694\/"},"modified":"2025-06-22T11:07:33","modified_gmt":"2025-06-22T11:07:33","slug":"dimanche-en-politique-europe","status":"publish","type":"post","link":"https:\/\/www.europesays.com\/fr\/195694\/","title":{"rendered":"Dimanche en politique &#8211; Europe"},"content":{"rendered":"<p>            Dimanche en politique &#8211; Europe &#8211; T\u00e9l\u00e9 2 semaines<\/p>\n<p>S\u00e9ries TV du moment : acteurs, photos, vid\u00e9os et news<\/p>\n<p class=\"overview-title\">\n                Dimanche en politique &#8211; Europe\n            <\/p>\n<p class=\"overview-tag\">\n            Magazine\n        <\/p>\n<p>Prochaine diffusion TV<\/p>\n<p>                Aujourd&rsquo;hui \u00e0 11:10<br \/>\n                sur <\/p>\n<p>                                        <img content-lightmode=\"\" apply-ratio=\"\" lazyload=\"\"\/><\/p>\n<p>            R\u00e9sum\u00e9 du programme<\/p>\n<p>\n                Alors que l&rsquo;Union europ\u00e9enne a adopt\u00e9 le texte le plus ambitieux en mati\u00e8re de d\u00e9carbonation avec la fin de la commercialisation des voitures \u00e0 moteur thermique d\u00e8s 2035, l&rsquo;industrie automobile europ\u00e9enne doit faire face \u00e0 de nombreux d\u00e9fis. Fermetures de sites, recul de la part de march\u00e9 des voitures \u00e9lectriques et concurrence des voitures \u00e9lectriques chinoises massivement subventionn\u00e9es. Faut-il revoir les clauses de 2035 ? Assouplir l&rsquo;\u00e9ch\u00e9ance ? C&rsquo;est ce que Christine Boos \u00e9voquera avec ses invit\u00e9s : -Fran\u00e7ois Kalfon, eurod\u00e9put\u00e9 Socialiste et D\u00e9mocrate -Julie Rechagneux, eurod\u00e9put\u00e9e Les Patriotes -Tilly Metz, eurod\u00e9put\u00e9e luxembourgeoise Les Verts -Benoit Cassart, eurod\u00e9put\u00e9 belge Renew\n            <\/p>\n<p>\n                    Invite: Fran\u00e7ois Kalfon, Julie Rechagneux, Tilly Metz, Beno\u00eet Cassart<\/p>\n<p>\n                    Presentateur: Christine Boos<\/p>\n<p>                    Tweeter<\/p>\n<p>                    Partager sur Facebook<\/p>\n<p class=\"sr-only\" role=\"heading\" aria-level=\"1\" id=\"userLoginTunnelHeading\">Connexion \u00e0 Prisma Connect<\/p>\n<p>            Fermer<\/p>\n","protected":false},"excerpt":{"rendered":"Dimanche en politique &#8211; Europe &#8211; T\u00e9l\u00e9 2 semaines S\u00e9ries TV du moment : acteurs, photos, vid\u00e9os et&hellip;\n","protected":false},"author":2,"featured_media":39176,"comment_status":"","ping_status":"","sticky":false,"template":"","format":"standard","meta":{"footnotes":""},"categories":[1586],"tags":[11,33458,33454,33451,1777,674,1779,1011,27,33453,33455,33456,1031,33452,12,5240,25,33457,1778,364],"class_list":{"0":"post-195694","1":"post","2":"type-post","3":"status-publish","4":"format-standard","5":"has-post-thumbnail","7":"category-europe","8":"tag-actualites","9":"tag-benou00eet-cassart","10":"tag-christine-boos","11":"tag-dimanche-en-politique-europe","12":"tag-eu","13":"tag-europe","14":"tag-european-union","15":"tag-fr","16":"tag-france","17":"tag-france-3-alsace","18":"tag-franu00e7ois-kalfon","19":"tag-julie-rechagneux","20":"tag-magazine","21":"tag-magazine-politique","22":"tag-news","23":"tag-programme","24":"tag-republique-francaise","25":"tag-tilly-metz","26":"tag-ue","27":"tag-union-europeenne"},"share_on_mastodon":{"url":"https:\/\/pubeurope.com\/@fr\/114726701901314088","error":""},"_links":{"self":[{"href":"https:\/\/www.europesays.com\/fr\/wp-json\/wp\/v2\/posts\/195694","targetHints":{"allow":["GET"]}}],"collection":[{"href":"https:\/\/www.europesays.com\/fr\/wp-json\/wp\/v2\/posts"}],"about":[{"href":"https:\/\/www.europesays.com\/fr\/wp-json\/wp\/v2\/types\/post"}],"author":[{"embeddable":true,"href":"https:\/\/www.europesays.com\/fr\/wp-json\/wp\/v2\/users\/2"}],"replies":[{"embeddable":true,"href":"https:\/\/www.europesays.com\/fr\/wp-json\/wp\/v2\/comments?post=195694"}],"version-history":[{"count":0,"href":"https:\/\/www.europesays.com\/fr\/wp-json\/wp\/v2\/posts\/195694\/revisions"}],"wp:featuredmedia":[{"embeddable":true,"href":"https:\/\/www.europesays.com\/fr\/wp-json\/wp\/v2\/media\/39176"}],"wp:attachment":[{"href":"https:\/\/www.europesays.com\/fr\/wp-json\/wp\/v2\/media?parent=195694"}],"wp:term":[{"taxonomy":"category","embeddable":true,"href":"https:\/\/www.europesays.com\/fr\/wp-json\/wp\/v2\/categories?post=195694"},{"taxonomy":"post_tag","embeddable":true,"href":"https:\/\/www.europesays.com\/fr\/wp-json\/wp\/v2\/tags?post=195694"}],"curies":[{"name":"wp","href":"https:\/\/api.w.org\/{rel}","templated":true}]}}