{"id":195708,"date":"2025-06-22T11:17:09","date_gmt":"2025-06-22T11:17:09","guid":{"rendered":"https:\/\/www.europesays.com\/fr\/195708\/"},"modified":"2025-06-22T11:17:09","modified_gmt":"2025-06-22T11:17:09","slug":"posseder-et-piloter-lhypercar-mclaren-du-mans-sera-possible","status":"publish","type":"post","link":"https:\/\/www.europesays.com\/fr\/195708\/","title":{"rendered":"Poss\u00e9der et piloter l&rsquo;hypercar McLaren du Mans sera possible !"},"content":{"rendered":"<p>McLaren Automotive et McLaren Racing ont annonc\u00e9 une \u00ab\u00a0opportunit\u00e9 historique\u00a0\u00bb d\u2019acqu\u00e9rir une McLaren Le Mans Hypercar 2027 dans le cadre du programme de partenariat client d\u2019endurance.<\/p>\n<p>Pour faire simple, McLaren, qui a annonc\u00e9 un programme hypercar dans le championnat du monde d\u2019endurance et avec le but de remporter les 24 Heures du Mans, pr\u00e9voit \u00e9galement de permettre \u00e0 des clients tr\u00e8s exclusifs de devenir des parties prenantes de McLaren en comp\u00e9tition et poss\u00e9der un mod\u00e8le de l\u2019hypercar sportif.<\/p>\n<p>Un nombre strictement limit\u00e9 de voitures destin\u00e9es \u00e0 la client\u00e8le sera d\u00e9velopp\u00e9 en parall\u00e8le de la McLaren LMDh Hypercar qui participera au Championnat du monde d\u2019endurance FIA (WEC) en 2027. Les clients du projet Endurance pourront d\u00e9couvrir en avant-premi\u00e8re la campagne de McLaren pour remporter la triple couronne du sport automobile en une seule saison. Le projet Endurance comprend un acc\u00e8s sans pr\u00e9c\u00e9dent aux coulisses des activit\u00e9s de test et de d\u00e9veloppement alors que McLaren Endurance Racing se pr\u00e9pare pour ses d\u00e9buts en WEC Hypercar. La propri\u00e9t\u00e9 de la Le Mans Hypercar comprend un programme de deux ans de pilotage sur circuit McLaren sur des circuits de course de haut niveau, offrant une exp\u00e9rience client in\u00e9gal\u00e9e.<\/p>\n<p>McLaren Automotive et McLaren Racing s\u2019associent pour offrir \u00e0 quelques privil\u00e9gi\u00e9s une occasion unique de vivre les sensations fortes de la conduite d\u2019une authentique Le Mans Hypercar, une exp\u00e9rience que peu de gens auront la chance de vivre, dans le cadre du programme de partenariat client Project : Endurance.<\/p>\n<p>Les personnes s\u00e9lectionn\u00e9es pour participer au projet \u00ab Project: Endurance \u00bb entreront dans l\u2019histoire de McLaren, qui compte notamment la victoire embl\u00e9matique des 24 Heures du Mans en 1995, deux victoires \u00e0 l\u2019Indy 500 et plus de 190 Grands Prix, dont celui de Monaco, qui ont permis \u00e0 la marque de remporter neuf titres de champion du monde des constructeurs de Formule 1 et d\u2019\u00eatre le seul constructeur \u00e0 r\u00e9aliser le Triple Crown*.<\/p>\n<p>\u00ab Je suis ravi d\u2019annoncer que McLaren Automotive s\u2019associe \u00e0 nos coll\u00e8gues de McLaren Racing pour offrir \u00e0 nos clients une exp\u00e9rience audacieuse et authentique de possession d\u2019une Hypercar Le Mans. En plus de poss\u00e9der la toute derni\u00e8re voiture de course LMDh, dont seuls quelques privil\u00e9gi\u00e9s pourront go\u00fbter les sensations, les clients b\u00e9n\u00e9ficieront d\u2019un acc\u00e8s unique et totalement immersif au programme de d\u00e9veloppement et de course qui servira de base \u00e0 notre candidate au championnat du monde d\u2019endurance FIA 2027. Associ\u00e9e au programme de conduite sur circuit sp\u00e9cialement con\u00e7u pour le projet Endurance, cette incroyable opportunit\u00e9 offre une nouvelle dimension au partenariat client de McLaren. \u00bb Endurance, cette opportunit\u00e9 incroyable offre une nouvelle dimension au partenariat entre McLaren et ses clients, \u00bb a d\u00e9clar\u00e9\u00a0 Nick Collins, PDG de McLaren Group Holdings.<\/p>\n<p>\u00ab Le retour de McLaren Racing au Championnat du monde d\u2019endurance FIA marque le d\u00e9but d\u2019un nouveau chapitre passionnant pour nous. Nous avons une riche histoire dans ce sport avec McLaren Automotive, puisque nous avons couru et remport\u00e9 notre premi\u00e8re victoire au Mans d\u00e8s notre premi\u00e8re participation en 1995. Ce programme client offrira aux acheteurs une chance incroyable de poss\u00e9der une authentique voiture de course et de se rapprocher de l\u2019action sur la piste, \u00bb a compl\u00e9t\u00e9 Zak Brown, dont la passion pour l\u2019endurance est bien connue, l\u2019Am\u00e9ricain \u00e9tant \u00e9galement le propri\u00e9taire de l\u2019\u00e9quipe United Autosport.<\/p>\n","protected":false},"excerpt":{"rendered":"McLaren Automotive et McLaren Racing ont annonc\u00e9 une \u00ab\u00a0opportunit\u00e9 historique\u00a0\u00bb d\u2019acqu\u00e9rir une McLaren Le Mans Hypercar 2027 dans&hellip;\n","protected":false},"author":2,"featured_media":195709,"comment_status":"","ping_status":"","sticky":false,"template":"","format":"standard","meta":{"footnotes":""},"categories":[1412],"tags":[5080,5081,9077,1451,5083,5084,5086,5087,1452,1453,1454,1455,1011,27,4475,5089,5090,60,5091,3030,15819],"class_list":{"0":"post-195708","1":"post","2":"type-post","3":"status-publish","4":"format-standard","5":"has-post-thumbnail","7":"category-f1","8":"tag-actualites-f1","9":"tag-actuf1","10":"tag-endurance","11":"tag-f1","12":"tag-f1-actu","13":"tag-f1-direct","14":"tag-f1-news","15":"tag-f1news","16":"tag-formula-1","17":"tag-formula1","18":"tag-formule-1","19":"tag-formule1","20":"tag-fr","21":"tag-france","22":"tag-mclaren","23":"tag-news-f1","24":"tag-newsf1","25":"tag-sports","26":"tag-tip","27":"tag-top","28":"tag-zak-brown"},"share_on_mastodon":{"url":"https:\/\/pubeurope.com\/@fr\/114726741151328051","error":""},"_links":{"self":[{"href":"https:\/\/www.europesays.com\/fr\/wp-json\/wp\/v2\/posts\/195708","targetHints":{"allow":["GET"]}}],"collection":[{"href":"https:\/\/www.europesays.com\/fr\/wp-json\/wp\/v2\/posts"}],"about":[{"href":"https:\/\/www.europesays.com\/fr\/wp-json\/wp\/v2\/types\/post"}],"author":[{"embeddable":true,"href":"https:\/\/www.europesays.com\/fr\/wp-json\/wp\/v2\/users\/2"}],"replies":[{"embeddable":true,"href":"https:\/\/www.europesays.com\/fr\/wp-json\/wp\/v2\/comments?post=195708"}],"version-history":[{"count":0,"href":"https:\/\/www.europesays.com\/fr\/wp-json\/wp\/v2\/posts\/195708\/revisions"}],"wp:featuredmedia":[{"embeddable":true,"href":"https:\/\/www.europesays.com\/fr\/wp-json\/wp\/v2\/media\/195709"}],"wp:attachment":[{"href":"https:\/\/www.europesays.com\/fr\/wp-json\/wp\/v2\/media?parent=195708"}],"wp:term":[{"taxonomy":"category","embeddable":true,"href":"https:\/\/www.europesays.com\/fr\/wp-json\/wp\/v2\/categories?post=195708"},{"taxonomy":"post_tag","embeddable":true,"href":"https:\/\/www.europesays.com\/fr\/wp-json\/wp\/v2\/tags?post=195708"}],"curies":[{"name":"wp","href":"https:\/\/api.w.org\/{rel}","templated":true}]}}