{"id":195713,"date":"2025-06-22T11:20:15","date_gmt":"2025-06-22T11:20:15","guid":{"rendered":"https:\/\/www.europesays.com\/fr\/195713\/"},"modified":"2025-06-22T11:20:15","modified_gmt":"2025-06-22T11:20:15","slug":"ce-celebre-animateur-francais-ne-garde-pas-un-bon-souvenir-de-lacteur","status":"publish","type":"post","link":"https:\/\/www.europesays.com\/fr\/195713\/","title":{"rendered":"ce c\u00e9l\u00e8bre animateur fran\u00e7ais ne garde pas un bon souvenir de l&rsquo;acteur"},"content":{"rendered":"<p>Acteur culte pour des millions de fans \u00e0 travers le monde, Bruce Willis ne laisse pourtant pas que des souvenirs m\u00e9morables \u00e0 ceux qui l\u2019ont crois\u00e9. Un animateur fran\u00e7ais connu de tous a r\u00e9cemment confi\u00e9 dans une interview qu\u2019il garde un souvenir amer de ses \u00e9changes avec la star hollywoodienne.<\/p>\n<p>Acteur mythique de toute une g\u00e9n\u00e9ration, <a href=\"https:\/\/www.purepeople.com\/people\/bruce-willis_p357\" rel=\"nofollow noopener\" target=\"_blank\" data-ylk=\"slk:Bruce Willis;elm:context_link;itc:0;sec:content-canvas\" class=\"link \">Bruce Willis<\/a> a conquis le monde avec ses r\u00f4les de h\u00e9ros muscl\u00e9 et charismatique. N\u00e9 en 1955, r\u00e9v\u00e9l\u00e9 par la s\u00e9rie Clair de lune dans les ann\u00e9es 80, ce dernier devient<strong> une superstar mondiale<\/strong> en 1988 gr\u00e2ce au r\u00f4le de John McClane dans Die Hard. Son charisme, son humour sec et ses cascades impressionnent. Les ann\u00e9es 90 et 2000 le voient encha\u00eener les succ\u00e8s : Armageddon, Le Cinqui\u00e8me \u00c9l\u00e9ment, Pulp Fiction, Sixi\u00e8me Sens, Sin City&#8230;<\/p>\n<p>Bruce Willis : un g\u00e9ant du cin\u00e9ma&#8230; mais pas toujours sympathique en interview<\/p>\n<p>Si le com\u00e9dien est ador\u00e9 par ses fans, son attitude en coulisses divise. <a href=\"https:\/\/www.purepeople.com\/people\/christophe-beaugrand_p264366\" rel=\"nofollow noopener\" target=\"_blank\" data-ylk=\"slk:Christophe Beaugrand;elm:context_link;itc:0;sec:content-canvas\" class=\"link \">Christophe Beaugrand<\/a> en a fait l\u2019am\u00e8re exp\u00e9rience. Interrog\u00e9 dans les colonnes de T\u00e9l\u00e9 2 Semaines pour une rubrique \u00ab\u00a0confidences\u00a0\u00bb, l\u2019animateur de <a href=\"https:\/\/fr.news.yahoo.com\/pimprenelle-th%C3%A9o-marianne-quitt%C3%A9-secret-093900418.html\" data-ylk=\"slk:Secret Story;elm:context_link;itc:0;sec:content-canvas;outcm:mb_qualified_link;_E:mb_qualified_link;ct:story;\" class=\"link  yahoo-link\" rel=\"nofollow noopener\" target=\"_blank\">Secret Story <\/a>s\u2019est montr\u00e9 franc : \u00ab\u00a0Mon pire souvenir d\u2019interview ? Avec Bruce Willis : <strong>je l\u2019ai questionn\u00e9 plusieurs fois et il \u00e9tait odieux<\/strong>.\u00a0\u00bb<\/p>\n<p>Une d\u00e9claration sans d\u00e9tour, l\u00e2ch\u00e9e au milieu de confidences plus l\u00e9g\u00e8res sur ses habitudes quotidiennes et ses plats pr\u00e9f\u00e9r\u00e9s. Ce souvenir visiblement d\u00e9sagr\u00e9able contraste avec le ton bon enfant de l\u2019interview : \u00ab\u00a0Mon premier r\u00e9flexe le matin ? Regarder mon t\u00e9l\u00e9phone ! <strong>Je sais que ce n\u2019est pas bien mais je suis accro<\/strong>\u2026\u00a0\u00bb ou encore \u00ab\u00a0<a href=\"https:\/\/fr.news.yahoo.com\/christophe-beaugrand-partage-premi%C3%A8re-fois-175900256.html\" data-ylk=\"slk:Mon fils me dit souvent : \u201cPourquoi tu parles tout le temps, papa ?;elm:context_link;itc:0;sec:content-canvas;outcm:mb_qualified_link;_E:mb_qualified_link;ct:story;\" class=\"link  yahoo-link\" rel=\"nofollow noopener\" target=\"_blank\">Mon fils me dit souvent : \u201cPourquoi tu parles tout le temps, papa ?<\/a>\u201d\u00a0\u00bb<\/p>\n<p>Dans ce contexte intimiste, la remarque sur Bruce Willis n\u2019en a \u00e9t\u00e9 que <strong>plus marquante<\/strong>. D\u2019autant plus que <a href=\"https:\/\/fr.news.yahoo.com\/christophe-beaugrand-mari-ghislain-fils-084400726.html\" data-ylk=\"slk:le pr\u00e9sentateur r\u00e9cemment victime d&#039;un &quot;home-jacking&quot;,;elm:context_link;itc:0;sec:content-canvas;outcm:mb_qualified_link;_E:mb_qualified_link;ct:story;\" class=\"link  yahoo-link\" rel=\"nofollow noopener\" target=\"_blank\">le pr\u00e9sentateur r\u00e9cemment victime d&rsquo;un \u00ab\u00a0home-jacking\u00a0\u00bb,<\/a> habitu\u00e9 des plateaux t\u00e9l\u00e9 et des interviews people, est rarement du genre \u00e0 critiquer une c\u00e9l\u00e9brit\u00e9.<\/p>\n<p>Une star fragilis\u00e9e par la maladie, soutenue par les siens<\/p>\n<p>Depuis 2022, la sant\u00e9 de Bruce Willis est au c\u0153ur des pr\u00e9occupations de ses proches. Sa famille a r\u00e9v\u00e9l\u00e9 publiquement qu\u2019il souffrait <strong>d\u2019aphasie<\/strong>, un trouble qui alt\u00e8re les capacit\u00e9s de langage, avant d\u2019annoncer en 2023 qu\u2019il \u00e9tait <a href=\"https:\/\/fr.news.yahoo.com\/despoir-bruce-willis-face-au-133400805.html\" data-ylk=\"slk:atteint de d\u00e9mence fronto-temporale;elm:context_link;itc:0;sec:content-canvas;outcm:mb_qualified_link;_E:mb_qualified_link;ct:story;\" class=\"link  yahoo-link\" rel=\"nofollow noopener\" target=\"_blank\">atteint de d\u00e9mence fronto-temporale<\/a>. Face \u00e0 cette \u00e9preuve, l\u2019acteur a mis un terme d\u00e9finitif \u00e0 sa carri\u00e8re.<\/p>\n<p>Sur les r\u00e9seaux sociaux, son \u00e9pouse <a href=\"https:\/\/fr.news.yahoo.com\/photo-dit-tant-choses-bruce-065900257.html\" data-ylk=\"slk:Emma Heming continue de partager des moments de tendresse;elm:context_link;itc:0;sec:content-canvas;outcm:mb_qualified_link;_E:mb_qualified_link;ct:story;\" class=\"link  yahoo-link\" rel=\"nofollow noopener\" target=\"_blank\">Emma Heming continue de partager des moments de tendresse<\/a>, malgr\u00e9 la douleur : \u00ab\u00a0Ce que Bruce enseigne \u00e0 nos filles va bien au-del\u00e0 des mots. <strong>R\u00e9silience, amour inconditionnel, et la force tranquille d\u2019\u00eatre simplement pr\u00e9sent<\/strong>\u00ab\u00a0, a-t-elle \u00e9crit dans une publication Instagram. \u00ab\u00a0Mais pour \u00eatre juste envers moi-m\u00eame, ces journ\u00e9es symboliques remuent beaucoup. <strong>Je suis profond\u00e9ment triste aujourd\u2019hui.<\/strong> J\u2019aimerais, avec chaque cellule de mon corps, que les choses soient diff\u00e9rentes pour lui et plus l\u00e9g\u00e8res pour notre famille\u00a0\u00bb, a-t-elle confi\u00e9. Un message \u00e9mouvant qui montre l\u2019homme derri\u00e8re la star, affaibli mais entour\u00e9 d\u2019un amour ind\u00e9fectible.<\/p>\n<p><a href=\"https:\/\/www.purepeople.com\/article\/tout-le-monde-ne-porte-pas-bruce-willis-dans-son-coeur-ce-celebre-animateur-francais-ne-garde-pas-un-bon-souvenir-de-lacteur_a539606\/1\" rel=\"nofollow noopener\" target=\"_blank\" data-ylk=\"slk:Article original sur Purepeople;elm:context_link;itc:0;sec:content-canvas\" class=\"link \">Article original sur Purepeople<\/a><\/p>\n","protected":false},"excerpt":{"rendered":"Acteur culte pour des millions de fans \u00e0 travers le monde, Bruce Willis ne laisse pourtant pas que&hellip;\n","protected":false},"author":2,"featured_media":195714,"comment_status":"","ping_status":"","sticky":false,"template":"","format":"standard","meta":{"footnotes":""},"categories":[1359],"tags":[4422,5410,58,59,1011,27,973,33459,9004],"class_list":{"0":"post-195713","1":"post","2":"type-post","3":"status-publish","4":"format-standard","5":"has-post-thumbnail","7":"category-people","8":"tag-bruce-willis","9":"tag-christophe-beaugrand","10":"tag-divertissement","11":"tag-entertainment","12":"tag-fr","13":"tag-france","14":"tag-people","15":"tag-tele-2-semaines","16":"tag-travers-le-monde"},"share_on_mastodon":{"url":"https:\/\/pubeurope.com\/@fr\/114726753075153595","error":""},"_links":{"self":[{"href":"https:\/\/www.europesays.com\/fr\/wp-json\/wp\/v2\/posts\/195713","targetHints":{"allow":["GET"]}}],"collection":[{"href":"https:\/\/www.europesays.com\/fr\/wp-json\/wp\/v2\/posts"}],"about":[{"href":"https:\/\/www.europesays.com\/fr\/wp-json\/wp\/v2\/types\/post"}],"author":[{"embeddable":true,"href":"https:\/\/www.europesays.com\/fr\/wp-json\/wp\/v2\/users\/2"}],"replies":[{"embeddable":true,"href":"https:\/\/www.europesays.com\/fr\/wp-json\/wp\/v2\/comments?post=195713"}],"version-history":[{"count":0,"href":"https:\/\/www.europesays.com\/fr\/wp-json\/wp\/v2\/posts\/195713\/revisions"}],"wp:featuredmedia":[{"embeddable":true,"href":"https:\/\/www.europesays.com\/fr\/wp-json\/wp\/v2\/media\/195714"}],"wp:attachment":[{"href":"https:\/\/www.europesays.com\/fr\/wp-json\/wp\/v2\/media?parent=195713"}],"wp:term":[{"taxonomy":"category","embeddable":true,"href":"https:\/\/www.europesays.com\/fr\/wp-json\/wp\/v2\/categories?post=195713"},{"taxonomy":"post_tag","embeddable":true,"href":"https:\/\/www.europesays.com\/fr\/wp-json\/wp\/v2\/tags?post=195713"}],"curies":[{"name":"wp","href":"https:\/\/api.w.org\/{rel}","templated":true}]}}