{"id":195715,"date":"2025-06-22T11:21:10","date_gmt":"2025-06-22T11:21:10","guid":{"rendered":"https:\/\/www.europesays.com\/fr\/195715\/"},"modified":"2025-06-22T11:21:10","modified_gmt":"2025-06-22T11:21:10","slug":"on-est-tres-loin-de-lart-contemporain-commercial-les-arts-singuliers-plurielles-investissent-la-maison-du-patrimoine-de-tusson","status":"publish","type":"post","link":"https:\/\/www.europesays.com\/fr\/195715\/","title":{"rendered":"\u00ab\u00a0On est tr\u00e8s loin de l\u2019art contemporain commercial\u00a0\u00bb: Les arts singuliers Pluri\u2019Elles investissent la maison du patrimoine de Tusson"},"content":{"rendered":"<p>Ses dessins tr\u00e8s graphiques, d\u2019o\u00f9 s\u2019\u00e9chappent parfois des visages, elle les trace au feutre noir ou aux crayons de couleur, minutieusement, \u00ab\u00a0mais sans jamais savoir ce que je vais faire avant\u00a0\u00bb, glisse Laurence Gratz, l\u2019une des 17 artistes de l\u2019exposition \u00ab\u00a0Arts singuliers Pluri\u2019Elles\u00a0\u00bb qui d\u00e9marre ce mardi 24\u00a0juin \u00e0 la maison du patrimoine \u00e0 <a href=\"https:\/\/www.tusson.fr\/\" target=\"_blank\" rel=\"nofollow noopener\">Tusson<\/a> (1).<\/p>\n<p>Avec un prisme affirm&#8230;<\/p>\n<p>Ses dessins tr\u00e8s graphiques, d\u2019o\u00f9 s\u2019\u00e9chappent parfois des visages, elle les trace au feutre noir ou aux crayons de couleur, minutieusement, \u00ab\u00a0mais sans jamais savoir ce que je vais faire avant\u00a0\u00bb, glisse Laurence Gratz, l\u2019une des 17 artistes de l\u2019exposition \u00ab\u00a0Arts singuliers Pluri\u2019Elles\u00a0\u00bb qui d\u00e9marre ce mardi 24\u00a0juin \u00e0 la maison du patrimoine \u00e0 <a href=\"https:\/\/www.tusson.fr\/\" target=\"_blank\" rel=\"nofollow noopener\">Tusson<\/a> (1).<\/p>\n<p>Avec un prisme affirm\u00e9\u00a0: \u00ab\u00a0Pour cette premi\u00e8re exposition, on n\u2019expose que des femmes\u00a0\u00bb, lance Jo\u00ebl Breton, pr\u00e9sident de l\u2019association <a href=\"https:\/\/www.maison-marguerites.org\/\" target=\"_blank\" rel=\"nofollow noopener\">Maison Marguerites<\/a>, fond\u00e9e cette ann\u00e9e, qui r\u00e9unit le village de Tusson, la communaut\u00e9 de communes Coeur-de-Charente et des coll\u00e8ges d\u2019artistes et de la soci\u00e9t\u00e9 civile. Soit une cinquantaine d\u2019adh\u00e9rents qui ont \u00e0 c\u0153ur de mettre en valeur les arts singuliers, ce mouvement regroupant des artistes autodidactes, dans la lign\u00e9e de l\u2019art brut. \u00ab\u00a0Des artistes qui ont en commun de n\u2019avoir jamais pris de cours ni fait d\u2019\u00e9coles d\u2019art\u00a0\u00bb<\/p>\n<blockquote><p>\u00ab\u00a0Tusson constitue un \u00e9crin id\u00e9al pour ces cr\u00e9ations, tr\u00e8s loin de l\u2019art contemporain commercial.\u00a0\u00bb<\/p><\/blockquote>\n<p>Un nouveau pari ambitieux \u00ab\u00a0pour faire vivre la maison du patrimoine et dynamiser le territoire\u00a0\u00bb, dit le maire de Tusson Eric Bouchet, qui avait d\u00e9j\u00e0 ouvert les portes du lieu aux arts singuliers avec l\u2019exposition <a href=\"https:\/\/www.charentelibre.fr\/charente\/tusson\/tusson-fait-la-part-belle-aux-arts-singuliers-11505405.php\" target=\"_blank\" rel=\"follow nofollow noopener\">\u00ab\u00a0Improbables\u00a0\u00bb <\/a>en 2022. Une belle opportunit\u00e9 pour Jo\u00ebl Breton, ancien directeur de La Pal\u00e8ne \u00e0 Rouillac et f\u00e9ru d\u2019arts plastiques qui les avait int\u00e9gr\u00e9s au festival des <a href=\"https:\/\/www.charentelibre.fr\/charente\/douzat\/douzat-les-sarabandes-fetent-les-arts-plastiques-15679279.php\" target=\"_blank\" rel=\"follow nofollow noopener\">Sarabandes <\/a>ces quinze derni\u00e8res ann\u00e9es, avant son d\u00e9part \u00e0 la retraite et une <a href=\"https:\/\/www.charentelibre.fr\/culture-et-loisirs\/rouillacais-quatre-soirees-estivales-pour-renouveler-les-sarabandes-24549059.php\" target=\"_blank\" rel=\"follow nofollow noopener\">nouvelle formule<\/a> centr\u00e9e sur le spectacle vivant.<\/p>\n<p>        <img decoding=\"async\" id=\"24838675\" src=\"https:\/\/www.europesays.com\/fr\/wp-content\/uploads\/2025\/06\/q-petit-250611-024.jpg\" alt=\"Les tableaux d\u2019Ad\u00e8le Bessy, \u00e0 l\u2019univers m\u00e9di\u00e9val, ressemblent \u00e0 des tapisseries.\" itemprop=\"contentURL\"\/><\/p>\n<p>    Les tableaux d\u2019Ad\u00e8le Bessy, \u00e0 l\u2019univers m\u00e9di\u00e9val, ressemblent \u00e0 des tapisseries.<\/p>\n<p>Quentin Petit<\/p>\n<p>\u00ab\u00a0Il y avait une demande des artistes, du public et de b\u00e9n\u00e9voles pour poursuivre cette aventure. Avec son histoire, ses artistes et d\u2019artisans d\u2019art et ce lieu patrimonial, Tusson constitue un \u00e9crin id\u00e9al pour ces cr\u00e9ations, tr\u00e8s loin de l\u2019art contemporain commercial. Il y a ici une vraie magie\u00a0\u00bb, souligne Jo\u00ebl Breton, qui, avec son \u00e9quipe, a essaim\u00e9 les \u0153uvres des 17 artistes, du petit au grand format, sur les trois \u00e9tages de la maison du patrimoine, mais aussi dans les granges autour et dans le jardin m\u00e9di\u00e9val de la commune \u00e0 l\u2019arri\u00e8re.<\/p>\n<p>Artistes renomm\u00e9es et novices<\/p>\n<p>Des artistes de toutes g\u00e9n\u00e9rations, venant de toute la France, dont certaines ont d\u00e9j\u00e0 expos\u00e9 aux Sarabandes, telle Laurence Gratz. O\u00f9 Evelyne Postic, qui expose dans le monde entier et vient de d\u00e9crocher le Grand Prix Heralbony \u00e0 Tokyo, c\u00f4toie Danielle Comp\u00e8re, qui n\u2019avait jamais expos\u00e9 de sa vie. \u00ab\u00a0Une artiste de Haute-Vienne de 75\u00a0ans qui s\u2019est mise \u00e0 cr\u00e9er sur le tard\u00a0\u00bb, dit Jo\u00ebl Breton, en montrant ses tableaux color\u00e9s, c\u00e9ramiques sur siporex ou suremballages, \u00ab\u00a0o\u00f9 elle raconte ses souvenirs d\u2019enfance\u00a0\u00bb.<\/p>\n<p>    La r\u00e9daction vous conseille<\/p>\n<p>Des \u0153uvres qui dialoguent avec celles, brut de brut, de Val\u00e9rie Vincent, qui commence toujours par coudre le cadre \u00e0 la main. \u00ab\u00a0Une ancienne couturi\u00e8re dont les parents fabriquaient des parasols \u00e0 Paris et qui n\u2019a expos\u00e9 qu\u2019une seule fois\u00a0\u00bb.<\/p>\n<p>Dans la pi\u00e8ce voisine, il faut s\u2019approcher tout pr\u00e8s des \u0153uvres d\u2019Ad\u00e8le Bessy, dont la t\u00eate est \u00ab\u00a0un r\u00e9servoir rempli d\u2019histoires\u00a0\u00bb, pour r\u00e9aliser que cette tapisserie m\u00e9di\u00e9vale est en fait un tableau. \u00ab\u00a0Des t\u00e2ches de couleur qu\u2019elle balance sur la toile sans avoir une id\u00e9e de ce qu\u2019elle va faire\u00a0\u00bb, d\u00e9taille Jo\u00ebl Breton, impressionn\u00e9 par cet univers m\u00e9di\u00e9val o\u00f9 on se perd dans de multiples d\u00e9tails, \u00ab\u00a0un peu comme dans les tableaux de J\u00e9r\u00f4me Bosch.\u00a0\u00bb<\/p>\n<p>(1) Du 24\u00a0juin au 21\u00a0septembre \u00e0 la maison du patrimoine, 4 route d\u2019Aigre \u00e0 Tusson. Ouvert mardi de 14h30 \u00e0 18h et du mercredi au dimanche de 10h \u00e0 12h30 et de 14h30 \u00e0 19h jusqu\u2019au 31\u00a0ao\u00fbt. Entr\u00e9e libre.<\/p>\n<p>    Des temps forts cet \u00e9t\u00e9 autour de l\u2019exposition<br \/>\nOuverte d\u00e8s ce 24\u00a0juin, l\u2019exposition \u00ab\u00a0Arts singuliers Pluri\u2019Elles\u00a0\u00bb sera r\u00e9serv\u00e9e aux habitants de la commune le mardi 1er\u00a0juillet \u00e0 18h avant le vernissage, pr\u00e9vu le 4\u00a0juillet \u00e0 18h30, qui sera suivi d\u2019un concert de Joao \u00e0 20h30. Mercredi 16\u00a0juillet \u00e0 18h, l\u2019artiste autodidacte Christine Magne et le po\u00e8te, critique d\u2019art et commissaire d\u2019exposition Christian Noorbergen animeront un \u00e9change Le temps des palabres. Vendredi 25\u00a0juillet, une visite de l\u2019exposition est propos\u00e9e \u00e0 18h avant une pause repas \u00e0 19h30 et des Flaneries aux heures bleues de 21h \u00e0 minuit. Une d\u00e9ambulation artistique avec Alain Schneider (chanteur), le Groupe Konserv, La Chorale des Petits Chanteurs \u00e0 la Gueule de Bois et les Lectures de Didier, Chantal, Christine etc. (sur r\u00e9servation\u00a0\u00e0 asso@maison-marguerites.org, payant). Vendredi 8\u00a0ao\u00fbt, \u00e0 partir de 14h30, une rencontre est propos\u00e9e avec les artistes, avant une performance de Blouet \u00e0 18h30. Vendredi 22\u00a0ao\u00fbt, de 21h \u00e0 minuit, visite en nocturne de l\u2019exposition (pensez \u00e0 vous munir d\u2019une lampe de poche ou d\u2019une frontale) pour d\u00e9couvrir les \u0153uvres sous un autre jour.<\/p>\n","protected":false},"excerpt":{"rendered":"Ses dessins tr\u00e8s graphiques, d\u2019o\u00f9 s\u2019\u00e9chappent parfois des visages, elle les trace au feutre noir ou aux crayons&hellip;\n","protected":false},"author":2,"featured_media":195716,"comment_status":"","ping_status":"","sticky":false,"template":"","format":"standard","meta":{"footnotes":""},"categories":[1358],"tags":[1348,1384,1385,1386,58,59,1011,27],"class_list":{"0":"post-195715","1":"post","2":"type-post","3":"status-publish","4":"format-standard","5":"has-post-thumbnail","7":"category-arts-et-design","8":"tag-arts","9":"tag-arts-and-design","10":"tag-arts-et-design","11":"tag-design","12":"tag-divertissement","13":"tag-entertainment","14":"tag-fr","15":"tag-france"},"share_on_mastodon":{"url":"https:\/\/pubeurope.com\/@fr\/114726757066609596","error":""},"_links":{"self":[{"href":"https:\/\/www.europesays.com\/fr\/wp-json\/wp\/v2\/posts\/195715","targetHints":{"allow":["GET"]}}],"collection":[{"href":"https:\/\/www.europesays.com\/fr\/wp-json\/wp\/v2\/posts"}],"about":[{"href":"https:\/\/www.europesays.com\/fr\/wp-json\/wp\/v2\/types\/post"}],"author":[{"embeddable":true,"href":"https:\/\/www.europesays.com\/fr\/wp-json\/wp\/v2\/users\/2"}],"replies":[{"embeddable":true,"href":"https:\/\/www.europesays.com\/fr\/wp-json\/wp\/v2\/comments?post=195715"}],"version-history":[{"count":0,"href":"https:\/\/www.europesays.com\/fr\/wp-json\/wp\/v2\/posts\/195715\/revisions"}],"wp:featuredmedia":[{"embeddable":true,"href":"https:\/\/www.europesays.com\/fr\/wp-json\/wp\/v2\/media\/195716"}],"wp:attachment":[{"href":"https:\/\/www.europesays.com\/fr\/wp-json\/wp\/v2\/media?parent=195715"}],"wp:term":[{"taxonomy":"category","embeddable":true,"href":"https:\/\/www.europesays.com\/fr\/wp-json\/wp\/v2\/categories?post=195715"},{"taxonomy":"post_tag","embeddable":true,"href":"https:\/\/www.europesays.com\/fr\/wp-json\/wp\/v2\/tags?post=195715"}],"curies":[{"name":"wp","href":"https:\/\/api.w.org\/{rel}","templated":true}]}}