{"id":195727,"date":"2025-06-22T11:27:12","date_gmt":"2025-06-22T11:27:12","guid":{"rendered":"https:\/\/www.europesays.com\/fr\/195727\/"},"modified":"2025-06-22T11:27:12","modified_gmt":"2025-06-22T11:27:12","slug":"chelsea-sactive-pour-kolo-muani-lyon-et-nice-sur-un-defenseur-de-manchester-city-les-6-infos-mercato-de-ce-dimanche","status":"publish","type":"post","link":"https:\/\/www.europesays.com\/fr\/195727\/","title":{"rendered":"Chelsea s\u2019active pour Kolo Muani, Lyon et Nice sur un d\u00e9fenseur de Manchester City&#8230; Les 6\u00a0infos mercato de ce dimanche"},"content":{"rendered":"<p>L\u2019avenir ind\u00e9cis de Kolo Muani, Juma Bah entre l\u2019OL et Nice ou la Juventus et Naples qui songent \u00e0 Sancho\u00a0: retrouvez toutes les infos du mercato football de ce dimanche 22 juin 2025.<\/p>\n<p>PSG\u00a0: Kolo Muani entre la Juventus et l\u2019Angleterre<\/p>\n<p class=\"fig-paragraph\">Pr\u00eat\u00e9 \u00e0 la Juventus depuis l\u2019hiver dernier, Randal Kolo Muani pourrait y rester un an de plus. Le Paris Saint-Germain, qui pr\u00e9f\u00e9rerait vendre son attaquant, demeure en pourparlers avec la Juve selon\u00a0<a href=\"https:\/\/www.lequipe.fr\/Football\/Article\/Randal-kolo-muani-la-coupe-du-monde-des-clubs-avant-un-ete-agite\/1571983\" target=\"_blank\" rel=\"nofollow noopener\" data-gtm-custom-categorie=\"navigation\" data-gtm-custom-action=\"crossclick\" data-gtm-custom-label=\"Contextuel\" data-gtm-event=\"customEventSPE\">L\u2019\u00c9quipe<\/a> . Le club turinois, avec qui le vice-champion du monde fran\u00e7ais\u00a0<a href=\"http:\/\/www.lefigaro.fr\/sports\/football\/coupe-du-monde-des-clubs-la-juventus-de-kolo-muani-ecrase-al-ain-20250619\" data-fig-type=\"NewsFlash\" data-gtm-custom-categorie=\"navigation\" data-gtm-custom-action=\"crossclick\" data-gtm-custom-label=\"Contextuel\" data-gtm-event=\"customEventSPE\" data-fig-domain=\"LEFIGARO\" target=\"_blank\" rel=\"noopener\">dispute la Coupe du monde des clubs<\/a>, n\u00e9gocie un nouveau pr\u00eat payant avec option d\u2019achat.<\/p>\n<p class=\"fig-paragraph\">Mais la concurrence pourrait \u00eatre plus rude que pr\u00e9vu. Chelsea aurait aussi pris contact avec le PSG, o\u00f9 Kolo Muani (26 ans) est sous contrat jusqu\u2019en 2028. Manchester United suivrait le dossier de plus loin. L\u2019ancien Nantais a inscrit 10 buts en 19 matches avec la Juventus.<\/p>\n<p class=\"fig-paragraph\"><strong>\u00c0 VOIR AUSSI \u2013 <\/strong>Le dernier but de Kolo Muani en Serie\u00a0A, contre la Lazio Rome le 10 mai dernier (1-1)<\/p>\n<p>Lyon et Nice bataillent pour Bah<\/p>\n<p class=\"fig-paragraph\">Sauf surprise, Juma Bah poursuivra sa carri\u00e8re en Ligue\u00a01. Reste \u00e0 savoir o\u00f9. Manchester City avait achet\u00e9 ce d\u00e9fenseur de 19 ans pour 6\u00a0M\u20ac en janvier dernier, et l\u2019avait pr\u00eat\u00e9 au RC Lens dans la foul\u00e9e. Ses performances (10 matches, 8 titularisations) ont convaincu l\u2019Olympique Lyonnais, qui a n\u00e9goci\u00e9 son pr\u00eat au moment\u00a0<a href=\"http:\/\/www.lefigaro.fr\/sports\/football\/transferts\/mercato-rayan-cherki-officiellement-citizen-20250610\" data-fig-type=\"NewsFlash\" data-gtm-custom-categorie=\"navigation\" data-gtm-custom-action=\"crossclick\" data-gtm-custom-label=\"Contextuel\" data-gtm-event=\"customEventSPE\" data-fig-domain=\"LEFIGARO\" target=\"_blank\" rel=\"noopener\">de vendre Rayan Cherki aux Citizens<\/a>\u00a0comme le rapporte\u00a0<a href=\"https:\/\/www.lequipe.fr\/Football\/Actualites\/Mercato-juma-bah-en-pole-pour-etre-prete-a-l-ol-par-manchester-city\/1571751\" target=\"_blank\" rel=\"nofollow noopener\" data-gtm-custom-categorie=\"navigation\" data-gtm-custom-action=\"crossclick\" data-gtm-custom-label=\"Contextuel\" data-gtm-event=\"customEventSPE\">L\u2019\u00c9quipe<\/a> .<\/p>\n<p class=\"fig-paragraph\">Dossier boucl\u00e9\u00a0? Pas selon le r\u00e9put\u00e9 journaliste Fabrizio Romano. L\u2019OGC Nice serait aussi client, et ce serait \u00e0 Bah, international pour l\u2019\u00e9quipe de Sierra Leone, de choisir entre les deux clubs fran\u00e7ais. Les Aiglons devront passer deux tours de qualification pour participer \u00e0 la prochaine Ligue des champions, alors que l\u2019OL\u00a0<a href=\"http:\/\/www.lefigaro.fr\/sports\/football\/ligue-europa\/ol-bonne-nouvelle-pour-les-gones-autorises-a-jouer-la-ligue-europa-20250528\" data-fig-type=\"NewsFlash\" data-gtm-custom-categorie=\"navigation\" data-gtm-custom-action=\"crossclick\" data-gtm-custom-label=\"Contextuel\" data-gtm-event=\"customEventSPE\" data-fig-domain=\"LEFIGARO\" target=\"_blank\" rel=\"noopener\">est assur\u00e9 de jouer la Ligue Europa<\/a>.<\/p>\n<p>La Juve et Naples en pincent pour Sancho (Manchester United)<\/p>\n<p class=\"fig-paragraph\">O\u00f9 rebondira Jadon Sancho\u00a0? \u00c0 un an de la fin de son contrat, l\u2019ailier anglais de 25 ans est proche d\u2019un d\u00e9part d\u00e9finitif de Manchester United. Il sort d\u2019une saison en pr\u00eat \u00e0 Chelsea o\u00f9 il a contribu\u00e9 (42 matches, 5 buts, 8 passes d\u00e9cisives)\u00a0<a href=\"http:\/\/www.lefigaro.fr\/sports\/football\/ligue-europa\/ligue-conference-chelsea-renverse-le-betis-seville-et-entre-dans-l-histoire-des-coupes-d-europe-20250528\" data-fig-type=\"NewsFlash\" data-gtm-custom-categorie=\"navigation\" data-gtm-custom-action=\"crossclick\" data-gtm-custom-label=\"Contextuel\" data-gtm-event=\"customEventSPE\" data-fig-domain=\"LEFIGARO\" target=\"_blank\" rel=\"noopener\">\u00e0 un sacre en Ligue Conf\u00e9rence<\/a>\u00a0et \u00e0 une 4e place en Premier League. Sky Sports r\u00e9v\u00e8le que la Juventus et Naples, champion d\u2019Italie, sont int\u00e9ress\u00e9s par son cas. Sancho avait \u00e9t\u00e9 achet\u00e9 pour 85\u00a0M\u20ac \u00e0 Dortmund en 2021 mais n\u2019a jamais affich\u00e9 son meilleur niveau \u00e0 Manchester United.<\/p>\n<p>Un ex-international fran\u00e7ais \u00e0 Cannes\u00a0?<\/p>\n<p class=\"fig-paragraph\">C\u2019est une recrue de prestige sur laquelle travaille l\u2019AS Cannes. D\u2019apr\u00e8s\u00a0<a href=\"https:\/\/rmcsport.bfmtv.com\/football\/transferts\/mercato-l-as-cannes-en-discussion-avec-sebastien-corchia_AP-202506200606.html\" target=\"_blank\" rel=\"nofollow noopener\" data-gtm-custom-categorie=\"navigation\" data-gtm-custom-action=\"crossclick\" data-gtm-custom-label=\"Contextuel\" data-gtm-event=\"customEventSPE\">RMC Sport<\/a>, le demi-finaliste de la derni\u00e8re Coupe de France cherche \u00e0 attirer S\u00e9bastien Corchia, ex-international fran\u00e7ais (une s\u00e9lection en 2016). Pass\u00e9 par Sochaux, Lille, Nantes, S\u00e9ville ou Benfica, le lat\u00e9ral droit de 34 ans est en fin de contrat \u00e0 Amiens, avec qui il \u00e9tait encore titulaire en Ligue\u00a02. Cannes s\u2019est class\u00e9 2e de National\u00a02 (quatri\u00e8me \u00e9chelon), \u00e9chouant \u00e0 quatre points de la mont\u00e9e.<\/p>\n<p>Nuno Espirito Santo prolonge \u00e0 Nottingham (officiel)<\/p>\n<p class=\"fig-paragraph\">Nottingham Forest a annonc\u00e9 samedi la prolongation de contrat de son entra\u00eeneur, Nuno Espirito Santo. Le Portugais de 51 ans y est d\u00e9sormais li\u00e9 jusqu\u2019en 2028. Arriv\u00e9 au club il y a un an et demi, il a guid\u00e9 Forest vers une belle 7e place en Premier League et une qualification pour les barrages de la Ligue Conf\u00e9rence, apr\u00e8s avoir longtemps cru \u00e0 la Ligue des champions.<\/p>\n<p>Le directeur sportif du Bar\u00e7a confirme la rumeur Nico Williams<\/p>\n<p class=\"fig-paragraph\">\u00abOui, Nico Williams veut venir&#8230; et nous allons essayer\u00bb, a confi\u00e9 sans d\u00e9tour Deco ce dimanche au m\u00e9dia catalan\u00a0<a href=\"https:\/\/www.lavanguardia.com\/deportes\/fc-barcelona\/20250622\/10813933\/deco-nico-lleva-lamine-mejor-esto-club-amigos.html\" target=\"_blank\" rel=\"nofollow noopener\" data-gtm-custom-categorie=\"navigation\" data-gtm-custom-action=\"crossclick\" data-gtm-custom-label=\"Contextuel\" data-gtm-event=\"customEventSPE\">La Vanguardia.\u00a0<\/a> \u00abDans son cas, il a une clause. Nous nous sommes r\u00e9unis avec son agent pour savoir ce que le joueur veut et \u00e0 partir de l\u00e0, on va voir si c\u2019est possible\u00a0\u00bb, a-t-il ajout\u00e9. Face \u00e0 l\u2019intransigeance des dirigeants de l\u2019Athletic Bilbao, il faudra se montrer convaincant. Ils ne r\u00e9clament pas moins de 60 millions d\u2019euros, soit\u00a0<a href=\"http:\/\/www.lefigaro.fr\/sports\/football\/transferts\/mercato-oui-nico-williams-veut-venir-et-nous-allons-essayer-confirme-le-directeur-sportif-du-barca-20250622\" data-fig-type=\"NewsFlash\" data-gtm-custom-categorie=\"navigation\" data-gtm-custom-action=\"crossclick\" data-gtm-custom-label=\"Contextuel\" data-gtm-event=\"customEventSPE\" data-fig-domain=\"LEFIGARO\" target=\"_blank\" rel=\"noopener\">le montant de sa clause lib\u00e9ratoire<\/a>.<\/p>\n","protected":false},"excerpt":{"rendered":"L\u2019avenir ind\u00e9cis de Kolo Muani, Juma Bah entre l\u2019OL et Nice ou la Juventus et Naples qui songent&hellip;\n","protected":false},"author":2,"featured_media":195728,"comment_status":"","ping_status":"","sticky":false,"template":"","format":"standard","meta":{"footnotes":""},"categories":[9],"tags":[69,2261,63,1011,27,33460,3309,6201,453,66,446,1434,70,7157,67,60,969,10662],"class_list":{"0":"post-195727","1":"post","2":"type-post","3":"status-publish","4":"format-standard","5":"has-post-thumbnail","7":"category-sports","8":"tag-bundesliga","9":"tag-calcio","10":"tag-football","11":"tag-fr","12":"tag-france","13":"tag-jadon-sancho","14":"tag-l1","15":"tag-l2","16":"tag-liga","17":"tag-ligue-1","18":"tag-ligue-2","19":"tag-mercato","20":"tag-premier-league","21":"tag-randal-kolo-muani","22":"tag-serie-a","23":"tag-sports","24":"tag-transfert","25":"tag-transferts"},"share_on_mastodon":{"url":"https:\/\/pubeurope.com\/@fr\/114726780437321562","error":""},"_links":{"self":[{"href":"https:\/\/www.europesays.com\/fr\/wp-json\/wp\/v2\/posts\/195727","targetHints":{"allow":["GET"]}}],"collection":[{"href":"https:\/\/www.europesays.com\/fr\/wp-json\/wp\/v2\/posts"}],"about":[{"href":"https:\/\/www.europesays.com\/fr\/wp-json\/wp\/v2\/types\/post"}],"author":[{"embeddable":true,"href":"https:\/\/www.europesays.com\/fr\/wp-json\/wp\/v2\/users\/2"}],"replies":[{"embeddable":true,"href":"https:\/\/www.europesays.com\/fr\/wp-json\/wp\/v2\/comments?post=195727"}],"version-history":[{"count":0,"href":"https:\/\/www.europesays.com\/fr\/wp-json\/wp\/v2\/posts\/195727\/revisions"}],"wp:featuredmedia":[{"embeddable":true,"href":"https:\/\/www.europesays.com\/fr\/wp-json\/wp\/v2\/media\/195728"}],"wp:attachment":[{"href":"https:\/\/www.europesays.com\/fr\/wp-json\/wp\/v2\/media?parent=195727"}],"wp:term":[{"taxonomy":"category","embeddable":true,"href":"https:\/\/www.europesays.com\/fr\/wp-json\/wp\/v2\/categories?post=195727"},{"taxonomy":"post_tag","embeddable":true,"href":"https:\/\/www.europesays.com\/fr\/wp-json\/wp\/v2\/tags?post=195727"}],"curies":[{"name":"wp","href":"https:\/\/api.w.org\/{rel}","templated":true}]}}